{"id":144026,"date":"2025-04-24T12:34:28","date_gmt":"2025-04-24T15:34:28","guid":{"rendered":" https:\/\/goias.gov.br\/policiacivil\/?p=144026"},"modified":"2025-04-24T12:34:28","modified_gmt":"2025-04-24T15:34:28","slug":"renorcrim-pcgo-prende-trio-investigado-por-trafico-de-drogas","status":"publish","type":"post","link":"https:\/\/goias.gov.br\/policiacivil\/renorcrim-pcgo-prende-trio-investigado-por-trafico-de-drogas\/","title":{"rendered":"\u2018Renorcrim\u2019: PCGO prende trio investigado por tr\u00e1fico de drogas"},"content":{"rendered":"<p style=\"text-align: justify;\"><img fetchpriority=\"high\" decoding=\"async\" class=\"size-medium wp-image-144029 alignleft\" src=\" https:\/\/goias.gov.br\/policiacivil\/wp-content\/uploads\/sites\/71\/2025\/04\/\u2018Renorcrim-PCGO-prende-trio-investigado-por-trafico-de-drogas-1-375x500.jpeg\" alt=\"\u2018Renorcrim\u2019: PCGO prende trio investigado por tr\u00e1fico de drogas\" width=\"375\" height=\"500\" srcset=\"https:\/\/goias.gov.br\/policiacivil\/wp-content\/uploads\/sites\/71\/2025\/04\/\u2018Renorcrim-PCGO-prende-trio-investigado-por-trafico-de-drogas-1-375x500.jpeg 375w, https:\/\/goias.gov.br\/policiacivil\/wp-content\/uploads\/sites\/71\/2025\/04\/\u2018Renorcrim-PCGO-prende-trio-investigado-por-trafico-de-drogas-1-801x1068.jpeg 801w, https:\/\/goias.gov.br\/policiacivil\/wp-content\/uploads\/sites\/71\/2025\/04\/\u2018Renorcrim-PCGO-prende-trio-investigado-por-trafico-de-drogas-1-768x1024.jpeg 768w, https:\/\/goias.gov.br\/policiacivil\/wp-content\/uploads\/sites\/71\/2025\/04\/\u2018Renorcrim-PCGO-prende-trio-investigado-por-trafico-de-drogas-1.jpeg 900w\" sizes=\"(max-width: 375px) 100vw, 375px\" \/>A Pol\u00edcia Civil de Goi\u00e1s (PCGO), por meio da Delegacia Estadual de Repress\u00e3o \u00e0s A\u00e7\u00f5es Criminosas Organizadas (Draco), deflagrou, na manh\u00e3 desta quinta-feira (24), a 2\u00aa fase da Opera\u00e7\u00e3o Renorcrim com o objetivo de cumprir tr\u00eas mandados de pris\u00e3o e cinco mandados de busca e apreens\u00e3o em Goi\u00e2nia e Regi\u00e3o Metropolitana em desfavor de uma organiza\u00e7\u00e3o criminosa voltada para o tr\u00e1fico de drogas em Goi\u00e1s.<\/p>\n<p style=\"text-align: justify;\">De acordo com as investiga\u00e7\u00f5es, os membros da organiza\u00e7\u00e3o agem com extrema trucul\u00eancia para domina\u00e7\u00e3o dos pontos de drogas e sufocamento de eventuais rivais.<\/p>\n<p style=\"text-align: justify;\">\u27a1\ufe0f A PCGO lan\u00e7ou uma s\u00e9rie de a\u00e7\u00f5es de repress\u00e3o como parte da 2\u00aa Opera\u00e7\u00e3o Renorcrim, uma iniciativa nacional de combate \u00e0s organiza\u00e7\u00f5es criminosas. A a\u00e7\u00e3o mobiliza a Rede Nacional de Unidades Especializadas de Enfrentamento das Organiza\u00e7\u00f5es Criminosas (Renorcrim) para desmantelar redes criminosas em todo o Brasil.<\/p>\n","protected":false},"excerpt":{"rendered":"<p>A Pol\u00edcia Civil de Goi\u00e1s (PCGO), por meio da Delegacia Estadual de Repress\u00e3o \u00e0s A\u00e7\u00f5es Criminosas Organizadas (Draco), deflagrou, na manh\u00e3 desta quinta-feira (24), a 2\u00aa fase da Opera\u00e7\u00e3o Renorcrim com o objetivo de cumprir tr\u00eas mandados de pris\u00e3o e cinco mandados de busca e apreens\u00e3o em Goi\u00e2nia e Regi\u00e3o Metropolitana em desfavor de uma [&hellip;]<\/p>\n","protected":false},"author":42,"featured_media":144027,"comment_status":"closed","ping_status":"closed","sticky":false,"template":"","format":"standard","meta":{"footnotes":""},"categories":[2538,92,537],"tags":[3574],"class_list":["post-144026","post","type-post","status-publish","format-standard","has-post-thumbnail","hentry","category-delegacias","category-especializadas","category-ultimo-segundo","tag-draco"],"rttpg_featured_image_url":{"full":["https:\/\/goias.gov.br\/policiacivil\/wp-content\/uploads\/sites\/71\/2025\/04\/\u2018Renorcrim-PCGO-prende-trio-investigado-por-trafico-de-drogas.png",1200,675,false],"landscape":["https:\/\/goias.gov.br\/policiacivil\/wp-content\/uploads\/sites\/71\/2025\/04\/\u2018Renorcrim-PCGO-prende-trio-investigado-por-trafico-de-drogas.png",1200,675,false],"portraits":["https:\/\/goias.gov.br\/policiacivil\/wp-content\/uploads\/sites\/71\/2025\/04\/\u2018Renorcrim-PCGO-prende-trio-investigado-por-trafico-de-drogas.png",1200,675,false],"thumbnail":["https:\/\/goias.gov.br\/policiacivil\/wp-content\/uploads\/sites\/71\/2025\/04\/\u2018Renorcrim-PCGO-prende-trio-investigado-por-trafico-de-drogas-300x300.png",150,150,true],"medium":["https:\/\/goias.gov.br\/policiacivil\/wp-content\/uploads\/sites\/71\/2025\/04\/\u2018Renorcrim-PCGO-prende-trio-investigado-por-trafico-de-drogas-500x281.png",300,169,true],"large":["https:\/\/goias.gov.br\/policiacivil\/wp-content\/uploads\/sites\/71\/2025\/04\/\u2018Renorcrim-PCGO-prende-trio-investigado-por-trafico-de-drogas-1068x601.png",1024,576,true],"1536x1536":["https:\/\/goias.gov.br\/policiacivil\/wp-content\/uploads\/sites\/71\/2025\/04\/\u2018Renorcrim-PCGO-prende-trio-investigado-por-trafico-de-drogas.png",1200,675,false],"2048x2048":["https:\/\/goias.gov.br\/policiacivil\/wp-content\/uploads\/sites\/71\/2025\/04\/\u2018Renorcrim-PCGO-prende-trio-investigado-por-trafico-de-drogas.png",1200,675,false]},"rttpg_author":{"display_name":"carolinalima","author_link":"https:\/\/goias.gov.br\/policiacivil\/author\/carolinalima\/"},"rttpg_comment":0,"rttpg_category":"<a href=\"https:\/\/goias.gov.br\/policiacivil\/categoria\/delegacias\/\" rel=\"category tag\">Delegacias<\/a> <a href=\"https:\/\/goias.gov.br\/policiacivil\/categoria\/delegacias\/especializadas\/\" rel=\"category tag\">Especializadas<\/a> <a href=\"https:\/\/goias.gov.br\/policiacivil\/categoria\/ultimo-segundo\/\" rel=\"category tag\">\u00daltimo Segundo<\/a>","rttpg_excerpt":"A Pol\u00edcia Civil de Goi\u00e1s (PCGO), por meio da Delegacia Estadual de Repress\u00e3o \u00e0s A\u00e7\u00f5es Criminosas Organizadas (Draco), deflagrou, na manh\u00e3 desta quinta-feira (24), a 2\u00aa fase da Opera\u00e7\u00e3o Renorcrim com o objetivo de cumprir tr\u00eas mandados de pris\u00e3o e cinco mandados de busca e apreens\u00e3o em Goi\u00e2nia e Regi\u00e3o Metropolitana em desfavor de uma&hellip;","_links":{"self":[{"href":"https:\/\/goias.gov.br\/policiacivil\/wp-json\/wp\/v2\/posts\/144026","targetHints":{"allow":["GET"]}}],"collection":[{"href":"https:\/\/goias.gov.br\/policiacivil\/wp-json\/wp\/v2\/posts"}],"about":[{"href":"https:\/\/goias.gov.br\/policiacivil\/wp-json\/wp\/v2\/types\/post"}],"author":[{"embeddable":true,"href":"https:\/\/goias.gov.br\/policiacivil\/wp-json\/wp\/v2\/users\/42"}],"replies":[{"embeddable":true,"href":"https:\/\/goias.gov.br\/policiacivil\/wp-json\/wp\/v2\/comments?post=144026"}],"version-history":[{"count":1,"href":"https:\/\/goias.gov.br\/policiacivil\/wp-json\/wp\/v2\/posts\/144026\/revisions"}],"predecessor-version":[{"id":144030,"href":"https:\/\/goias.gov.br\/policiacivil\/wp-json\/wp\/v2\/posts\/144026\/revisions\/144030"}],"wp:featuredmedia":[{"embeddable":true,"href":"https:\/\/goias.gov.br\/policiacivil\/wp-json\/wp\/v2\/media\/144027"}],"wp:attachment":[{"href":"https:\/\/goias.gov.br\/policiacivil\/wp-json\/wp\/v2\/media?parent=144026"}],"wp:term":[{"taxonomy":"category","embeddable":true,"href":"https:\/\/goias.gov.br\/policiacivil\/wp-json\/wp\/v2\/categories?post=144026"},{"taxonomy":"post_tag","embeddable":true,"href":"https:\/\/goias.gov.br\/policiacivil\/wp-json\/wp\/v2\/tags?post=144026"}],"curies":[{"name":"wp","href":"https:\/\/api.w.org\/{rel}","templated":true}]}}