

{"id":143245,"date":"2025-04-05T17:52:39","date_gmt":"2025-04-05T20:52:39","guid":{"rendered":" https:\/\/goias.gov.br\/policiacivil\/?p=143245"},"modified":"2025-04-05T17:52:39","modified_gmt":"2025-04-05T20:52:39","slug":"pcgo-prende-homem-por-ameacar-juiz-e-tentar-coagi-lo-a-mudar-decisoes-judiciais","status":"publish","type":"post","link":"https:\/\/goias.gov.br\/policiacivil\/pcgo-prende-homem-por-ameacar-juiz-e-tentar-coagi-lo-a-mudar-decisoes-judiciais\/","title":{"rendered":"PCGO prende homem por amea\u00e7ar juiz e tentar coagi-lo a mudar decis\u00f5es judiciais"},"content":{"rendered":"<p style=\"text-align: justify;\">A Pol\u00edcia Civil de Goi\u00e1s, por meio da Delegacia de Corumb\u00e1 de Goi\u00e1s e do Grupo Especial de Investiga\u00e7\u00f5es Criminais de An\u00e1polis &#8211; 3\u00aa DRP, prendeu, neste s\u00e1bado (5),\u00a0 um homem, de 53 anos, ap\u00f3s este praticar reiteradas amea\u00e7as em desfavor de um magistrado, a fim de coagi-lo a mudar decis\u00f5es judiciais.<\/p>\n<p style=\"text-align: justify;\">Conforme consta da investiga\u00e7\u00e3o, que foi iniciada por meio de compartilhamento de informa\u00e7\u00f5es com a Divis\u00e3o de Intelig\u00eancia e Seguran\u00e7a Institucional do Tribunal de Justi\u00e7a de Goi\u00e1s, o homem, morador de Alex\u00e2nia, que \u00e9 parte em a\u00e7\u00e3o judicial acerca da propriedade de uma fazenda, passou a amea\u00e7ar serventu\u00e1rios da justi\u00e7a e magistrados, a fim de coagi-los a alterar decis\u00f5es judiciais proferidas em seu desfavor.<\/p>\n<p style=\"text-align: justify;\">J\u00e1 em fase de execu\u00e7\u00e3o de senten\u00e7a, o indiv\u00edduo chegou a comparecer ao f\u00f3rum da cidade de Corumb\u00e1, local onde vinha tramitando o processo, afirmando que daria voz de pris\u00e3o em flagrante ao juiz, caso este n\u00e3o alterasse sua decis\u00e3o, al\u00e9m de proferir amea\u00e7as de invas\u00e3o de propriedade e at\u00e9 de morte.<\/p>\n<p style=\"text-align: justify;\">O inqu\u00e9rito policial j\u00e1 estava em andamento, quando na \u00faltima quinta-feira (3), o homem novamente proferiu amea\u00e7as endere\u00e7adas ao magistrado, e diante dos elementos, a PCGO representou por sua pris\u00e3o definitiva, que foi cumprida, t\u00e3o logo proferida decis\u00e3o favor\u00e1vel.<\/p>\n<p style=\"text-align: justify;\">\n<div id='gallery-1' class='gallery galleryid-143245 gallery-columns-3 gallery-size-thumbnail'><figure class='gallery-item'>\n\t\t\t<div class='gallery-icon portrait'>\n\t\t\t\t<a href='https:\/\/goias.gov.br\/policiacivil\/pcgo-prende-homem-por-ameacar-juiz-e-tentar-coagi-lo-a-mudar-decisoes-judiciais\/whatsapp-image-2025-04-05-at-17-45-52-2\/'><img decoding=\"async\" width=\"150\" height=\"150\" src=\"https:\/\/goias.gov.br\/policiacivil\/wp-content\/uploads\/sites\/71\/2025\/04\/whatsapp-image-2025-04-05-at-17.45.52-2-300x300.jpeg\" class=\"attachment-thumbnail size-thumbnail\" alt=\"PCGO prende homem por amea\u00e7ar juiz e tentar coagi-lo a mudar decis\u00f5es judiciais\" \/><\/a>\n\t\t\t<\/div><\/figure><figure class='gallery-item'>\n\t\t\t<div class='gallery-icon portrait'>\n\t\t\t\t<a href='https:\/\/goias.gov.br\/policiacivil\/pcgo-prende-homem-por-ameacar-juiz-e-tentar-coagi-lo-a-mudar-decisoes-judiciais\/whatsapp-image-2025-04-05-at-17-45-52-1\/'><img decoding=\"async\" width=\"150\" height=\"150\" src=\"https:\/\/goias.gov.br\/policiacivil\/wp-content\/uploads\/sites\/71\/2025\/04\/whatsapp-image-2025-04-05-at-17.45.52-1-300x300.jpeg\" class=\"attachment-thumbnail size-thumbnail\" alt=\"PCGO prende homem por amea\u00e7ar juiz e tentar coagi-lo a mudar decis\u00f5es judiciais\" \/><\/a>\n\t\t\t<\/div><\/figure><figure class='gallery-item'>\n\t\t\t<div class='gallery-icon portrait'>\n\t\t\t\t<a href='https:\/\/goias.gov.br\/policiacivil\/pcgo-prende-homem-por-ameacar-juiz-e-tentar-coagi-lo-a-mudar-decisoes-judiciais\/whatsapp-image-2025-04-05-at-17-45-52\/'><img decoding=\"async\" width=\"150\" height=\"150\" src=\"https:\/\/goias.gov.br\/policiacivil\/wp-content\/uploads\/sites\/71\/2025\/04\/whatsapp-image-2025-04-05-at-17.45.52-300x300.jpeg\" class=\"attachment-thumbnail size-thumbnail\" alt=\"PCGO prende homem por amea\u00e7ar juiz e tentar coagi-lo a mudar decis\u00f5es judiciais\" \/><\/a>\n\t\t\t<\/div><\/figure><figure class='gallery-item'>\n\t\t\t<div class='gallery-icon portrait'>\n\t\t\t\t<a href='https:\/\/goias.gov.br\/policiacivil\/pcgo-prende-homem-por-ameacar-juiz-e-tentar-coagi-lo-a-mudar-decisoes-judiciais\/whatsapp-image-2025-04-05-at-17-45-51-1\/'><img loading=\"lazy\" decoding=\"async\" width=\"150\" height=\"150\" src=\"https:\/\/goias.gov.br\/policiacivil\/wp-content\/uploads\/sites\/71\/2025\/04\/whatsapp-image-2025-04-05-at-17.45.51-1-300x300.jpeg\" class=\"attachment-thumbnail size-thumbnail\" alt=\"PCGO prende homem por amea\u00e7ar juiz e tentar coagi-lo a mudar decis\u00f5es judiciais\" \/><\/a>\n\t\t\t<\/div><\/figure><figure class='gallery-item'>\n\t\t\t<div class='gallery-icon portrait'>\n\t\t\t\t<a href='https:\/\/goias.gov.br\/policiacivil\/pcgo-prende-homem-por-ameacar-juiz-e-tentar-coagi-lo-a-mudar-decisoes-judiciais\/whatsapp-image-2025-04-05-at-17-45-51\/'><img loading=\"lazy\" decoding=\"async\" width=\"150\" height=\"150\" src=\"https:\/\/goias.gov.br\/policiacivil\/wp-content\/uploads\/sites\/71\/2025\/04\/whatsapp-image-2025-04-05-at-17.45.51-300x300.jpeg\" class=\"attachment-thumbnail size-thumbnail\" alt=\"PCGO prende homem por amea\u00e7ar juiz e tentar coagi-lo a mudar decis\u00f5es judiciais\" \/><\/a>\n\t\t\t<\/div><\/figure>\n\t\t<\/div>\n\n","protected":false},"excerpt":{"rendered":"<p>A Pol\u00edcia Civil de Goi\u00e1s, por meio da Delegacia de Corumb\u00e1 de Goi\u00e1s e do Grupo Especial de Investiga\u00e7\u00f5es Criminais de An\u00e1polis &#8211; 3\u00aa DRP, prendeu, neste s\u00e1bado (5),\u00a0 um homem, de 53 anos, ap\u00f3s este praticar reiteradas amea\u00e7as em desfavor de um magistrado, a fim de coagi-lo a mudar decis\u00f5es judiciais. Conforme consta da [&hellip;]<\/p>\n","protected":false},"author":42,"featured_media":143246,"comment_status":"closed","ping_status":"closed","sticky":false,"template":"","format":"standard","meta":{"footnotes":""},"categories":[3190,2538,6069,89],"tags":[1477,31],"class_list":["post-143245","post","type-post","status-publish","format-standard","has-post-thumbnail","hentry","category-3a-regional","category-delegacias","category-noticias-da-policia-civil","category-regionais","tag-3a-drp","tag-anapolis"],"rttpg_featured_image_url":{"full":["https:\/\/goias.gov.br\/policiacivil\/wp-content\/uploads\/sites\/71\/2025\/04\/site-pcgo-4.png",1200,675,false],"landscape":["https:\/\/goias.gov.br\/policiacivil\/wp-content\/uploads\/sites\/71\/2025\/04\/site-pcgo-4.png",1200,675,false],"portraits":["https:\/\/goias.gov.br\/policiacivil\/wp-content\/uploads\/sites\/71\/2025\/04\/site-pcgo-4.png",1200,675,false],"thumbnail":["https:\/\/goias.gov.br\/policiacivil\/wp-content\/uploads\/sites\/71\/2025\/04\/site-pcgo-4-300x300.png",150,150,true],"medium":["https:\/\/goias.gov.br\/policiacivil\/wp-content\/uploads\/sites\/71\/2025\/04\/site-pcgo-4.png",300,169,false],"large":["https:\/\/goias.gov.br\/policiacivil\/wp-content\/uploads\/sites\/71\/2025\/04\/site-pcgo-4.png",1024,576,false],"1536x1536":["https:\/\/goias.gov.br\/policiacivil\/wp-content\/uploads\/sites\/71\/2025\/04\/site-pcgo-4.png",1200,675,false],"2048x2048":["https:\/\/goias.gov.br\/policiacivil\/wp-content\/uploads\/sites\/71\/2025\/04\/site-pcgo-4.png",1200,675,false]},"rttpg_author":{"display_name":"carolinalima","author_link":"https:\/\/goias.gov.br\/policiacivil\/author\/carolinalima\/"},"rttpg_comment":0,"rttpg_category":"<a href=\"https:\/\/goias.gov.br\/policiacivil\/categoria\/drp\/3a-regional\/\" rel=\"category tag\">3\u00aa Regional<\/a> <a href=\"https:\/\/goias.gov.br\/policiacivil\/categoria\/delegacias\/\" rel=\"category tag\">Delegacias<\/a> <a href=\"https:\/\/goias.gov.br\/policiacivil\/categoria\/noticias\/noticias-da-policia-civil\/\" rel=\"category tag\">Not\u00edcias da Pol\u00edcia Civil<\/a> <a href=\"https:\/\/goias.gov.br\/policiacivil\/categoria\/delegacias\/regionais\/\" rel=\"category tag\">Regionais<\/a>","rttpg_excerpt":"A Pol\u00edcia Civil de Goi\u00e1s, por meio da Delegacia de Corumb\u00e1 de Goi\u00e1s e do Grupo Especial de Investiga\u00e7\u00f5es Criminais de An\u00e1polis &#8211; 3\u00aa DRP, prendeu, neste s\u00e1bado (5),\u00a0 um homem, de 53 anos, ap\u00f3s este praticar reiteradas amea\u00e7as em desfavor de um magistrado, a fim de coagi-lo a mudar decis\u00f5es judiciais. Conforme consta da&hellip;","_links":{"self":[{"href":"https:\/\/goias.gov.br\/policiacivil\/wp-json\/wp\/v2\/posts\/143245","targetHints":{"allow":["GET"]}}],"collection":[{"href":"https:\/\/goias.gov.br\/policiacivil\/wp-json\/wp\/v2\/posts"}],"about":[{"href":"https:\/\/goias.gov.br\/policiacivil\/wp-json\/wp\/v2\/types\/post"}],"author":[{"embeddable":true,"href":"https:\/\/goias.gov.br\/policiacivil\/wp-json\/wp\/v2\/users\/42"}],"replies":[{"embeddable":true,"href":"https:\/\/goias.gov.br\/policiacivil\/wp-json\/wp\/v2\/comments?post=143245"}],"version-history":[{"count":1,"href":"https:\/\/goias.gov.br\/policiacivil\/wp-json\/wp\/v2\/posts\/143245\/revisions"}],"predecessor-version":[{"id":143252,"href":"https:\/\/goias.gov.br\/policiacivil\/wp-json\/wp\/v2\/posts\/143245\/revisions\/143252"}],"wp:featuredmedia":[{"embeddable":true,"href":"https:\/\/goias.gov.br\/policiacivil\/wp-json\/wp\/v2\/media\/143246"}],"wp:attachment":[{"href":"https:\/\/goias.gov.br\/policiacivil\/wp-json\/wp\/v2\/media?parent=143245"}],"wp:term":[{"taxonomy":"category","embeddable":true,"href":"https:\/\/goias.gov.br\/policiacivil\/wp-json\/wp\/v2\/categories?post=143245"},{"taxonomy":"post_tag","embeddable":true,"href":"https:\/\/goias.gov.br\/policiacivil\/wp-json\/wp\/v2\/tags?post=143245"}],"curies":[{"name":"wp","href":"https:\/\/api.w.org\/{rel}","templated":true}]}}