

{"id":142999,"date":"2025-04-02T09:44:11","date_gmt":"2025-04-02T12:44:11","guid":{"rendered":" https:\/\/goias.gov.br\/policiacivil\/?p=142999"},"modified":"2025-04-02T09:44:11","modified_gmt":"2025-04-02T12:44:11","slug":"pcgo-prende-advogado-pela-segunda-vez-por-crimes-de-maus-tratos-contra-a-propria-mae-idosa","status":"publish","type":"post","link":"https:\/\/goias.gov.br\/policiacivil\/pcgo-prende-advogado-pela-segunda-vez-por-crimes-de-maus-tratos-contra-a-propria-mae-idosa\/","title":{"rendered":"PCGO prende advogado pela segunda vez por crimes de maus-tratos contra a pr\u00f3pria m\u00e3e idosa"},"content":{"rendered":"<p style=\"text-align: justify;\">A Pol\u00edcia Civil de Goi\u00e1s (PCGO), por meio da Delegacia Especializada no Atendimento ao Idoso (DEAI) de Goi\u00e2nia \u2013 1\u00aa DRP, deflagrou, nesta ter\u00e7a-feira (1\u00ba), a Opera\u00e7\u00e3o Indignus, resultando na pris\u00e3o em flagrante de um advogado, de 58 anos, pelos crimes de maus-tratos, abandono de incapaz, abandono em hospital e explora\u00e7\u00e3o financeira contra sua pr\u00f3pria m\u00e3e, uma idosa de 85 anos.<\/p>\n<p style=\"text-align: justify;\">A a\u00e7\u00e3o teve in\u00edcio ap\u00f3s uma assistente social do Centro de Aten\u00e7\u00e3o Integral \u00e0 Sa\u00fade (Cais) Jardim Am\u00e9rica acionar a PCGO\/DEAI. Ela relatou que uma idosa havia sido deixada na unidade de sa\u00fade por uma pessoa n\u00e3o identificada e encontrava-se em estado grav\u00edssimo: completamente desnutrida, com les\u00f5es pelo corpo, suja de fezes e urina, com dificuldades para respirar e sem lucidez para se comunicar.<\/p>\n<p style=\"text-align: justify;\">Uma equipe policial foi imediatamente enviada ao local e confirmou os maus-tratos. A identifica\u00e7\u00e3o da idosa s\u00f3 foi poss\u00edvel com o apoio de papiloscopistas da Superintend\u00eancia de Identifica\u00e7\u00e3o Humana da PCGO, que tamb\u00e9m descobriram dois poss\u00edveis filhos da v\u00edtima. A partir dessa informa\u00e7\u00e3o, os agentes localizaram o endere\u00e7o do suspeito.<\/p>\n<p style=\"text-align: justify;\">Ao ser abordado em seu apartamento no Setor Oeste, o advogado afirmou que cuidava da m\u00e3e da melhor forma poss\u00edvel, mas que, devido \u00e0 piora do seu estado de sa\u00fade, a havia deixado no Cais do Jardim Am\u00e9rica dois dias antes, com a inten\u00e7\u00e3o de visit\u00e1-la depois. No entanto, ao inspecionarem a resid\u00eancia, os policiais constataram a aus\u00eancia de alimentos b\u00e1sicos.<\/p>\n<p style=\"text-align: justify;\">O suspeito foi conduzido \u00e0 DEAI, onde teve a pris\u00e3o ratificada, com o procedimento acompanhado por dois advogados do Conselho de \u00c9tica e Prerrogativas da OAB Goi\u00e1s.<\/p>\n<p style=\"text-align: justify;\">O outro filho da idosa, que reside em S\u00e3o Paulo, ao tomar conhecimento dos fatos, comprometeu-se a viajar para Goi\u00e2nia, arcar com os custos do tratamento da m\u00e3e e solicitar sua curatela.<\/p>\n<p style=\"text-align: justify;\">Essa \u00e9 a segunda vez que o advogado \u00e9 preso pelos mesmos crimes. A idosa, pensionista de um magistrado, teve grande parte de seus proventos comprometidos devido a empr\u00e9stimos feitos pelo filho agora detido.<\/p>\n<div id='gallery-1' class='gallery galleryid-142999 gallery-columns-3 gallery-size-thumbnail'><figure class='gallery-item'>\n\t\t\t<div class='gallery-icon portrait'>\n\t\t\t\t<a href='https:\/\/goias.gov.br\/policiacivil\/pcgo-prende-advogado-pela-segunda-vez-por-crimes-de-maus-tratos-contra-a-propria-mae-idosa\/597921f6-3e95-404c-8e94-c229138dcb77\/'><img decoding=\"async\" width=\"150\" height=\"150\" src=\"https:\/\/goias.gov.br\/policiacivil\/wp-content\/uploads\/sites\/71\/2025\/04\/597921f6-3e95-404c-8e94-c229138dcb77-300x300.jpg\" class=\"attachment-thumbnail size-thumbnail\" alt=\"PCGO prende advogado pela segunda vez por crimes de maus-tratos contra a pr\u00f3pria m\u00e3e idosa\" \/><\/a>\n\t\t\t<\/div><\/figure><figure class='gallery-item'>\n\t\t\t<div class='gallery-icon portrait'>\n\t\t\t\t<a href='https:\/\/goias.gov.br\/policiacivil\/pcgo-prende-advogado-pela-segunda-vez-por-crimes-de-maus-tratos-contra-a-propria-mae-idosa\/d0b32135-ca16-4f2e-b41e-a5e3971f0ce8\/'><img decoding=\"async\" width=\"150\" height=\"150\" src=\"https:\/\/goias.gov.br\/policiacivil\/wp-content\/uploads\/sites\/71\/2025\/04\/d0b32135-ca16-4f2e-b41e-a5e3971f0ce8-300x300.jpg\" class=\"attachment-thumbnail size-thumbnail\" alt=\"PCGO prende advogado pela segunda vez por crimes de maus-tratos contra a pr\u00f3pria m\u00e3e idosa\" \/><\/a>\n\t\t\t<\/div><\/figure><figure class='gallery-item'>\n\t\t\t<div class='gallery-icon portrait'>\n\t\t\t\t<a href='https:\/\/goias.gov.br\/policiacivil\/pcgo-prende-advogado-pela-segunda-vez-por-crimes-de-maus-tratos-contra-a-propria-mae-idosa\/c10a2ecb-68c8-41cc-a2c1-d191fc16ea94\/'><img decoding=\"async\" width=\"150\" height=\"150\" src=\"https:\/\/goias.gov.br\/policiacivil\/wp-content\/uploads\/sites\/71\/2025\/04\/c10a2ecb-68c8-41cc-a2c1-d191fc16ea94-300x300.jpg\" class=\"attachment-thumbnail size-thumbnail\" alt=\"PCGO prende advogado pela segunda vez por crimes de maus-tratos contra a pr\u00f3pria m\u00e3e idosa\" \/><\/a>\n\t\t\t<\/div><\/figure><figure class='gallery-item'>\n\t\t\t<div class='gallery-icon portrait'>\n\t\t\t\t<a href='https:\/\/goias.gov.br\/policiacivil\/pcgo-prende-advogado-pela-segunda-vez-por-crimes-de-maus-tratos-contra-a-propria-mae-idosa\/whatsapp-image-2025-04-02-at-07-36-23-1\/'><img loading=\"lazy\" decoding=\"async\" width=\"150\" height=\"150\" src=\"https:\/\/goias.gov.br\/policiacivil\/wp-content\/uploads\/sites\/71\/2025\/04\/whatsapp-image-2025-04-02-at-07.36.23-1-300x300.jpeg\" class=\"attachment-thumbnail size-thumbnail\" alt=\"PCGO prende advogado pela segunda vez por crimes de maus-tratos contra a pr\u00f3pria m\u00e3e idosa\" \/><\/a>\n\t\t\t<\/div><\/figure><figure class='gallery-item'>\n\t\t\t<div class='gallery-icon portrait'>\n\t\t\t\t<a href='https:\/\/goias.gov.br\/policiacivil\/pcgo-prende-advogado-pela-segunda-vez-por-crimes-de-maus-tratos-contra-a-propria-mae-idosa\/whatsapp-image-2025-04-02-at-07-36-23\/'><img loading=\"lazy\" decoding=\"async\" width=\"150\" height=\"150\" src=\"https:\/\/goias.gov.br\/policiacivil\/wp-content\/uploads\/sites\/71\/2025\/04\/whatsapp-image-2025-04-02-at-07.36.23-300x300.jpeg\" class=\"attachment-thumbnail size-thumbnail\" alt=\"PCGO prende advogado pela segunda vez por crimes de maus-tratos contra a pr\u00f3pria m\u00e3e idosa\" \/><\/a>\n\t\t\t<\/div><\/figure><figure class='gallery-item'>\n\t\t\t<div class='gallery-icon portrait'>\n\t\t\t\t<a href='https:\/\/goias.gov.br\/policiacivil\/pcgo-prende-advogado-pela-segunda-vez-por-crimes-de-maus-tratos-contra-a-propria-mae-idosa\/whatsapp-image-2025-04-02-at-07-36-24-1\/'><img loading=\"lazy\" decoding=\"async\" width=\"150\" height=\"150\" src=\"https:\/\/goias.gov.br\/policiacivil\/wp-content\/uploads\/sites\/71\/2025\/04\/whatsapp-image-2025-04-02-at-07.36.24-1-300x300.jpeg\" class=\"attachment-thumbnail size-thumbnail\" alt=\"PCGO prende advogado pela segunda vez por crimes de maus-tratos contra a pr\u00f3pria m\u00e3e idosa\" \/><\/a>\n\t\t\t<\/div><\/figure><figure class='gallery-item'>\n\t\t\t<div class='gallery-icon portrait'>\n\t\t\t\t<a href='https:\/\/goias.gov.br\/policiacivil\/pcgo-prende-advogado-pela-segunda-vez-por-crimes-de-maus-tratos-contra-a-propria-mae-idosa\/whatsapp-image-2025-04-02-at-07-36-24\/'><img loading=\"lazy\" decoding=\"async\" width=\"150\" height=\"150\" src=\"https:\/\/goias.gov.br\/policiacivil\/wp-content\/uploads\/sites\/71\/2025\/04\/whatsapp-image-2025-04-02-at-07.36.24-300x300.jpeg\" class=\"attachment-thumbnail size-thumbnail\" alt=\"PCGO prende advogado pela segunda vez por crimes de maus-tratos contra a pr\u00f3pria m\u00e3e idosa\" \/><\/a>\n\t\t\t<\/div><\/figure><figure class='gallery-item'>\n\t\t\t<div class='gallery-icon portrait'>\n\t\t\t\t<a href='https:\/\/goias.gov.br\/policiacivil\/pcgo-prende-advogado-pela-segunda-vez-por-crimes-de-maus-tratos-contra-a-propria-mae-idosa\/whatsapp-image-2025-04-02-at-07-36-25-2\/'><img loading=\"lazy\" decoding=\"async\" width=\"150\" height=\"150\" src=\"https:\/\/goias.gov.br\/policiacivil\/wp-content\/uploads\/sites\/71\/2025\/04\/whatsapp-image-2025-04-02-at-07.36.25-2-300x300.jpeg\" class=\"attachment-thumbnail size-thumbnail\" alt=\"PCGO prende advogado pela segunda vez por crimes de maus-tratos contra a pr\u00f3pria m\u00e3e idosa\" \/><\/a>\n\t\t\t<\/div><\/figure><figure class='gallery-item'>\n\t\t\t<div class='gallery-icon portrait'>\n\t\t\t\t<a href='https:\/\/goias.gov.br\/policiacivil\/pcgo-prende-advogado-pela-segunda-vez-por-crimes-de-maus-tratos-contra-a-propria-mae-idosa\/whatsapp-image-2025-04-02-at-07-36-25-1\/'><img loading=\"lazy\" decoding=\"async\" width=\"150\" height=\"150\" src=\"https:\/\/goias.gov.br\/policiacivil\/wp-content\/uploads\/sites\/71\/2025\/04\/whatsapp-image-2025-04-02-at-07.36.25-1-300x300.jpeg\" class=\"attachment-thumbnail size-thumbnail\" alt=\"PCGO prende advogado pela segunda vez por crimes de maus-tratos contra a pr\u00f3pria m\u00e3e idosa\" \/><\/a>\n\t\t\t<\/div><\/figure>\n\t\t<\/div>\n\n","protected":false},"excerpt":{"rendered":"<p>A Pol\u00edcia Civil de Goi\u00e1s (PCGO), por meio da Delegacia Especializada no Atendimento ao Idoso (DEAI) de Goi\u00e2nia \u2013 1\u00aa DRP, deflagrou, nesta ter\u00e7a-feira (1\u00ba), a Opera\u00e7\u00e3o Indignus, resultando na pris\u00e3o em flagrante de um advogado, de 58 anos, pelos crimes de maus-tratos, abandono de incapaz, abandono em hospital e explora\u00e7\u00e3o financeira contra sua pr\u00f3pria [&hellip;]<\/p>\n","protected":false},"author":42,"featured_media":143009,"comment_status":"closed","ping_status":"closed","sticky":false,"template":"","format":"standard","meta":{"footnotes":""},"categories":[3188,2538,92,6069],"tags":[2969,4122],"class_list":["post-142999","post","type-post","status-publish","format-standard","has-post-thumbnail","hentry","category-1a-regional","category-delegacias","category-especializadas","category-noticias-da-policia-civil","tag-1a-drp","tag-deai"],"rttpg_featured_image_url":{"full":["https:\/\/goias.gov.br\/policiacivil\/wp-content\/uploads\/sites\/71\/2025\/04\/site-pcgo-2025-04-02t094404.755.png",1200,675,false],"landscape":["https:\/\/goias.gov.br\/policiacivil\/wp-content\/uploads\/sites\/71\/2025\/04\/site-pcgo-2025-04-02t094404.755.png",1200,675,false],"portraits":["https:\/\/goias.gov.br\/policiacivil\/wp-content\/uploads\/sites\/71\/2025\/04\/site-pcgo-2025-04-02t094404.755.png",1200,675,false],"thumbnail":["https:\/\/goias.gov.br\/policiacivil\/wp-content\/uploads\/sites\/71\/2025\/04\/site-pcgo-2025-04-02t094404.755-300x300.png",150,150,true],"medium":["https:\/\/goias.gov.br\/policiacivil\/wp-content\/uploads\/sites\/71\/2025\/04\/site-pcgo-2025-04-02t094404.755.png",300,169,false],"large":["https:\/\/goias.gov.br\/policiacivil\/wp-content\/uploads\/sites\/71\/2025\/04\/site-pcgo-2025-04-02t094404.755.png",1024,576,false],"1536x1536":["https:\/\/goias.gov.br\/policiacivil\/wp-content\/uploads\/sites\/71\/2025\/04\/site-pcgo-2025-04-02t094404.755.png",1200,675,false],"2048x2048":["https:\/\/goias.gov.br\/policiacivil\/wp-content\/uploads\/sites\/71\/2025\/04\/site-pcgo-2025-04-02t094404.755.png",1200,675,false]},"rttpg_author":{"display_name":"carolinalima","author_link":"https:\/\/goias.gov.br\/policiacivil\/author\/carolinalima\/"},"rttpg_comment":0,"rttpg_category":"<a href=\"https:\/\/goias.gov.br\/policiacivil\/categoria\/drp\/1a-regional\/\" rel=\"category tag\">1\u00aa Regional<\/a> <a href=\"https:\/\/goias.gov.br\/policiacivil\/categoria\/delegacias\/\" rel=\"category tag\">Delegacias<\/a> <a href=\"https:\/\/goias.gov.br\/policiacivil\/categoria\/delegacias\/especializadas\/\" rel=\"category tag\">Especializadas<\/a> <a href=\"https:\/\/goias.gov.br\/policiacivil\/categoria\/noticias\/noticias-da-policia-civil\/\" rel=\"category tag\">Not\u00edcias da Pol\u00edcia Civil<\/a>","rttpg_excerpt":"A Pol\u00edcia Civil de Goi\u00e1s (PCGO), por meio da Delegacia Especializada no Atendimento ao Idoso (DEAI) de Goi\u00e2nia \u2013 1\u00aa DRP, deflagrou, nesta ter\u00e7a-feira (1\u00ba), a Opera\u00e7\u00e3o Indignus, resultando na pris\u00e3o em flagrante de um advogado, de 58 anos, pelos crimes de maus-tratos, abandono de incapaz, abandono em hospital e explora\u00e7\u00e3o financeira contra sua pr\u00f3pria&hellip;","_links":{"self":[{"href":"https:\/\/goias.gov.br\/policiacivil\/wp-json\/wp\/v2\/posts\/142999","targetHints":{"allow":["GET"]}}],"collection":[{"href":"https:\/\/goias.gov.br\/policiacivil\/wp-json\/wp\/v2\/posts"}],"about":[{"href":"https:\/\/goias.gov.br\/policiacivil\/wp-json\/wp\/v2\/types\/post"}],"author":[{"embeddable":true,"href":"https:\/\/goias.gov.br\/policiacivil\/wp-json\/wp\/v2\/users\/42"}],"replies":[{"embeddable":true,"href":"https:\/\/goias.gov.br\/policiacivil\/wp-json\/wp\/v2\/comments?post=142999"}],"version-history":[{"count":1,"href":"https:\/\/goias.gov.br\/policiacivil\/wp-json\/wp\/v2\/posts\/142999\/revisions"}],"predecessor-version":[{"id":143010,"href":"https:\/\/goias.gov.br\/policiacivil\/wp-json\/wp\/v2\/posts\/142999\/revisions\/143010"}],"wp:featuredmedia":[{"embeddable":true,"href":"https:\/\/goias.gov.br\/policiacivil\/wp-json\/wp\/v2\/media\/143009"}],"wp:attachment":[{"href":"https:\/\/goias.gov.br\/policiacivil\/wp-json\/wp\/v2\/media?parent=142999"}],"wp:term":[{"taxonomy":"category","embeddable":true,"href":"https:\/\/goias.gov.br\/policiacivil\/wp-json\/wp\/v2\/categories?post=142999"},{"taxonomy":"post_tag","embeddable":true,"href":"https:\/\/goias.gov.br\/policiacivil\/wp-json\/wp\/v2\/tags?post=142999"}],"curies":[{"name":"wp","href":"https:\/\/api.w.org\/{rel}","templated":true}]}}