

{"id":140479,"date":"2025-02-07T17:55:13","date_gmt":"2025-02-07T20:55:13","guid":{"rendered":" https:\/\/goias.gov.br\/policiacivil\/?p=140479"},"modified":"2025-02-07T17:55:13","modified_gmt":"2025-02-07T20:55:13","slug":"pcgo-localiza-mulher-e-filho-supostamente-desaparecidos-em-goiania-no-mes-de-janeiro","status":"publish","type":"post","link":"https:\/\/goias.gov.br\/policiacivil\/pcgo-localiza-mulher-e-filho-supostamente-desaparecidos-em-goiania-no-mes-de-janeiro\/","title":{"rendered":"PCGO localiza mulher e filho supostamente desaparecidos em Goi\u00e2nia no m\u00eas de janeiro"},"content":{"rendered":"<p style=\"text-align: justify;\">A Pol\u00edcia Civil de Goi\u00e1s, por meio do Grupo de Investiga\u00e7\u00e3o de Desaparecidos (GID), ap\u00f3s o registro de uma ocorr\u00eancia, no dia 05 de fevereiro deste ano, relatando o desaparecimento de uma mulher, de 30 anos, e seu filho, crian\u00e7a com 7 anos, ocorrido em 30 de janeiro \u00faltimo, em Goi\u00e2nia, iniciou imediatamente as dilig\u00eancias necess\u00e1rias at\u00e9 resultar na localiza\u00e7\u00e3o de ambos.<\/p>\n<p style=\"text-align: justify;\">A v\u00edtima, que havia mantido um relacionamento conturbado de cinco meses, marcado por amea\u00e7as do ex-namorado, decidiu sair da resid\u00eancia onde vivia com o companheiro sem avis\u00e1-lo, assim como \u00e0 sua fam\u00edlia.\u00a0Com base nessas informa\u00e7\u00f5es, as buscas foram intensificadas, resultando na localiza\u00e7\u00e3o da mulher. Em contato telef\u00f4nico, ela afirmou estar bem e explicou os motivos da fuga.<\/p>\n<p>&nbsp;<\/p>\n<p>&nbsp;<\/p>\n","protected":false},"excerpt":{"rendered":"<p>A Pol\u00edcia Civil de Goi\u00e1s, por meio do Grupo de Investiga\u00e7\u00e3o de Desaparecidos (GID), ap\u00f3s o registro de uma ocorr\u00eancia, no dia 05 de fevereiro deste ano, relatando o desaparecimento de uma mulher, de 30 anos, e seu filho, crian\u00e7a com 7 anos, ocorrido em 30 de janeiro \u00faltimo, em Goi\u00e2nia, iniciou imediatamente as dilig\u00eancias [&hellip;]<\/p>\n","protected":false},"author":34,"featured_media":140480,"comment_status":"closed","ping_status":"closed","sticky":false,"template":"","format":"standard","meta":{"footnotes":""},"categories":[2538,89,537],"tags":[9672],"class_list":["post-140479","post","type-post","status-publish","format-standard","has-post-thumbnail","hentry","category-delegacias","category-regionais","category-ultimo-segundo","tag-gid"],"rttpg_featured_image_url":{"full":["https:\/\/goias.gov.br\/policiacivil\/wp-content\/uploads\/sites\/71\/2025\/02\/whatsapp-image-2025-02-07-at-17.49.29.jpeg",1200,675,false],"landscape":["https:\/\/goias.gov.br\/policiacivil\/wp-content\/uploads\/sites\/71\/2025\/02\/whatsapp-image-2025-02-07-at-17.49.29.jpeg",1200,675,false],"portraits":["https:\/\/goias.gov.br\/policiacivil\/wp-content\/uploads\/sites\/71\/2025\/02\/whatsapp-image-2025-02-07-at-17.49.29.jpeg",1200,675,false],"thumbnail":["https:\/\/goias.gov.br\/policiacivil\/wp-content\/uploads\/sites\/71\/2025\/02\/whatsapp-image-2025-02-07-at-17.49.29-300x300.jpeg",150,150,true],"medium":["https:\/\/goias.gov.br\/policiacivil\/wp-content\/uploads\/sites\/71\/2025\/02\/whatsapp-image-2025-02-07-at-17.49.29.jpeg",300,169,false],"large":["https:\/\/goias.gov.br\/policiacivil\/wp-content\/uploads\/sites\/71\/2025\/02\/whatsapp-image-2025-02-07-at-17.49.29.jpeg",1024,576,false],"1536x1536":["https:\/\/goias.gov.br\/policiacivil\/wp-content\/uploads\/sites\/71\/2025\/02\/whatsapp-image-2025-02-07-at-17.49.29.jpeg",1200,675,false],"2048x2048":["https:\/\/goias.gov.br\/policiacivil\/wp-content\/uploads\/sites\/71\/2025\/02\/whatsapp-image-2025-02-07-at-17.49.29.jpeg",1200,675,false]},"rttpg_author":{"display_name":"celsoassis","author_link":"https:\/\/goias.gov.br\/policiacivil\/author\/celsoassis\/"},"rttpg_comment":0,"rttpg_category":"<a href=\"https:\/\/goias.gov.br\/policiacivil\/categoria\/delegacias\/\" rel=\"category tag\">Delegacias<\/a> <a href=\"https:\/\/goias.gov.br\/policiacivil\/categoria\/delegacias\/regionais\/\" rel=\"category tag\">Regionais<\/a> <a href=\"https:\/\/goias.gov.br\/policiacivil\/categoria\/ultimo-segundo\/\" rel=\"category tag\">\u00daltimo Segundo<\/a>","rttpg_excerpt":"A Pol\u00edcia Civil de Goi\u00e1s, por meio do Grupo de Investiga\u00e7\u00e3o de Desaparecidos (GID), ap\u00f3s o registro de uma ocorr\u00eancia, no dia 05 de fevereiro deste ano, relatando o desaparecimento de uma mulher, de 30 anos, e seu filho, crian\u00e7a com 7 anos, ocorrido em 30 de janeiro \u00faltimo, em Goi\u00e2nia, iniciou imediatamente as dilig\u00eancias&hellip;","_links":{"self":[{"href":"https:\/\/goias.gov.br\/policiacivil\/wp-json\/wp\/v2\/posts\/140479","targetHints":{"allow":["GET"]}}],"collection":[{"href":"https:\/\/goias.gov.br\/policiacivil\/wp-json\/wp\/v2\/posts"}],"about":[{"href":"https:\/\/goias.gov.br\/policiacivil\/wp-json\/wp\/v2\/types\/post"}],"author":[{"embeddable":true,"href":"https:\/\/goias.gov.br\/policiacivil\/wp-json\/wp\/v2\/users\/34"}],"replies":[{"embeddable":true,"href":"https:\/\/goias.gov.br\/policiacivil\/wp-json\/wp\/v2\/comments?post=140479"}],"version-history":[{"count":1,"href":"https:\/\/goias.gov.br\/policiacivil\/wp-json\/wp\/v2\/posts\/140479\/revisions"}],"predecessor-version":[{"id":140481,"href":"https:\/\/goias.gov.br\/policiacivil\/wp-json\/wp\/v2\/posts\/140479\/revisions\/140481"}],"wp:featuredmedia":[{"embeddable":true,"href":"https:\/\/goias.gov.br\/policiacivil\/wp-json\/wp\/v2\/media\/140480"}],"wp:attachment":[{"href":"https:\/\/goias.gov.br\/policiacivil\/wp-json\/wp\/v2\/media?parent=140479"}],"wp:term":[{"taxonomy":"category","embeddable":true,"href":"https:\/\/goias.gov.br\/policiacivil\/wp-json\/wp\/v2\/categories?post=140479"},{"taxonomy":"post_tag","embeddable":true,"href":"https:\/\/goias.gov.br\/policiacivil\/wp-json\/wp\/v2\/tags?post=140479"}],"curies":[{"name":"wp","href":"https:\/\/api.w.org\/{rel}","templated":true}]}}