

{"id":140418,"date":"2025-02-06T17:18:22","date_gmt":"2025-02-06T20:18:22","guid":{"rendered":" https:\/\/goias.gov.br\/policiacivil\/?p=140418"},"modified":"2025-02-06T17:18:22","modified_gmt":"2025-02-06T20:18:22","slug":"pcgo-prende-condenado-pela-justica-por-furto-de-cartoes-de-empresa-de-transporte-de-valores","status":"publish","type":"post","link":"https:\/\/goias.gov.br\/policiacivil\/pcgo-prende-condenado-pela-justica-por-furto-de-cartoes-de-empresa-de-transporte-de-valores\/","title":{"rendered":"PCGO prende condenado pela Justi\u00e7a por furto de cart\u00f5es de empresa de transporte de valores"},"content":{"rendered":"<p style=\"text-align: justify;\">A Pol\u00edcia Civil de Goi\u00e1s, por meio da Delegacia de Prote\u00e7\u00e3o \u00e0 Crian\u00e7a e ao Adolescente (DPCA) de Aparecida de Goi\u00e2nia, ap\u00f3s tomar ci\u00eancia de um foragido pelo crime de furto qualificado, passou a diligenciar para o cumprimento do mandado de pris\u00e3o por condena\u00e7\u00e3o transitada em julgado. A DPCA de Aparecida empreendeu esfor\u00e7os na busca pelo foragido e conseguiu efetuar a pris\u00e3o nesta quinta-feira (06), em Aparecida. O furto foi identificado quando o gerente de uma empresa de vigil\u00e2ncia de transporte de valores notou o uso irregular de dois cart\u00f5es de abastecimento da empresa. Desse modo, o condenado estava utilizando os cart\u00f5es para vender combust\u00edvel a pre\u00e7os inferiores ao de mercado.<\/p>\n","protected":false},"excerpt":{"rendered":"<p>A Pol\u00edcia Civil de Goi\u00e1s, por meio da Delegacia de Prote\u00e7\u00e3o \u00e0 Crian\u00e7a e ao Adolescente (DPCA) de Aparecida de Goi\u00e2nia, ap\u00f3s tomar ci\u00eancia de um foragido pelo crime de furto qualificado, passou a diligenciar para o cumprimento do mandado de pris\u00e3o por condena\u00e7\u00e3o transitada em julgado. A DPCA de Aparecida empreendeu esfor\u00e7os na busca [&hellip;]<\/p>\n","protected":false},"author":34,"featured_media":140419,"comment_status":"closed","ping_status":"closed","sticky":false,"template":"","format":"standard","meta":{"footnotes":""},"categories":[3189,2538,89,537],"tags":[],"class_list":["post-140418","post","type-post","status-publish","format-standard","has-post-thumbnail","hentry","category-2a-regional","category-delegacias","category-regionais","category-ultimo-segundo"],"rttpg_featured_image_url":{"full":["https:\/\/goias.gov.br\/policiacivil\/wp-content\/uploads\/sites\/71\/2025\/02\/whatsapp-image-2025-02-06-at-16.54.39.jpeg",900,1200,false],"landscape":["https:\/\/goias.gov.br\/policiacivil\/wp-content\/uploads\/sites\/71\/2025\/02\/whatsapp-image-2025-02-06-at-16.54.39.jpeg",900,1200,false],"portraits":["https:\/\/goias.gov.br\/policiacivil\/wp-content\/uploads\/sites\/71\/2025\/02\/whatsapp-image-2025-02-06-at-16.54.39.jpeg",900,1200,false],"thumbnail":["https:\/\/goias.gov.br\/policiacivil\/wp-content\/uploads\/sites\/71\/2025\/02\/whatsapp-image-2025-02-06-at-16.54.39-300x300.jpeg",150,150,true],"medium":["https:\/\/goias.gov.br\/policiacivil\/wp-content\/uploads\/sites\/71\/2025\/02\/whatsapp-image-2025-02-06-at-16.54.39.jpeg",225,300,false],"large":["https:\/\/goias.gov.br\/policiacivil\/wp-content\/uploads\/sites\/71\/2025\/02\/whatsapp-image-2025-02-06-at-16.54.39.jpeg",768,1024,false],"1536x1536":["https:\/\/goias.gov.br\/policiacivil\/wp-content\/uploads\/sites\/71\/2025\/02\/whatsapp-image-2025-02-06-at-16.54.39.jpeg",900,1200,false],"2048x2048":["https:\/\/goias.gov.br\/policiacivil\/wp-content\/uploads\/sites\/71\/2025\/02\/whatsapp-image-2025-02-06-at-16.54.39.jpeg",900,1200,false]},"rttpg_author":{"display_name":"celsoassis","author_link":"https:\/\/goias.gov.br\/policiacivil\/author\/celsoassis\/"},"rttpg_comment":0,"rttpg_category":"<a href=\"https:\/\/goias.gov.br\/policiacivil\/categoria\/drp\/2a-regional\/\" rel=\"category tag\">2\u00aa Regional<\/a> <a href=\"https:\/\/goias.gov.br\/policiacivil\/categoria\/delegacias\/\" rel=\"category tag\">Delegacias<\/a> <a href=\"https:\/\/goias.gov.br\/policiacivil\/categoria\/delegacias\/regionais\/\" rel=\"category tag\">Regionais<\/a> <a href=\"https:\/\/goias.gov.br\/policiacivil\/categoria\/ultimo-segundo\/\" rel=\"category tag\">\u00daltimo Segundo<\/a>","rttpg_excerpt":"A Pol\u00edcia Civil de Goi\u00e1s, por meio da Delegacia de Prote\u00e7\u00e3o \u00e0 Crian\u00e7a e ao Adolescente (DPCA) de Aparecida de Goi\u00e2nia, ap\u00f3s tomar ci\u00eancia de um foragido pelo crime de furto qualificado, passou a diligenciar para o cumprimento do mandado de pris\u00e3o por condena\u00e7\u00e3o transitada em julgado. A DPCA de Aparecida empreendeu esfor\u00e7os na busca&hellip;","_links":{"self":[{"href":"https:\/\/goias.gov.br\/policiacivil\/wp-json\/wp\/v2\/posts\/140418","targetHints":{"allow":["GET"]}}],"collection":[{"href":"https:\/\/goias.gov.br\/policiacivil\/wp-json\/wp\/v2\/posts"}],"about":[{"href":"https:\/\/goias.gov.br\/policiacivil\/wp-json\/wp\/v2\/types\/post"}],"author":[{"embeddable":true,"href":"https:\/\/goias.gov.br\/policiacivil\/wp-json\/wp\/v2\/users\/34"}],"replies":[{"embeddable":true,"href":"https:\/\/goias.gov.br\/policiacivil\/wp-json\/wp\/v2\/comments?post=140418"}],"version-history":[{"count":1,"href":"https:\/\/goias.gov.br\/policiacivil\/wp-json\/wp\/v2\/posts\/140418\/revisions"}],"predecessor-version":[{"id":140420,"href":"https:\/\/goias.gov.br\/policiacivil\/wp-json\/wp\/v2\/posts\/140418\/revisions\/140420"}],"wp:featuredmedia":[{"embeddable":true,"href":"https:\/\/goias.gov.br\/policiacivil\/wp-json\/wp\/v2\/media\/140419"}],"wp:attachment":[{"href":"https:\/\/goias.gov.br\/policiacivil\/wp-json\/wp\/v2\/media?parent=140418"}],"wp:term":[{"taxonomy":"category","embeddable":true,"href":"https:\/\/goias.gov.br\/policiacivil\/wp-json\/wp\/v2\/categories?post=140418"},{"taxonomy":"post_tag","embeddable":true,"href":"https:\/\/goias.gov.br\/policiacivil\/wp-json\/wp\/v2\/tags?post=140418"}],"curies":[{"name":"wp","href":"https:\/\/api.w.org\/{rel}","templated":true}]}}