

{"id":139382,"date":"2024-12-28T15:32:23","date_gmt":"2024-12-28T18:32:23","guid":{"rendered":" https:\/\/goias.gov.br\/policiacivil\/?p=139382"},"modified":"2024-12-28T15:32:23","modified_gmt":"2024-12-28T18:32:23","slug":"pcgo-prende-tio-que-estuprou-sobrinha-por-oito-anos-em-valparaiso","status":"publish","type":"post","link":"https:\/\/goias.gov.br\/policiacivil\/pcgo-prende-tio-que-estuprou-sobrinha-por-oito-anos-em-valparaiso\/","title":{"rendered":"PCGO prende tio que estuprou sobrinha por oito anos, em Valpara\u00edso"},"content":{"rendered":"<p style=\"text-align: justify;\">A Pol\u00edcia Civil do Estado de Goi\u00e1s, por meio da Delegacia Especializada de Atendimento \u00e0 Mulher (Deam) de Valpara\u00edso, cumpriu ontem (27) o mandado de pris\u00e3o preventiva de um homem de 26 anos, acusado de estupro de vulner\u00e1vel da sobrinha paterna em continuidade delitiva durante 8 anos.\u00a0Segundo as investiga\u00e7\u00f5es, o autor \u00e9 tio paterno da v\u00edtima e come\u00e7ou a abusar dela quando ela tinha apenas 8 anos, enquanto ele tinha 18. O abuso veio \u00e0 tona recentemente, ap\u00f3s a v\u00edtima manifestar n\u00e3o suportar mais a situa\u00e7\u00e3o, revelando que o agressor lhe administrava p\u00edlulas do dia seguinte desde os 13 anos.<\/p>\n<p style=\"text-align: justify;\">O abusador residia com a fam\u00edlia da crian\u00e7a, aproveitando-se da aus\u00eancia do pai, que confiava os cuidados da filha ao irm\u00e3o. A v\u00edtima, que n\u00e3o mantinha contato regular com sua genitora, teve a coragem de relatar os abusos para sua tia paterna e para o pai, utilizando um grupo de WhatsApp para compartilhar os estupros, apresentando prints dos di\u00e1logos com o agressor, o qual invadia suas conversas em perfis de Instagram com os amigos e poss\u00edveis namorados da v\u00edtima para afastar a possibilidade de se relacionar com outras pessoas.\u00a0Diante dessas informa\u00e7\u00f5es, a Autoridade Policial respons\u00e1vel pelo inqu\u00e9rito solicitou a pris\u00e3o do investigado, que foi deferida pela Justi\u00e7a e agora cumprida.<\/p>\n","protected":false},"excerpt":{"rendered":"<p>A Pol\u00edcia Civil do Estado de Goi\u00e1s, por meio da Delegacia Especializada de Atendimento \u00e0 Mulher (Deam) de Valpara\u00edso, cumpriu ontem (27) o mandado de pris\u00e3o preventiva de um homem de 26 anos, acusado de estupro de vulner\u00e1vel da sobrinha paterna em continuidade delitiva durante 8 anos.\u00a0Segundo as investiga\u00e7\u00f5es, o autor \u00e9 tio paterno da [&hellip;]<\/p>\n","protected":false},"author":34,"featured_media":139383,"comment_status":"closed","ping_status":"closed","sticky":false,"template":"","format":"standard","meta":{"footnotes":""},"categories":[3192,2538,89,537],"tags":[2033],"class_list":["post-139382","post","type-post","status-publish","format-standard","has-post-thumbnail","hentry","category-5a-regional","category-delegacias","category-regionais","category-ultimo-segundo","tag-valparaiso"],"rttpg_featured_image_url":{"full":["https:\/\/goias.gov.br\/policiacivil\/wp-content\/uploads\/sites\/71\/2024\/12\/feed-1-2.jpg",1080,1080,false],"landscape":["https:\/\/goias.gov.br\/policiacivil\/wp-content\/uploads\/sites\/71\/2024\/12\/feed-1-2.jpg",1080,1080,false],"portraits":["https:\/\/goias.gov.br\/policiacivil\/wp-content\/uploads\/sites\/71\/2024\/12\/feed-1-2.jpg",1080,1080,false],"thumbnail":["https:\/\/goias.gov.br\/policiacivil\/wp-content\/uploads\/sites\/71\/2024\/12\/feed-1-2-300x300.jpg",150,150,true],"medium":["https:\/\/goias.gov.br\/policiacivil\/wp-content\/uploads\/sites\/71\/2024\/12\/feed-1-2.jpg",300,300,false],"large":["https:\/\/goias.gov.br\/policiacivil\/wp-content\/uploads\/sites\/71\/2024\/12\/feed-1-2.jpg",1024,1024,false],"1536x1536":["https:\/\/goias.gov.br\/policiacivil\/wp-content\/uploads\/sites\/71\/2024\/12\/feed-1-2.jpg",1080,1080,false],"2048x2048":["https:\/\/goias.gov.br\/policiacivil\/wp-content\/uploads\/sites\/71\/2024\/12\/feed-1-2.jpg",1080,1080,false]},"rttpg_author":{"display_name":"celsoassis","author_link":"https:\/\/goias.gov.br\/policiacivil\/author\/celsoassis\/"},"rttpg_comment":0,"rttpg_category":"<a href=\"https:\/\/goias.gov.br\/policiacivil\/categoria\/drp\/5a-regional\/\" rel=\"category tag\">5\u00aa Regional<\/a> <a href=\"https:\/\/goias.gov.br\/policiacivil\/categoria\/delegacias\/\" rel=\"category tag\">Delegacias<\/a> <a href=\"https:\/\/goias.gov.br\/policiacivil\/categoria\/delegacias\/regionais\/\" rel=\"category tag\">Regionais<\/a> <a href=\"https:\/\/goias.gov.br\/policiacivil\/categoria\/ultimo-segundo\/\" rel=\"category tag\">\u00daltimo Segundo<\/a>","rttpg_excerpt":"A Pol\u00edcia Civil do Estado de Goi\u00e1s, por meio da Delegacia Especializada de Atendimento \u00e0 Mulher (Deam) de Valpara\u00edso, cumpriu ontem (27) o mandado de pris\u00e3o preventiva de um homem de 26 anos, acusado de estupro de vulner\u00e1vel da sobrinha paterna em continuidade delitiva durante 8 anos.\u00a0Segundo as investiga\u00e7\u00f5es, o autor \u00e9 tio paterno da&hellip;","_links":{"self":[{"href":"https:\/\/goias.gov.br\/policiacivil\/wp-json\/wp\/v2\/posts\/139382","targetHints":{"allow":["GET"]}}],"collection":[{"href":"https:\/\/goias.gov.br\/policiacivil\/wp-json\/wp\/v2\/posts"}],"about":[{"href":"https:\/\/goias.gov.br\/policiacivil\/wp-json\/wp\/v2\/types\/post"}],"author":[{"embeddable":true,"href":"https:\/\/goias.gov.br\/policiacivil\/wp-json\/wp\/v2\/users\/34"}],"replies":[{"embeddable":true,"href":"https:\/\/goias.gov.br\/policiacivil\/wp-json\/wp\/v2\/comments?post=139382"}],"version-history":[{"count":1,"href":"https:\/\/goias.gov.br\/policiacivil\/wp-json\/wp\/v2\/posts\/139382\/revisions"}],"predecessor-version":[{"id":139384,"href":"https:\/\/goias.gov.br\/policiacivil\/wp-json\/wp\/v2\/posts\/139382\/revisions\/139384"}],"wp:featuredmedia":[{"embeddable":true,"href":"https:\/\/goias.gov.br\/policiacivil\/wp-json\/wp\/v2\/media\/139383"}],"wp:attachment":[{"href":"https:\/\/goias.gov.br\/policiacivil\/wp-json\/wp\/v2\/media?parent=139382"}],"wp:term":[{"taxonomy":"category","embeddable":true,"href":"https:\/\/goias.gov.br\/policiacivil\/wp-json\/wp\/v2\/categories?post=139382"},{"taxonomy":"post_tag","embeddable":true,"href":"https:\/\/goias.gov.br\/policiacivil\/wp-json\/wp\/v2\/tags?post=139382"}],"curies":[{"name":"wp","href":"https:\/\/api.w.org\/{rel}","templated":true}]}}