

{"id":138764,"date":"2024-12-02T17:31:27","date_gmt":"2024-12-02T20:31:27","guid":{"rendered":" https:\/\/goias.gov.br\/policiacivil\/?p=138764"},"modified":"2024-12-02T17:31:27","modified_gmt":"2024-12-02T20:31:27","slug":"setimo-circulo-pcgo-prende-mandante-de-assassinato-de-advogado-em-disputa-por-terra-avaliada-em-r-100-milhoes","status":"publish","type":"post","link":"https:\/\/goias.gov.br\/policiacivil\/setimo-circulo-pcgo-prende-mandante-de-assassinato-de-advogado-em-disputa-por-terra-avaliada-em-r-100-milhoes\/","title":{"rendered":"\u2018S\u00e9timo C\u00edrculo\u2019: PCGO prende mandante de assassinato de advogado em disputa por terra avaliada em R$ 100 milh\u00f5es"},"content":{"rendered":"<p style=\"text-align: justify;\"><span style=\"font-weight: 400;\">A Pol\u00edcia Civil de Goi\u00e1s , por meio do Grupo de Investiga\u00e7\u00f5es de Homic\u00eddios de Rio Verde \u2013 8\u00aa DRP, deflagrou, na quinta-feira (28), a <\/span><i><span style=\"font-weight: 400;\">Opera\u00e7\u00e3o S\u00e9timo C\u00edrculo<\/span><\/i><span style=\"font-weight: 400;\">. A a\u00e7\u00e3o teve como objetivo cumprir um mandado de pris\u00e3o tempor\u00e1ria e quatro mandados de busca e apreens\u00e3o em \u00c1gua Boa, no Mato Grosso, relacionada a investiga\u00e7\u00e3o sobre o assassinato de um advogado ocorrido em Rio Verde, no dia 3 de outubro de 2024. Ao todo. sete pessoas foram presas em diversas localidades de Mato Grosso, Goi\u00e1s e no Distrito Federal, por envolvimento na execu\u00e7\u00e3o do crime.<\/span><\/p>\n<p style=\"text-align: justify;\"><span style=\"font-weight: 400;\">Nesta etapa, foi preso o autor intelectual do homic\u00eddio, acusado de ordenar e financiar o crime. Segundo as investiga\u00e7\u00f5es, ele visava se beneficiar diretamente com a morte do advogado, que foi executado com disparos de arma de fogo pelas costas, enquanto falava ao telefone em frente ao seu escrit\u00f3rio de advocacia.<\/span><\/p>\n<p style=\"text-align: justify;\"><span style=\"font-weight: 400;\">De acordo com a investiga\u00e7\u00e3o, a motiva\u00e7\u00e3o do assassinato foi a disputa por uma propriedade rural altamente valorizada, avaliada atualmente em cerca de R$ 100 milh\u00f5es. A v\u00edtima e seu s\u00f3cio haviam adquirido a \u00e1rea ao comprar uma d\u00edvida contra\u00edda pela antiga propriet\u00e1ria junto a uma empresa que cedeu o cr\u00e9dito \u00e0 empresa das v\u00edtimas.<\/span><\/p>\n<p style=\"text-align: justify;\"><span style=\"font-weight: 400;\">Em 2006, o mandante do homic\u00eddio invadiu a propriedade e, desde ent\u00e3o, mant\u00e9m sua posse ilegal. Em dezembro de 2019, as v\u00edtimas ajuizaram uma a\u00e7\u00e3o de imiss\u00e3o de posse, buscando retomar o controle da \u00e1rea.<\/span><\/p>\n<p style=\"text-align: justify;\"><span style=\"font-weight: 400;\">Foi apurado que o grupo criminoso respons\u00e1vel pela execu\u00e7\u00e3o foi minucioso em seu planejamento, utilizando drones, rastreadores veiculares, vigil\u00e2ncia presencial e diversos ve\u00edculos para monitorar a rotina das v\u00edtimas.<\/span><\/p>\n<div id='gallery-1' class='gallery galleryid-138764 gallery-columns-3 gallery-size-thumbnail'><figure class='gallery-item'>\n\t\t\t<div class='gallery-icon portrait'>\n\t\t\t\t<a href='https:\/\/goias.gov.br\/policiacivil\/setimo-circulo-pcgo-prende-mandante-de-assassinato-de-advogado-em-disputa-por-terra-avaliada-em-r-100-milhoes\/whatsapp-image-2024-12-02-at-11-16-59-2\/'><img decoding=\"async\" width=\"150\" height=\"150\" src=\"https:\/\/goias.gov.br\/policiacivil\/wp-content\/uploads\/sites\/71\/2024\/12\/whatsapp-image-2024-12-02-at-11.16.59-2-300x300.jpeg\" class=\"attachment-thumbnail size-thumbnail\" alt=\"\u2018S\u00e9timo C\u00edrculo\u2019: PCGO prende mandante de assassinato de advogado em disputa por terra avaliada em R$ 100 milh\u00f5es\" \/><\/a>\n\t\t\t<\/div><\/figure><figure class='gallery-item'>\n\t\t\t<div class='gallery-icon portrait'>\n\t\t\t\t<a href='https:\/\/goias.gov.br\/policiacivil\/setimo-circulo-pcgo-prende-mandante-de-assassinato-de-advogado-em-disputa-por-terra-avaliada-em-r-100-milhoes\/whatsapp-image-2024-12-02-at-11-16-59-1\/'><img decoding=\"async\" width=\"150\" height=\"150\" src=\"https:\/\/goias.gov.br\/policiacivil\/wp-content\/uploads\/sites\/71\/2024\/12\/whatsapp-image-2024-12-02-at-11.16.59-1-300x300.jpeg\" class=\"attachment-thumbnail size-thumbnail\" alt=\"\u2018S\u00e9timo C\u00edrculo\u2019: PCGO prende mandante de assassinato de advogado em disputa por terra avaliada em R$ 100 milh\u00f5es\" \/><\/a>\n\t\t\t<\/div><\/figure><figure class='gallery-item'>\n\t\t\t<div class='gallery-icon landscape'>\n\t\t\t\t<a href='https:\/\/goias.gov.br\/policiacivil\/setimo-circulo-pcgo-prende-mandante-de-assassinato-de-advogado-em-disputa-por-terra-avaliada-em-r-100-milhoes\/whatsapp-image-2024-12-02-at-11-16-59-3\/'><img decoding=\"async\" width=\"150\" height=\"150\" src=\"https:\/\/goias.gov.br\/policiacivil\/wp-content\/uploads\/sites\/71\/2024\/12\/whatsapp-image-2024-12-02-at-11.16.59-3-300x300.jpeg\" class=\"attachment-thumbnail size-thumbnail\" alt=\"\u2018S\u00e9timo C\u00edrculo\u2019: PCGO prende mandante de assassinato de advogado em disputa por terra avaliada em R$ 100 milh\u00f5es\" \/><\/a>\n\t\t\t<\/div><\/figure><figure class='gallery-item'>\n\t\t\t<div class='gallery-icon landscape'>\n\t\t\t\t<a href='https:\/\/goias.gov.br\/policiacivil\/setimo-circulo-pcgo-prende-mandante-de-assassinato-de-advogado-em-disputa-por-terra-avaliada-em-r-100-milhoes\/whatsapp-image-2024-12-02-at-11-34-49-1\/'><img loading=\"lazy\" decoding=\"async\" width=\"150\" height=\"150\" src=\"https:\/\/goias.gov.br\/policiacivil\/wp-content\/uploads\/sites\/71\/2024\/12\/whatsapp-image-2024-12-02-at-11.34.49-1-300x300.jpeg\" class=\"attachment-thumbnail size-thumbnail\" alt=\"\u2018S\u00e9timo C\u00edrculo\u2019: PCGO prende mandante de assassinato de advogado em disputa por terra avaliada em R$ 100 milh\u00f5es\" \/><\/a>\n\t\t\t<\/div><\/figure><figure class='gallery-item'>\n\t\t\t<div class='gallery-icon portrait'>\n\t\t\t\t<a href='https:\/\/goias.gov.br\/policiacivil\/setimo-circulo-pcgo-prende-mandante-de-assassinato-de-advogado-em-disputa-por-terra-avaliada-em-r-100-milhoes\/whatsapp-image-2024-12-02-at-11-34-49\/'><img loading=\"lazy\" decoding=\"async\" width=\"150\" height=\"150\" src=\"https:\/\/goias.gov.br\/policiacivil\/wp-content\/uploads\/sites\/71\/2024\/12\/whatsapp-image-2024-12-02-at-11.34.49-300x300.jpeg\" class=\"attachment-thumbnail size-thumbnail\" alt=\"\u2018S\u00e9timo C\u00edrculo\u2019: PCGO prende mandante de assassinato de advogado em disputa por terra avaliada em R$ 100 milh\u00f5es\" \/><\/a>\n\t\t\t<\/div><\/figure>\n\t\t<\/div>\n\n","protected":false},"excerpt":{"rendered":"<p>A Pol\u00edcia Civil de Goi\u00e1s , por meio do Grupo de Investiga\u00e7\u00f5es de Homic\u00eddios de Rio Verde \u2013 8\u00aa DRP, deflagrou, na quinta-feira (28), a Opera\u00e7\u00e3o S\u00e9timo C\u00edrculo. A a\u00e7\u00e3o teve como objetivo cumprir um mandado de pris\u00e3o tempor\u00e1ria e quatro mandados de busca e apreens\u00e3o em \u00c1gua Boa, no Mato Grosso, relacionada a investiga\u00e7\u00e3o [&hellip;]<\/p>\n","protected":false},"author":42,"featured_media":138765,"comment_status":"closed","ping_status":"closed","sticky":false,"template":"","format":"standard","meta":{"footnotes":""},"categories":[3195,2538,6069,89],"tags":[2112,39],"class_list":["post-138764","post","type-post","status-publish","format-standard","has-post-thumbnail","hentry","category-8a-regional","category-delegacias","category-noticias-da-policia-civil","category-regionais","tag-8a-drp","tag-rio-verde"],"rttpg_featured_image_url":{"full":["https:\/\/goias.gov.br\/policiacivil\/wp-content\/uploads\/sites\/71\/2024\/12\/whatsapp-image-2024-12-02-at-11.16.59.jpeg",1200,623,false],"landscape":["https:\/\/goias.gov.br\/policiacivil\/wp-content\/uploads\/sites\/71\/2024\/12\/whatsapp-image-2024-12-02-at-11.16.59.jpeg",1200,623,false],"portraits":["https:\/\/goias.gov.br\/policiacivil\/wp-content\/uploads\/sites\/71\/2024\/12\/whatsapp-image-2024-12-02-at-11.16.59.jpeg",1200,623,false],"thumbnail":["https:\/\/goias.gov.br\/policiacivil\/wp-content\/uploads\/sites\/71\/2024\/12\/whatsapp-image-2024-12-02-at-11.16.59-300x300.jpeg",150,150,true],"medium":["https:\/\/goias.gov.br\/policiacivil\/wp-content\/uploads\/sites\/71\/2024\/12\/whatsapp-image-2024-12-02-at-11.16.59.jpeg",300,156,false],"large":["https:\/\/goias.gov.br\/policiacivil\/wp-content\/uploads\/sites\/71\/2024\/12\/whatsapp-image-2024-12-02-at-11.16.59.jpeg",1024,532,false],"1536x1536":["https:\/\/goias.gov.br\/policiacivil\/wp-content\/uploads\/sites\/71\/2024\/12\/whatsapp-image-2024-12-02-at-11.16.59.jpeg",1200,623,false],"2048x2048":["https:\/\/goias.gov.br\/policiacivil\/wp-content\/uploads\/sites\/71\/2024\/12\/whatsapp-image-2024-12-02-at-11.16.59.jpeg",1200,623,false]},"rttpg_author":{"display_name":"carolinalima","author_link":"https:\/\/goias.gov.br\/policiacivil\/author\/carolinalima\/"},"rttpg_comment":0,"rttpg_category":"<a href=\"https:\/\/goias.gov.br\/policiacivil\/categoria\/drp\/8a-regional\/\" rel=\"category tag\">8\u00aa Regional<\/a> <a href=\"https:\/\/goias.gov.br\/policiacivil\/categoria\/delegacias\/\" rel=\"category tag\">Delegacias<\/a> <a href=\"https:\/\/goias.gov.br\/policiacivil\/categoria\/noticias\/noticias-da-policia-civil\/\" rel=\"category tag\">Not\u00edcias da Pol\u00edcia Civil<\/a> <a href=\"https:\/\/goias.gov.br\/policiacivil\/categoria\/delegacias\/regionais\/\" rel=\"category tag\">Regionais<\/a>","rttpg_excerpt":"A Pol\u00edcia Civil de Goi\u00e1s , por meio do Grupo de Investiga\u00e7\u00f5es de Homic\u00eddios de Rio Verde \u2013 8\u00aa DRP, deflagrou, na quinta-feira (28), a Opera\u00e7\u00e3o S\u00e9timo C\u00edrculo. A a\u00e7\u00e3o teve como objetivo cumprir um mandado de pris\u00e3o tempor\u00e1ria e quatro mandados de busca e apreens\u00e3o em \u00c1gua Boa, no Mato Grosso, relacionada a investiga\u00e7\u00e3o&hellip;","_links":{"self":[{"href":"https:\/\/goias.gov.br\/policiacivil\/wp-json\/wp\/v2\/posts\/138764","targetHints":{"allow":["GET"]}}],"collection":[{"href":"https:\/\/goias.gov.br\/policiacivil\/wp-json\/wp\/v2\/posts"}],"about":[{"href":"https:\/\/goias.gov.br\/policiacivil\/wp-json\/wp\/v2\/types\/post"}],"author":[{"embeddable":true,"href":"https:\/\/goias.gov.br\/policiacivil\/wp-json\/wp\/v2\/users\/42"}],"replies":[{"embeddable":true,"href":"https:\/\/goias.gov.br\/policiacivil\/wp-json\/wp\/v2\/comments?post=138764"}],"version-history":[{"count":1,"href":"https:\/\/goias.gov.br\/policiacivil\/wp-json\/wp\/v2\/posts\/138764\/revisions"}],"predecessor-version":[{"id":138771,"href":"https:\/\/goias.gov.br\/policiacivil\/wp-json\/wp\/v2\/posts\/138764\/revisions\/138771"}],"wp:featuredmedia":[{"embeddable":true,"href":"https:\/\/goias.gov.br\/policiacivil\/wp-json\/wp\/v2\/media\/138765"}],"wp:attachment":[{"href":"https:\/\/goias.gov.br\/policiacivil\/wp-json\/wp\/v2\/media?parent=138764"}],"wp:term":[{"taxonomy":"category","embeddable":true,"href":"https:\/\/goias.gov.br\/policiacivil\/wp-json\/wp\/v2\/categories?post=138764"},{"taxonomy":"post_tag","embeddable":true,"href":"https:\/\/goias.gov.br\/policiacivil\/wp-json\/wp\/v2\/tags?post=138764"}],"curies":[{"name":"wp","href":"https:\/\/api.w.org\/{rel}","templated":true}]}}