

{"id":138506,"date":"2024-11-26T09:24:21","date_gmt":"2024-11-26T12:24:21","guid":{"rendered":" https:\/\/goias.gov.br\/policiacivil\/?p=138506"},"modified":"2024-11-26T09:24:21","modified_gmt":"2024-11-26T12:24:21","slug":"pcgo-prende-em-mineiros-investigado-por-diversos-furtos-na-cidade","status":"publish","type":"post","link":"https:\/\/goias.gov.br\/policiacivil\/pcgo-prende-em-mineiros-investigado-por-diversos-furtos-na-cidade\/","title":{"rendered":"PCGO prende em Mineiros investigado por diversos furtos na cidade"},"content":{"rendered":"<p style=\"text-align: justify;\"><img fetchpriority=\"high\" decoding=\"async\" class=\" wp-image-138507 alignleft\" src=\" https:\/\/goias.gov.br\/policiacivil\/wp-content\/uploads\/sites\/71\/2024\/11\/whatsapp-image-2024-11-25-at-19.36.39-e1732623805116.jpeg\" alt=\"PCGO prende em Mineiros investigado por diversos furtos na cidade\" width=\"458\" height=\"367\" srcset=\"https:\/\/goias.gov.br\/policiacivil\/wp-content\/uploads\/sites\/71\/2024\/11\/whatsapp-image-2024-11-25-at-19.36.39-e1732623805116.jpeg 576w, https:\/\/goias.gov.br\/policiacivil\/wp-content\/uploads\/sites\/71\/2024\/11\/whatsapp-image-2024-11-25-at-19.36.39-e1732623805116-500x401.jpeg 500w\" sizes=\"(max-width: 458px) 100vw, 458px\" \/>A Pol\u00edcia Civil de Goi\u00e1s, por meio da Delegacia de Pol\u00edcia de Mineiros &#8211; 14\u00aa DRP, cumpriu nesta segunda-feira (25) um mandado de pris\u00e3o preventiva em desfavor de um indiv\u00edduo investigado pelo crime de furto qualificado. O investigado possui diversas anota\u00e7\u00f5es criminais e vinha sendo alvo de investiga\u00e7\u00e3o ap\u00f3s o registro de furtos no Setor Leontino, em Mineiros.<\/p>\n<p style=\"text-align: justify;\">Durante as dilig\u00eancias, a equipe policial identificou a autoria de dois crimes de furto, ocorridos em locais distintos e com poucos dias de diferen\u00e7a. Ap\u00f3s a coleta de provas e conclus\u00e3o da investiga\u00e7\u00e3o, foi representada pela pris\u00e3o preventiva do investigado, que foi prontamente deferida pelo Poder Judici\u00e1rio.<\/p>\n<p style=\"text-align: justify;\">A divulga\u00e7\u00e3o da identifica\u00e7\u00e3o do autor do crime foi procedida nos termos da Lei 13.869\/2019, portaria normativa n\u00b0 547\/2021\/DGPC, tendo em vista o interesse p\u00fablico no sentido de identificar outras eventuais testemunhas do crime ora investigado, al\u00e9m de identificar outras v\u00edtimas, visando assim concluir esta e instrumentalizar outras investiga\u00e7\u00f5es contra o mesmo indiv\u00edduo.<\/p>\n","protected":false},"excerpt":{"rendered":"<p>A Pol\u00edcia Civil de Goi\u00e1s, por meio da Delegacia de Pol\u00edcia de Mineiros &#8211; 14\u00aa DRP, cumpriu nesta segunda-feira (25) um mandado de pris\u00e3o preventiva em desfavor de um indiv\u00edduo investigado pelo crime de furto qualificado. O investigado possui diversas anota\u00e7\u00f5es criminais e vinha sendo alvo de investiga\u00e7\u00e3o ap\u00f3s o registro de furtos no Setor [&hellip;]<\/p>\n","protected":false},"author":42,"featured_media":138508,"comment_status":"closed","ping_status":"closed","sticky":false,"template":"","format":"standard","meta":{"footnotes":""},"categories":[3201,2538,89,537],"tags":[2367,3546],"class_list":["post-138506","post","type-post","status-publish","format-standard","has-post-thumbnail","hentry","category-14a-regional","category-delegacias","category-regionais","category-ultimo-segundo","tag-14a-drp","tag-mineiros"],"rttpg_featured_image_url":{"full":["https:\/\/goias.gov.br\/policiacivil\/wp-content\/uploads\/sites\/71\/2024\/11\/site-pcgo-2024-11-26t092414.818.png",1200,675,false],"landscape":["https:\/\/goias.gov.br\/policiacivil\/wp-content\/uploads\/sites\/71\/2024\/11\/site-pcgo-2024-11-26t092414.818.png",1200,675,false],"portraits":["https:\/\/goias.gov.br\/policiacivil\/wp-content\/uploads\/sites\/71\/2024\/11\/site-pcgo-2024-11-26t092414.818.png",1200,675,false],"thumbnail":["https:\/\/goias.gov.br\/policiacivil\/wp-content\/uploads\/sites\/71\/2024\/11\/site-pcgo-2024-11-26t092414.818-300x300.png",150,150,true],"medium":["https:\/\/goias.gov.br\/policiacivil\/wp-content\/uploads\/sites\/71\/2024\/11\/site-pcgo-2024-11-26t092414.818.png",300,169,false],"large":["https:\/\/goias.gov.br\/policiacivil\/wp-content\/uploads\/sites\/71\/2024\/11\/site-pcgo-2024-11-26t092414.818.png",1024,576,false],"1536x1536":["https:\/\/goias.gov.br\/policiacivil\/wp-content\/uploads\/sites\/71\/2024\/11\/site-pcgo-2024-11-26t092414.818.png",1200,675,false],"2048x2048":["https:\/\/goias.gov.br\/policiacivil\/wp-content\/uploads\/sites\/71\/2024\/11\/site-pcgo-2024-11-26t092414.818.png",1200,675,false]},"rttpg_author":{"display_name":"carolinalima","author_link":"https:\/\/goias.gov.br\/policiacivil\/author\/carolinalima\/"},"rttpg_comment":0,"rttpg_category":"<a href=\"https:\/\/goias.gov.br\/policiacivil\/categoria\/drp\/14a-regional\/\" rel=\"category tag\">14\u00aa Regional<\/a> <a href=\"https:\/\/goias.gov.br\/policiacivil\/categoria\/delegacias\/\" rel=\"category tag\">Delegacias<\/a> <a href=\"https:\/\/goias.gov.br\/policiacivil\/categoria\/delegacias\/regionais\/\" rel=\"category tag\">Regionais<\/a> <a href=\"https:\/\/goias.gov.br\/policiacivil\/categoria\/ultimo-segundo\/\" rel=\"category tag\">\u00daltimo Segundo<\/a>","rttpg_excerpt":"A Pol\u00edcia Civil de Goi\u00e1s, por meio da Delegacia de Pol\u00edcia de Mineiros &#8211; 14\u00aa DRP, cumpriu nesta segunda-feira (25) um mandado de pris\u00e3o preventiva em desfavor de um indiv\u00edduo investigado pelo crime de furto qualificado. O investigado possui diversas anota\u00e7\u00f5es criminais e vinha sendo alvo de investiga\u00e7\u00e3o ap\u00f3s o registro de furtos no Setor&hellip;","_links":{"self":[{"href":"https:\/\/goias.gov.br\/policiacivil\/wp-json\/wp\/v2\/posts\/138506","targetHints":{"allow":["GET"]}}],"collection":[{"href":"https:\/\/goias.gov.br\/policiacivil\/wp-json\/wp\/v2\/posts"}],"about":[{"href":"https:\/\/goias.gov.br\/policiacivil\/wp-json\/wp\/v2\/types\/post"}],"author":[{"embeddable":true,"href":"https:\/\/goias.gov.br\/policiacivil\/wp-json\/wp\/v2\/users\/42"}],"replies":[{"embeddable":true,"href":"https:\/\/goias.gov.br\/policiacivil\/wp-json\/wp\/v2\/comments?post=138506"}],"version-history":[{"count":1,"href":"https:\/\/goias.gov.br\/policiacivil\/wp-json\/wp\/v2\/posts\/138506\/revisions"}],"predecessor-version":[{"id":138509,"href":"https:\/\/goias.gov.br\/policiacivil\/wp-json\/wp\/v2\/posts\/138506\/revisions\/138509"}],"wp:featuredmedia":[{"embeddable":true,"href":"https:\/\/goias.gov.br\/policiacivil\/wp-json\/wp\/v2\/media\/138508"}],"wp:attachment":[{"href":"https:\/\/goias.gov.br\/policiacivil\/wp-json\/wp\/v2\/media?parent=138506"}],"wp:term":[{"taxonomy":"category","embeddable":true,"href":"https:\/\/goias.gov.br\/policiacivil\/wp-json\/wp\/v2\/categories?post=138506"},{"taxonomy":"post_tag","embeddable":true,"href":"https:\/\/goias.gov.br\/policiacivil\/wp-json\/wp\/v2\/tags?post=138506"}],"curies":[{"name":"wp","href":"https:\/\/api.w.org\/{rel}","templated":true}]}}