

{"id":13800,"date":"2012-09-11T14:56:06","date_gmt":"2012-09-11T17:56:06","guid":{"rendered":"https:\/\/goias.gov.br\/policiacivil\/?p=13800"},"modified":"2012-09-13T09:33:23","modified_gmt":"2012-09-13T12:33:23","slug":"anapolis-policiais-civis-do-genarc-cumprem-mandados-de-busca-e-apreensao-e-prendem-tres-traficantes-de-drogas","status":"publish","type":"post","link":"https:\/\/goias.gov.br\/policiacivil\/anapolis-policiais-civis-do-genarc-cumprem-mandados-de-busca-e-apreensao-e-prendem-tres-traficantes-de-drogas\/","title":{"rendered":"Genarc de An\u00e1polis cumpre Mandados de Busca e Apreens\u00e3o e faz a pris\u00e3o de tr\u00eas traficantes"},"content":{"rendered":"<div>\n<div>\n<div style=\"text-align: justify;\">\n<div class=\"mceTemp\">\n<dl id=\"attachment_13802\" class=\"wp-caption alignleft\" style=\"width: 230px;\">\n<dt class=\"wp-caption-dt\"><a href=\" https:\/\/goias.gov.br\/policiacivil\/wp-content\/uploads\/sites\/71\/sites\/71\/2012\/09\/0000004820-apreens\u00e3o-2.jpg\"><img decoding=\"async\" class=\"size-medium wp-image-13802   \" title=\"Apreens\u00e3o 2\" src=\" https:\/\/goias.gov.br\/policiacivil\/wp-content\/uploads\/sites\/71\/sites\/71\/2012\/09\/0000004820-apreens\u00e3o-2-220x165.jpg\" alt=\"\" width=\"220\" height=\"165\" \/><\/a><\/dt>\n<\/dl>\n<\/div>\n<\/div>\n<div style=\"text-align: justify;\"><span style=\"font-family: arial,helvetica,sans-serif; font-size: x-small;\">O Grupo Especial de Repress\u00e3o a Narc\u00f3ticos &#8211; Genarc,\u00a0 de An\u00e1polis, rea<\/span><span style=\"font-family: arial,helvetica,sans-serif; font-size: x-small;\"><a href=\" https:\/\/goias.gov.br\/policiacivil\/wp-content\/uploads\/sites\/71\/sites\/71\/2012\/09\/0000004820-Apreens\u00e3o-1.jpg\"><img decoding=\"async\" class=\"size-medium wp-image-13803 alignright\" title=\"Apreens\u00e3o 1\" src=\" https:\/\/goias.gov.br\/policiacivil\/wp-content\/uploads\/sites\/71\/sites\/71\/2012\/09\/0000004820-Apreens\u00e3o-1-220x165.jpg\" alt=\"\" width=\"220\" height=\"165\" srcset=\"https:\/\/goias.gov.br\/policiacivil\/wp-content\/uploads\/sites\/71\/2012\/09\/0000004820-Apreens\u00e3o-1-220x165.jpg 220w, https:\/\/goias.gov.br\/policiacivil\/wp-content\/uploads\/sites\/71\/2012\/09\/0000004820-Apreens\u00e3o-1-300x225.jpg 300w, https:\/\/goias.gov.br\/policiacivil\/wp-content\/uploads\/sites\/71\/2012\/09\/0000004820-Apreens\u00e3o-1-350x263.jpg 350w, https:\/\/goias.gov.br\/policiacivil\/wp-content\/uploads\/sites\/71\/2012\/09\/0000004820-Apreens\u00e3o-1-600x450.jpg 600w, https:\/\/goias.gov.br\/policiacivil\/wp-content\/uploads\/sites\/71\/2012\/09\/0000004820-Apreens\u00e3o-1-80x60.jpg 80w, https:\/\/goias.gov.br\/policiacivil\/wp-content\/uploads\/sites\/71\/2012\/09\/0000004820-Apreens\u00e3o-1-160x120.jpg 160w, https:\/\/goias.gov.br\/policiacivil\/wp-content\/uploads\/sites\/71\/2012\/09\/0000004820-Apreens\u00e3o-1-265x198.jpg 265w, https:\/\/goias.gov.br\/policiacivil\/wp-content\/uploads\/sites\/71\/2012\/09\/0000004820-Apreens\u00e3o-1-530x396.jpg 530w, https:\/\/goias.gov.br\/policiacivil\/wp-content\/uploads\/sites\/71\/2012\/09\/0000004820-Apreens\u00e3o-1-560x420.jpg 560w, https:\/\/goias.gov.br\/policiacivil\/wp-content\/uploads\/sites\/71\/2012\/09\/0000004820-Apreens\u00e3o-1.jpg 620w\" sizes=\"(max-width: 220px) 100vw, 220px\" \/><\/a><\/span><span style=\"font-family: arial,helvetica,sans-serif; font-size: x-small;\">lizou opera\u00e7\u00e3o polic<\/span><span style=\"font-family: arial,helvetica,sans-serif; font-size: x-small;\">ial<\/span><span style=\"font-family: arial,helvetica,sans-serif; font-size: x-small;\"> na <\/span><span style=\"font-family: arial,helvetica,sans-serif; font-size: x-small;\">madrugada do \u00faltimo dia 05 para\u00a0 cumprimento de tr\u00eas Mandados de Busca e Apreens\u00e3o, De acordo com o<\/span><span style=\"font-family: arial,helvetica,sans-serif; font-size: x-small;\"> Delegado Titular do Genarc, Alex Nicolau do Nascimento Vasconcellos, no decorrer da da opera\u00e7\u00e3o, os Policiais Civis\u00a0 prenderam ainda tr\u00eas acusados de crime de tr\u00e1fico de drogas: Jorge Michael Dantas de Menezes, Wesley Leandro Barbosa Coelho e Nilci J\u00fanior de Oliveira. Houve apreens\u00e3o de maconha, coca\u00edna e crack, a quantia de R$ 3 mil reais em esp\u00e9cie e 02 balan\u00e7as digitais. Disseram\u00a0 os policiais que\u00a0 Wesley e Nilci comercializavam as drogas na mesma rua, a poucos metros um do outro, e que um se especializou na venda do crack e o outro da coca\u00edna.<\/span><\/div>\n<div style=\"text-align: justify;\"><\/div>\n<div style=\"text-align: justify;\"><\/div>\n<div style=\"text-align: justify;\"><\/div>\n<div style=\"text-align: justify;\"><span style=\"font-family: arial,helvetica,sans-serif; font-size: x-small;\">Geralda Ferraz &#8211; Escriv\u00e3 de Pol\u00edcia<\/span><\/div>\n<div style=\"text-align: justify;\"><span style=\"font-family: arial,helvetica,sans-serif; font-size: x-small;\"><br \/>\n<\/span><\/div>\n<div style=\"text-align: justify;\"><span style=\"font-family: arial,helvetica,sans-serif; font-size: x-small;\"><br \/>\n<\/span><\/div>\n<\/div>\n<\/div>\n","protected":false},"excerpt":{"rendered":"<p>O Grupo Especial de Repress\u00e3o a Narc\u00f3ticos &#8211; Genarc,\u00a0 de An\u00e1polis, realizou opera\u00e7\u00e3o policial na madrugada do \u00faltimo dia 05 para\u00a0 cumprimento de tr\u00eas Mandados de Busca e Apreens\u00e3o, De acordo com o Delegado Titular do Genarc, Alex Nicolau do Nascimento Vasconcellos, no decorrer da da opera\u00e7\u00e3o, os Policiais Civis\u00a0 prenderam ainda tr\u00eas acusados de [&hellip;]<\/p>\n","protected":false},"author":4,"featured_media":13803,"comment_status":"closed","ping_status":"closed","sticky":false,"template":"","format":"standard","meta":{"footnotes":""},"categories":[3],"tags":[31,314,861],"class_list":["post-13800","post","type-post","status-publish","format-standard","has-post-thumbnail","hentry","category-noticias","tag-anapolis","tag-drogas","tag-prisao"],"rttpg_featured_image_url":{"full":["https:\/\/goias.gov.br\/policiacivil\/wp-content\/uploads\/sites\/71\/2012\/09\/0000004820-Apreens\u00e3o-1.jpg",620,465,false],"landscape":["https:\/\/goias.gov.br\/policiacivil\/wp-content\/uploads\/sites\/71\/2012\/09\/0000004820-Apreens\u00e3o-1.jpg",620,465,false],"portraits":["https:\/\/goias.gov.br\/policiacivil\/wp-content\/uploads\/sites\/71\/2012\/09\/0000004820-Apreens\u00e3o-1.jpg",620,465,false],"thumbnail":["https:\/\/goias.gov.br\/policiacivil\/wp-content\/uploads\/sites\/71\/2012\/09\/0000004820-Apreens\u00e3o-1-150x150.jpg",150,150,true],"medium":["https:\/\/goias.gov.br\/policiacivil\/wp-content\/uploads\/sites\/71\/2012\/09\/0000004820-Apreens\u00e3o-1-300x225.jpg",300,225,true],"large":["https:\/\/goias.gov.br\/policiacivil\/wp-content\/uploads\/sites\/71\/2012\/09\/0000004820-Apreens\u00e3o-1-350x263.jpg",350,263,true],"1536x1536":["https:\/\/goias.gov.br\/policiacivil\/wp-content\/uploads\/sites\/71\/2012\/09\/0000004820-Apreens\u00e3o-1.jpg",620,465,false],"2048x2048":["https:\/\/goias.gov.br\/policiacivil\/wp-content\/uploads\/sites\/71\/2012\/09\/0000004820-Apreens\u00e3o-1.jpg",620,465,false]},"rttpg_author":{"display_name":"","author_link":"https:\/\/goias.gov.br\/policiacivil\/author\/"},"rttpg_comment":0,"rttpg_category":"<a href=\"https:\/\/goias.gov.br\/policiacivil\/categoria\/noticias\/\" rel=\"category tag\">Not\u00edcias<\/a>","rttpg_excerpt":"O Grupo Especial de Repress\u00e3o a Narc\u00f3ticos &#8211; Genarc,\u00a0 de An\u00e1polis, realizou opera\u00e7\u00e3o policial na madrugada do \u00faltimo dia 05 para\u00a0 cumprimento de tr\u00eas Mandados de Busca e Apreens\u00e3o, De acordo com o Delegado Titular do Genarc, Alex Nicolau do Nascimento Vasconcellos, no decorrer da da opera\u00e7\u00e3o, os Policiais Civis\u00a0 prenderam ainda tr\u00eas acusados de&hellip;","_links":{"self":[{"href":"https:\/\/goias.gov.br\/policiacivil\/wp-json\/wp\/v2\/posts\/13800","targetHints":{"allow":["GET"]}}],"collection":[{"href":"https:\/\/goias.gov.br\/policiacivil\/wp-json\/wp\/v2\/posts"}],"about":[{"href":"https:\/\/goias.gov.br\/policiacivil\/wp-json\/wp\/v2\/types\/post"}],"author":[{"embeddable":true,"href":"https:\/\/goias.gov.br\/policiacivil\/wp-json\/wp\/v2\/users\/4"}],"replies":[{"embeddable":true,"href":"https:\/\/goias.gov.br\/policiacivil\/wp-json\/wp\/v2\/comments?post=13800"}],"version-history":[{"count":0,"href":"https:\/\/goias.gov.br\/policiacivil\/wp-json\/wp\/v2\/posts\/13800\/revisions"}],"wp:featuredmedia":[{"embeddable":true,"href":"https:\/\/goias.gov.br\/policiacivil\/wp-json\/wp\/v2\/media\/13803"}],"wp:attachment":[{"href":"https:\/\/goias.gov.br\/policiacivil\/wp-json\/wp\/v2\/media?parent=13800"}],"wp:term":[{"taxonomy":"category","embeddable":true,"href":"https:\/\/goias.gov.br\/policiacivil\/wp-json\/wp\/v2\/categories?post=13800"},{"taxonomy":"post_tag","embeddable":true,"href":"https:\/\/goias.gov.br\/policiacivil\/wp-json\/wp\/v2\/tags?post=13800"}],"curies":[{"name":"wp","href":"https:\/\/api.w.org\/{rel}","templated":true}]}}