

{"id":136485,"date":"2024-09-27T17:58:51","date_gmt":"2024-09-27T20:58:51","guid":{"rendered":" https:\/\/goias.gov.br\/policiacivil\/?p=136485"},"modified":"2024-09-27T17:58:51","modified_gmt":"2024-09-27T20:58:51","slug":"operacao-integrada-prende-suspeito-por-furto-de-energia-eletrica-em-fazenda-de-bom-jesus-de-goias","status":"publish","type":"post","link":"https:\/\/goias.gov.br\/policiacivil\/operacao-integrada-prende-suspeito-por-furto-de-energia-eletrica-em-fazenda-de-bom-jesus-de-goias\/","title":{"rendered":"Opera\u00e7\u00e3o integrada prende suspeito por furto de energia el\u00e9trica em fazenda de Bom Jesus de Goi\u00e1s"},"content":{"rendered":"<p style=\"text-align: justify;\">A Pol\u00edcia Civil de Goi\u00e1s, por meio da Delegacia de Bom Jesus de Goi\u00e1s, no final da manh\u00e3 de hoje (27), prendeu em flagrante um propriet\u00e1rio de fazenda rural por furto de energia el\u00e9trica mediante fraude. Ap\u00f3s comunicado da Empresa Equatorial Energia de poss\u00edvel \u201cgato\u201d de energia el\u00e9trica em uma fazenda, a Pol\u00edcia Civil, com apoio da Pol\u00edcia T\u00e9cnico-cient\u00edfica, 03\u00aa Cia do Batalh\u00e3o Rural da Pol\u00edcia Militar e t\u00e9cnicos da empresa Equatorial, deflagrou a opera\u00e7\u00e3o a fim de apurar as circunst\u00e2ncias, autoria e materialidade delitiva.<\/p>\n<p style=\"text-align: justify;\">No local, foi constatado pelos t\u00e9cnicos e peritos criminais que havia dois transformadores da Empresa de energia el\u00e9trica sem registro de consumo h\u00e1 16 meses, conseguindo com isso fraudar o recebimento e quantidade exata de energia que consumia.\u00a0Diante dos fatos, foi dado voz de pris\u00e3o ao propriet\u00e1rio e levado at\u00e9 \u00e0 Delegacia de Bom Jesus.<\/p>\n<p>&nbsp;<\/p>\n<div id='gallery-1' class='gallery galleryid-136485 gallery-columns-2 gallery-size-thumbnail'><figure class='gallery-item'>\n\t\t\t<div class='gallery-icon landscape'>\n\t\t\t\t<a href='https:\/\/goias.gov.br\/policiacivil\/wp-content\/uploads\/sites\/71\/2024\/09\/whatsapp-image-2024-09-27-at-17.08.11-1.jpeg'><img decoding=\"async\" width=\"150\" height=\"150\" src=\"https:\/\/goias.gov.br\/policiacivil\/wp-content\/uploads\/sites\/71\/2024\/09\/whatsapp-image-2024-09-27-at-17.08.11-1-300x300.jpeg\" class=\"attachment-thumbnail size-thumbnail\" alt=\"\" \/><\/a>\n\t\t\t<\/div><\/figure><figure class='gallery-item'>\n\t\t\t<div class='gallery-icon portrait'>\n\t\t\t\t<a href='https:\/\/goias.gov.br\/policiacivil\/wp-content\/uploads\/sites\/71\/2024\/09\/whatsapp-image-2024-09-27-at-17.08.11.jpeg'><img decoding=\"async\" width=\"150\" height=\"150\" src=\"https:\/\/goias.gov.br\/policiacivil\/wp-content\/uploads\/sites\/71\/2024\/09\/whatsapp-image-2024-09-27-at-17.08.11-300x300.jpeg\" class=\"attachment-thumbnail size-thumbnail\" alt=\"\" \/><\/a>\n\t\t\t<\/div><\/figure>\n\t\t<\/div>\n\n<p>&nbsp;<\/p>\n","protected":false},"excerpt":{"rendered":"<p>A Pol\u00edcia Civil de Goi\u00e1s, por meio da Delegacia de Bom Jesus de Goi\u00e1s, no final da manh\u00e3 de hoje (27), prendeu em flagrante um propriet\u00e1rio de fazenda rural por furto de energia el\u00e9trica mediante fraude. Ap\u00f3s comunicado da Empresa Equatorial Energia de poss\u00edvel \u201cgato\u201d de energia el\u00e9trica em uma fazenda, a Pol\u00edcia Civil, com [&hellip;]<\/p>\n","protected":false},"author":34,"featured_media":136487,"comment_status":"closed","ping_status":"closed","sticky":false,"template":"","format":"standard","meta":{"footnotes":""},"categories":[3203,2538,6069,89],"tags":[1146],"class_list":["post-136485","post","type-post","status-publish","format-standard","has-post-thumbnail","hentry","category-16a-regional","category-delegacias","category-noticias-da-policia-civil","category-regionais","tag-bom-jesus"],"rttpg_featured_image_url":{"full":["https:\/\/goias.gov.br\/policiacivil\/wp-content\/uploads\/sites\/71\/2024\/09\/whatsapp-image-2024-09-27-at-17.08.11.jpeg",900,1200,false],"landscape":["https:\/\/goias.gov.br\/policiacivil\/wp-content\/uploads\/sites\/71\/2024\/09\/whatsapp-image-2024-09-27-at-17.08.11.jpeg",900,1200,false],"portraits":["https:\/\/goias.gov.br\/policiacivil\/wp-content\/uploads\/sites\/71\/2024\/09\/whatsapp-image-2024-09-27-at-17.08.11.jpeg",900,1200,false],"thumbnail":["https:\/\/goias.gov.br\/policiacivil\/wp-content\/uploads\/sites\/71\/2024\/09\/whatsapp-image-2024-09-27-at-17.08.11-300x300.jpeg",150,150,true],"medium":["https:\/\/goias.gov.br\/policiacivil\/wp-content\/uploads\/sites\/71\/2024\/09\/whatsapp-image-2024-09-27-at-17.08.11.jpeg",225,300,false],"large":["https:\/\/goias.gov.br\/policiacivil\/wp-content\/uploads\/sites\/71\/2024\/09\/whatsapp-image-2024-09-27-at-17.08.11.jpeg",768,1024,false],"1536x1536":["https:\/\/goias.gov.br\/policiacivil\/wp-content\/uploads\/sites\/71\/2024\/09\/whatsapp-image-2024-09-27-at-17.08.11.jpeg",900,1200,false],"2048x2048":["https:\/\/goias.gov.br\/policiacivil\/wp-content\/uploads\/sites\/71\/2024\/09\/whatsapp-image-2024-09-27-at-17.08.11.jpeg",900,1200,false]},"rttpg_author":{"display_name":"celsoassis","author_link":"https:\/\/goias.gov.br\/policiacivil\/author\/celsoassis\/"},"rttpg_comment":0,"rttpg_category":"<a href=\"https:\/\/goias.gov.br\/policiacivil\/categoria\/drp\/16a-regional\/\" rel=\"category tag\">16\u00aa Regional<\/a> <a href=\"https:\/\/goias.gov.br\/policiacivil\/categoria\/delegacias\/\" rel=\"category tag\">Delegacias<\/a> <a href=\"https:\/\/goias.gov.br\/policiacivil\/categoria\/noticias\/noticias-da-policia-civil\/\" rel=\"category tag\">Not\u00edcias da Pol\u00edcia Civil<\/a> <a href=\"https:\/\/goias.gov.br\/policiacivil\/categoria\/delegacias\/regionais\/\" rel=\"category tag\">Regionais<\/a>","rttpg_excerpt":"A Pol\u00edcia Civil de Goi\u00e1s, por meio da Delegacia de Bom Jesus de Goi\u00e1s, no final da manh\u00e3 de hoje (27), prendeu em flagrante um propriet\u00e1rio de fazenda rural por furto de energia el\u00e9trica mediante fraude. Ap\u00f3s comunicado da Empresa Equatorial Energia de poss\u00edvel \u201cgato\u201d de energia el\u00e9trica em uma fazenda, a Pol\u00edcia Civil, com&hellip;","_links":{"self":[{"href":"https:\/\/goias.gov.br\/policiacivil\/wp-json\/wp\/v2\/posts\/136485","targetHints":{"allow":["GET"]}}],"collection":[{"href":"https:\/\/goias.gov.br\/policiacivil\/wp-json\/wp\/v2\/posts"}],"about":[{"href":"https:\/\/goias.gov.br\/policiacivil\/wp-json\/wp\/v2\/types\/post"}],"author":[{"embeddable":true,"href":"https:\/\/goias.gov.br\/policiacivil\/wp-json\/wp\/v2\/users\/34"}],"replies":[{"embeddable":true,"href":"https:\/\/goias.gov.br\/policiacivil\/wp-json\/wp\/v2\/comments?post=136485"}],"version-history":[{"count":1,"href":"https:\/\/goias.gov.br\/policiacivil\/wp-json\/wp\/v2\/posts\/136485\/revisions"}],"predecessor-version":[{"id":136488,"href":"https:\/\/goias.gov.br\/policiacivil\/wp-json\/wp\/v2\/posts\/136485\/revisions\/136488"}],"wp:featuredmedia":[{"embeddable":true,"href":"https:\/\/goias.gov.br\/policiacivil\/wp-json\/wp\/v2\/media\/136487"}],"wp:attachment":[{"href":"https:\/\/goias.gov.br\/policiacivil\/wp-json\/wp\/v2\/media?parent=136485"}],"wp:term":[{"taxonomy":"category","embeddable":true,"href":"https:\/\/goias.gov.br\/policiacivil\/wp-json\/wp\/v2\/categories?post=136485"},{"taxonomy":"post_tag","embeddable":true,"href":"https:\/\/goias.gov.br\/policiacivil\/wp-json\/wp\/v2\/tags?post=136485"}],"curies":[{"name":"wp","href":"https:\/\/api.w.org\/{rel}","templated":true}]}}