

{"id":136036,"date":"2024-09-20T11:05:48","date_gmt":"2024-09-20T14:05:48","guid":{"rendered":" https:\/\/goias.gov.br\/policiacivil\/?p=136036"},"modified":"2024-09-20T11:05:48","modified_gmt":"2024-09-20T14:05:48","slug":"pcgo-prende-homem-que-ateou-fogo-em-moto-e-casa-de-vitima-apos-desacordo-comercial-em-niquelandia","status":"publish","type":"post","link":"https:\/\/goias.gov.br\/policiacivil\/pcgo-prende-homem-que-ateou-fogo-em-moto-e-casa-de-vitima-apos-desacordo-comercial-em-niquelandia\/","title":{"rendered":"PCGO prende homem que ateou fogo em moto e casa de v\u00edtima ap\u00f3s desacordo comercial em Niquel\u00e2ndia"},"content":{"rendered":"<p style=\"text-align: justify;\"><span style=\"font-weight: 400;\">A Pol\u00edcia Civil de Goi\u00e1s, por meio da Delegacia de Niquel\u00e2ndia &#8211; 18\u00aa DRP, ap\u00f3s ser contactada por uma v\u00edtima acerca de amea\u00e7a por conta de um desacordo comercial e que o meliante estaria em sua casa com um machado, prontamente se deslocou para o endere\u00e7o onde o indiv\u00edduo, ap\u00f3s amea\u00e7ar a v\u00edtima e sua fam\u00edlia, ateou fogo na moto e na resid\u00eancia do ofendido. O indiv\u00edduo foi preso em flagrante e em ato cont\u00ednuo a equipe empreendeu esfor\u00e7os junto ao Corpo de Bombeiro Militar para erradica\u00e7\u00e3o do fogo.<\/span><\/p>\n","protected":false},"excerpt":{"rendered":"<p>A Pol\u00edcia Civil de Goi\u00e1s, por meio da Delegacia de Niquel\u00e2ndia &#8211; 18\u00aa DRP, ap\u00f3s ser contactada por uma v\u00edtima acerca de amea\u00e7a por conta de um desacordo comercial e que o meliante estaria em sua casa com um machado, prontamente se deslocou para o endere\u00e7o onde o indiv\u00edduo, ap\u00f3s amea\u00e7ar a v\u00edtima e sua [&hellip;]<\/p>\n","protected":false},"author":42,"featured_media":136037,"comment_status":"closed","ping_status":"closed","sticky":false,"template":"","format":"standard","meta":{"footnotes":""},"categories":[6760,2538,89,537],"tags":[10450,3223],"class_list":["post-136036","post","type-post","status-publish","format-standard","has-post-thumbnail","hentry","category-18a-regional","category-delegacias","category-regionais","category-ultimo-segundo","tag-18a-drp","tag-niquelandia"],"rttpg_featured_image_url":{"full":["https:\/\/goias.gov.br\/policiacivil\/wp-content\/uploads\/sites\/71\/2024\/09\/whatsapp-image-2024-09-20-at-11.03.04.jpeg",1200,675,false],"landscape":["https:\/\/goias.gov.br\/policiacivil\/wp-content\/uploads\/sites\/71\/2024\/09\/whatsapp-image-2024-09-20-at-11.03.04.jpeg",1200,675,false],"portraits":["https:\/\/goias.gov.br\/policiacivil\/wp-content\/uploads\/sites\/71\/2024\/09\/whatsapp-image-2024-09-20-at-11.03.04.jpeg",1200,675,false],"thumbnail":["https:\/\/goias.gov.br\/policiacivil\/wp-content\/uploads\/sites\/71\/2024\/09\/whatsapp-image-2024-09-20-at-11.03.04-300x300.jpeg",150,150,true],"medium":["https:\/\/goias.gov.br\/policiacivil\/wp-content\/uploads\/sites\/71\/2024\/09\/whatsapp-image-2024-09-20-at-11.03.04.jpeg",300,169,false],"large":["https:\/\/goias.gov.br\/policiacivil\/wp-content\/uploads\/sites\/71\/2024\/09\/whatsapp-image-2024-09-20-at-11.03.04.jpeg",1024,576,false],"1536x1536":["https:\/\/goias.gov.br\/policiacivil\/wp-content\/uploads\/sites\/71\/2024\/09\/whatsapp-image-2024-09-20-at-11.03.04.jpeg",1200,675,false],"2048x2048":["https:\/\/goias.gov.br\/policiacivil\/wp-content\/uploads\/sites\/71\/2024\/09\/whatsapp-image-2024-09-20-at-11.03.04.jpeg",1200,675,false]},"rttpg_author":{"display_name":"carolinalima","author_link":"https:\/\/goias.gov.br\/policiacivil\/author\/carolinalima\/"},"rttpg_comment":0,"rttpg_category":"<a href=\"https:\/\/goias.gov.br\/policiacivil\/categoria\/drp\/18a-regional\/\" rel=\"category tag\">18\u00aa Regional<\/a> <a href=\"https:\/\/goias.gov.br\/policiacivil\/categoria\/delegacias\/\" rel=\"category tag\">Delegacias<\/a> <a href=\"https:\/\/goias.gov.br\/policiacivil\/categoria\/delegacias\/regionais\/\" rel=\"category tag\">Regionais<\/a> <a href=\"https:\/\/goias.gov.br\/policiacivil\/categoria\/ultimo-segundo\/\" rel=\"category tag\">\u00daltimo Segundo<\/a>","rttpg_excerpt":"A Pol\u00edcia Civil de Goi\u00e1s, por meio da Delegacia de Niquel\u00e2ndia &#8211; 18\u00aa DRP, ap\u00f3s ser contactada por uma v\u00edtima acerca de amea\u00e7a por conta de um desacordo comercial e que o meliante estaria em sua casa com um machado, prontamente se deslocou para o endere\u00e7o onde o indiv\u00edduo, ap\u00f3s amea\u00e7ar a v\u00edtima e sua&hellip;","_links":{"self":[{"href":"https:\/\/goias.gov.br\/policiacivil\/wp-json\/wp\/v2\/posts\/136036","targetHints":{"allow":["GET"]}}],"collection":[{"href":"https:\/\/goias.gov.br\/policiacivil\/wp-json\/wp\/v2\/posts"}],"about":[{"href":"https:\/\/goias.gov.br\/policiacivil\/wp-json\/wp\/v2\/types\/post"}],"author":[{"embeddable":true,"href":"https:\/\/goias.gov.br\/policiacivil\/wp-json\/wp\/v2\/users\/42"}],"replies":[{"embeddable":true,"href":"https:\/\/goias.gov.br\/policiacivil\/wp-json\/wp\/v2\/comments?post=136036"}],"version-history":[{"count":1,"href":"https:\/\/goias.gov.br\/policiacivil\/wp-json\/wp\/v2\/posts\/136036\/revisions"}],"predecessor-version":[{"id":136038,"href":"https:\/\/goias.gov.br\/policiacivil\/wp-json\/wp\/v2\/posts\/136036\/revisions\/136038"}],"wp:featuredmedia":[{"embeddable":true,"href":"https:\/\/goias.gov.br\/policiacivil\/wp-json\/wp\/v2\/media\/136037"}],"wp:attachment":[{"href":"https:\/\/goias.gov.br\/policiacivil\/wp-json\/wp\/v2\/media?parent=136036"}],"wp:term":[{"taxonomy":"category","embeddable":true,"href":"https:\/\/goias.gov.br\/policiacivil\/wp-json\/wp\/v2\/categories?post=136036"},{"taxonomy":"post_tag","embeddable":true,"href":"https:\/\/goias.gov.br\/policiacivil\/wp-json\/wp\/v2\/tags?post=136036"}],"curies":[{"name":"wp","href":"https:\/\/api.w.org\/{rel}","templated":true}]}}