

{"id":136030,"date":"2024-09-20T10:57:59","date_gmt":"2024-09-20T13:57:59","guid":{"rendered":" https:\/\/goias.gov.br\/policiacivil\/?p=136030"},"modified":"2024-09-20T10:57:59","modified_gmt":"2024-09-20T13:57:59","slug":"pcgo-prende-condenado-de-60-anos-por-estupro-de-vulneravel-em-rio-quente","status":"publish","type":"post","link":"https:\/\/goias.gov.br\/policiacivil\/pcgo-prende-condenado-de-60-anos-por-estupro-de-vulneravel-em-rio-quente\/","title":{"rendered":"PCGO prende condenado de 60 anos por estupro de vulner\u00e1vel em Rio Quente"},"content":{"rendered":"<p style=\"text-align: justify;\">A Pol\u00edcia Civil de Goi\u00e1s, por meio da Delegacia Especializada de Atendimento \u00e0 Mulher de Caldas Novas &#8211; 19\u00aa DRP e da Delegacia de Firmin\u00f3polis &#8211; 7\u00aa DRP, deu cumprimento a um mandado de pris\u00e3o definitiva, nesta quinta-feira (19), em desfavor de um indiv\u00edduo, de 60 anos de idade, condenado pela pr\u00e1tica do crime de estupro de vulner\u00e1vel, fato ocorrido no munic\u00edpio de Firmin\u00f3polis.<\/p>\n<p>O indiv\u00edduo foi localizado no munic\u00edpio de Rio Quente, tendo sa\u00eddo de sua cidade de origem ap\u00f3s a expedi\u00e7\u00e3o do mandado de pris\u00e3o, sendo capturado e encaminhado \u00e0 unidade prisional de Caldas Novas. Consta do processo que a pena a ser executada \u00e9 de 22 anos e 8 meses de reclus\u00e3o.<\/p>\n","protected":false},"excerpt":{"rendered":"<p>A Pol\u00edcia Civil de Goi\u00e1s, por meio da Delegacia Especializada de Atendimento \u00e0 Mulher de Caldas Novas &#8211; 19\u00aa DRP e da Delegacia de Firmin\u00f3polis &#8211; 7\u00aa DRP, deu cumprimento a um mandado de pris\u00e3o definitiva, nesta quinta-feira (19), em desfavor de um indiv\u00edduo, de 60 anos de idade, condenado pela pr\u00e1tica do crime de [&hellip;]<\/p>\n","protected":false},"author":42,"featured_media":136031,"comment_status":"closed","ping_status":"closed","sticky":false,"template":"","format":"standard","meta":{"footnotes":""},"categories":[8706,3194,2538,89,537],"tags":[10474,2368],"class_list":["post-136030","post","type-post","status-publish","format-standard","has-post-thumbnail","hentry","category-19a-regional","category-7a-regional","category-delegacias","category-regionais","category-ultimo-segundo","tag-19a-drp","tag-7a-drp"],"rttpg_featured_image_url":{"full":["https:\/\/goias.gov.br\/policiacivil\/wp-content\/uploads\/sites\/71\/2024\/09\/1000038954-813bb4191b3aac68373c7c8476dacc8a-18-09-2024-17-50-32.jpg",1200,675,false],"landscape":["https:\/\/goias.gov.br\/policiacivil\/wp-content\/uploads\/sites\/71\/2024\/09\/1000038954-813bb4191b3aac68373c7c8476dacc8a-18-09-2024-17-50-32.jpg",1200,675,false],"portraits":["https:\/\/goias.gov.br\/policiacivil\/wp-content\/uploads\/sites\/71\/2024\/09\/1000038954-813bb4191b3aac68373c7c8476dacc8a-18-09-2024-17-50-32.jpg",1200,675,false],"thumbnail":["https:\/\/goias.gov.br\/policiacivil\/wp-content\/uploads\/sites\/71\/2024\/09\/1000038954-813bb4191b3aac68373c7c8476dacc8a-18-09-2024-17-50-32-300x300.jpg",150,150,true],"medium":["https:\/\/goias.gov.br\/policiacivil\/wp-content\/uploads\/sites\/71\/2024\/09\/1000038954-813bb4191b3aac68373c7c8476dacc8a-18-09-2024-17-50-32.jpg",300,169,false],"large":["https:\/\/goias.gov.br\/policiacivil\/wp-content\/uploads\/sites\/71\/2024\/09\/1000038954-813bb4191b3aac68373c7c8476dacc8a-18-09-2024-17-50-32.jpg",1024,576,false],"1536x1536":["https:\/\/goias.gov.br\/policiacivil\/wp-content\/uploads\/sites\/71\/2024\/09\/1000038954-813bb4191b3aac68373c7c8476dacc8a-18-09-2024-17-50-32.jpg",1200,675,false],"2048x2048":["https:\/\/goias.gov.br\/policiacivil\/wp-content\/uploads\/sites\/71\/2024\/09\/1000038954-813bb4191b3aac68373c7c8476dacc8a-18-09-2024-17-50-32.jpg",1200,675,false]},"rttpg_author":{"display_name":"carolinalima","author_link":"https:\/\/goias.gov.br\/policiacivil\/author\/carolinalima\/"},"rttpg_comment":0,"rttpg_category":"<a href=\"https:\/\/goias.gov.br\/policiacivil\/categoria\/drp\/19a-regional\/\" rel=\"category tag\">19\u00aa Regional<\/a> <a href=\"https:\/\/goias.gov.br\/policiacivil\/categoria\/drp\/7a-regional\/\" rel=\"category tag\">7\u00aa Regional<\/a> <a href=\"https:\/\/goias.gov.br\/policiacivil\/categoria\/delegacias\/\" rel=\"category tag\">Delegacias<\/a> <a href=\"https:\/\/goias.gov.br\/policiacivil\/categoria\/delegacias\/regionais\/\" rel=\"category tag\">Regionais<\/a> <a href=\"https:\/\/goias.gov.br\/policiacivil\/categoria\/ultimo-segundo\/\" rel=\"category tag\">\u00daltimo Segundo<\/a>","rttpg_excerpt":"A Pol\u00edcia Civil de Goi\u00e1s, por meio da Delegacia Especializada de Atendimento \u00e0 Mulher de Caldas Novas &#8211; 19\u00aa DRP e da Delegacia de Firmin\u00f3polis &#8211; 7\u00aa DRP, deu cumprimento a um mandado de pris\u00e3o definitiva, nesta quinta-feira (19), em desfavor de um indiv\u00edduo, de 60 anos de idade, condenado pela pr\u00e1tica do crime de&hellip;","_links":{"self":[{"href":"https:\/\/goias.gov.br\/policiacivil\/wp-json\/wp\/v2\/posts\/136030","targetHints":{"allow":["GET"]}}],"collection":[{"href":"https:\/\/goias.gov.br\/policiacivil\/wp-json\/wp\/v2\/posts"}],"about":[{"href":"https:\/\/goias.gov.br\/policiacivil\/wp-json\/wp\/v2\/types\/post"}],"author":[{"embeddable":true,"href":"https:\/\/goias.gov.br\/policiacivil\/wp-json\/wp\/v2\/users\/42"}],"replies":[{"embeddable":true,"href":"https:\/\/goias.gov.br\/policiacivil\/wp-json\/wp\/v2\/comments?post=136030"}],"version-history":[{"count":1,"href":"https:\/\/goias.gov.br\/policiacivil\/wp-json\/wp\/v2\/posts\/136030\/revisions"}],"predecessor-version":[{"id":136032,"href":"https:\/\/goias.gov.br\/policiacivil\/wp-json\/wp\/v2\/posts\/136030\/revisions\/136032"}],"wp:featuredmedia":[{"embeddable":true,"href":"https:\/\/goias.gov.br\/policiacivil\/wp-json\/wp\/v2\/media\/136031"}],"wp:attachment":[{"href":"https:\/\/goias.gov.br\/policiacivil\/wp-json\/wp\/v2\/media?parent=136030"}],"wp:term":[{"taxonomy":"category","embeddable":true,"href":"https:\/\/goias.gov.br\/policiacivil\/wp-json\/wp\/v2\/categories?post=136030"},{"taxonomy":"post_tag","embeddable":true,"href":"https:\/\/goias.gov.br\/policiacivil\/wp-json\/wp\/v2\/tags?post=136030"}],"curies":[{"name":"wp","href":"https:\/\/api.w.org\/{rel}","templated":true}]}}