

{"id":135137,"date":"2024-08-29T10:16:11","date_gmt":"2024-08-29T13:16:11","guid":{"rendered":" https:\/\/goias.gov.br\/policiacivil\/?p=135137"},"modified":"2024-08-29T10:16:11","modified_gmt":"2024-08-29T13:16:11","slug":"shamar-pcgo-prende-homem-que-agrediu-companheira-apos-filho-do-suspeito-chamar-a-policia","status":"publish","type":"post","link":"https:\/\/goias.gov.br\/policiacivil\/shamar-pcgo-prende-homem-que-agrediu-companheira-apos-filho-do-suspeito-chamar-a-policia\/","title":{"rendered":"Shamar: PCGO prende homem que agrediu companheira ap\u00f3s filho do suspeito chamar a pol\u00edcia"},"content":{"rendered":"<p style=\"text-align: justify;\">A Pol\u00edcia Civil de Goi\u00e1s, por meio da Delegacia Especializada de Atendimento \u00e0 Mulher de Valpara\u00edso &#8211; 5\u00aa DRP, prendeu, nesta quarta-feira (28), um homem por tentativa de feminic\u00eddio, fato ocorrido em Valpara\u00edso no dia 25 de agosto.<\/p>\n<p style=\"text-align: justify;\">De acordo com as investiga\u00e7\u00f5es, o filho do suspeito chamou a Pol\u00edcia Militar de Goi\u00e1s ap\u00f3s ter testemunhado que seu pai, de 33 anos, havia agredido fisicamente sua madrasta com uma faca. Posteriormente ao ato, o autor evadiu-se do local. Em decorr\u00eancia das les\u00f5es, a v\u00edtima foi prontamente socorrida por vizinhos e encaminhada ao hospital municipal, apresentando amputa\u00e7\u00e3o parcial da orelha.<\/p>\n<p style=\"text-align: justify;\">Em compartilhamento de informa\u00e7\u00f5es, a PCGO e a PMGO diligenciaram para localizar o paradeiro do investigado. A autoridade policial da DEAM representou pela pris\u00e3o preventiva do acusado, levando \u00e0 expedi\u00e7\u00e3o de um mandado de pris\u00e3o contra ele. Atrav\u00e9s de buscas realizadas na cidade, o investigado foi localizado e preso. O caso permanece em andamento sob investiga\u00e7\u00e3o.<\/p>\n","protected":false},"excerpt":{"rendered":"<p>A Pol\u00edcia Civil de Goi\u00e1s, por meio da Delegacia Especializada de Atendimento \u00e0 Mulher de Valpara\u00edso &#8211; 5\u00aa DRP, prendeu, nesta quarta-feira (28), um homem por tentativa de feminic\u00eddio, fato ocorrido em Valpara\u00edso no dia 25 de agosto. De acordo com as investiga\u00e7\u00f5es, o filho do suspeito chamou a Pol\u00edcia Militar de Goi\u00e1s ap\u00f3s ter [&hellip;]<\/p>\n","protected":false},"author":42,"featured_media":135139,"comment_status":"closed","ping_status":"closed","sticky":false,"template":"","format":"standard","meta":{"footnotes":""},"categories":[3192,2538,89,537],"tags":[1466,2033],"class_list":["post-135137","post","type-post","status-publish","format-standard","has-post-thumbnail","hentry","category-5a-regional","category-delegacias","category-regionais","category-ultimo-segundo","tag-5a-drp","tag-valparaiso"],"rttpg_featured_image_url":{"full":["https:\/\/goias.gov.br\/policiacivil\/wp-content\/uploads\/sites\/71\/2024\/08\/site-pcgo-2024-08-29t101554.567.png",1200,675,false],"landscape":["https:\/\/goias.gov.br\/policiacivil\/wp-content\/uploads\/sites\/71\/2024\/08\/site-pcgo-2024-08-29t101554.567.png",1200,675,false],"portraits":["https:\/\/goias.gov.br\/policiacivil\/wp-content\/uploads\/sites\/71\/2024\/08\/site-pcgo-2024-08-29t101554.567.png",1200,675,false],"thumbnail":["https:\/\/goias.gov.br\/policiacivil\/wp-content\/uploads\/sites\/71\/2024\/08\/site-pcgo-2024-08-29t101554.567-300x300.png",150,150,true],"medium":["https:\/\/goias.gov.br\/policiacivil\/wp-content\/uploads\/sites\/71\/2024\/08\/site-pcgo-2024-08-29t101554.567.png",300,169,false],"large":["https:\/\/goias.gov.br\/policiacivil\/wp-content\/uploads\/sites\/71\/2024\/08\/site-pcgo-2024-08-29t101554.567.png",1024,576,false],"1536x1536":["https:\/\/goias.gov.br\/policiacivil\/wp-content\/uploads\/sites\/71\/2024\/08\/site-pcgo-2024-08-29t101554.567.png",1200,675,false],"2048x2048":["https:\/\/goias.gov.br\/policiacivil\/wp-content\/uploads\/sites\/71\/2024\/08\/site-pcgo-2024-08-29t101554.567.png",1200,675,false]},"rttpg_author":{"display_name":"carolinalima","author_link":"https:\/\/goias.gov.br\/policiacivil\/author\/carolinalima\/"},"rttpg_comment":0,"rttpg_category":"<a href=\"https:\/\/goias.gov.br\/policiacivil\/categoria\/drp\/5a-regional\/\" rel=\"category tag\">5\u00aa Regional<\/a> <a href=\"https:\/\/goias.gov.br\/policiacivil\/categoria\/delegacias\/\" rel=\"category tag\">Delegacias<\/a> <a href=\"https:\/\/goias.gov.br\/policiacivil\/categoria\/delegacias\/regionais\/\" rel=\"category tag\">Regionais<\/a> <a href=\"https:\/\/goias.gov.br\/policiacivil\/categoria\/ultimo-segundo\/\" rel=\"category tag\">\u00daltimo Segundo<\/a>","rttpg_excerpt":"A Pol\u00edcia Civil de Goi\u00e1s, por meio da Delegacia Especializada de Atendimento \u00e0 Mulher de Valpara\u00edso &#8211; 5\u00aa DRP, prendeu, nesta quarta-feira (28), um homem por tentativa de feminic\u00eddio, fato ocorrido em Valpara\u00edso no dia 25 de agosto. De acordo com as investiga\u00e7\u00f5es, o filho do suspeito chamou a Pol\u00edcia Militar de Goi\u00e1s ap\u00f3s ter&hellip;","_links":{"self":[{"href":"https:\/\/goias.gov.br\/policiacivil\/wp-json\/wp\/v2\/posts\/135137","targetHints":{"allow":["GET"]}}],"collection":[{"href":"https:\/\/goias.gov.br\/policiacivil\/wp-json\/wp\/v2\/posts"}],"about":[{"href":"https:\/\/goias.gov.br\/policiacivil\/wp-json\/wp\/v2\/types\/post"}],"author":[{"embeddable":true,"href":"https:\/\/goias.gov.br\/policiacivil\/wp-json\/wp\/v2\/users\/42"}],"replies":[{"embeddable":true,"href":"https:\/\/goias.gov.br\/policiacivil\/wp-json\/wp\/v2\/comments?post=135137"}],"version-history":[{"count":1,"href":"https:\/\/goias.gov.br\/policiacivil\/wp-json\/wp\/v2\/posts\/135137\/revisions"}],"predecessor-version":[{"id":135140,"href":"https:\/\/goias.gov.br\/policiacivil\/wp-json\/wp\/v2\/posts\/135137\/revisions\/135140"}],"wp:featuredmedia":[{"embeddable":true,"href":"https:\/\/goias.gov.br\/policiacivil\/wp-json\/wp\/v2\/media\/135139"}],"wp:attachment":[{"href":"https:\/\/goias.gov.br\/policiacivil\/wp-json\/wp\/v2\/media?parent=135137"}],"wp:term":[{"taxonomy":"category","embeddable":true,"href":"https:\/\/goias.gov.br\/policiacivil\/wp-json\/wp\/v2\/categories?post=135137"},{"taxonomy":"post_tag","embeddable":true,"href":"https:\/\/goias.gov.br\/policiacivil\/wp-json\/wp\/v2\/tags?post=135137"}],"curies":[{"name":"wp","href":"https:\/\/api.w.org\/{rel}","templated":true}]}}