

{"id":13507,"date":"2012-08-31T07:13:21","date_gmt":"2012-08-31T10:13:21","guid":{"rendered":"https:\/\/goias.gov.br\/policiacivil\/?p=13507"},"modified":"2012-08-31T07:13:21","modified_gmt":"2012-08-31T10:13:21","slug":"apreender-a-realidade","status":"publish","type":"post","link":"https:\/\/goias.gov.br\/policiacivil\/apreender-a-realidade\/","title":{"rendered":"Apreender a realidade"},"content":{"rendered":"<div>\n<figure id=\"attachment_13509\" aria-describedby=\"caption-attachment-13509\" style=\"width: 140px\" class=\"wp-caption alignleft\"><a href=\" https:\/\/goias.gov.br\/policiacivil\/wp-content\/uploads\/sites\/71\/sites\/71\/2012\/08\/edemundodias1.jpg\"><img decoding=\"async\" class=\"size-full wp-image-13509\" title=\"edemundodias\" src=\" https:\/\/goias.gov.br\/policiacivil\/wp-content\/uploads\/sites\/71\/sites\/71\/2012\/08\/edemundodias1.jpg\" alt=\"\" width=\"140\" height=\"140\" \/><\/a><figcaption id=\"caption-attachment-13509\" class=\"wp-caption-text\">Edemundo Dias<\/figcaption><\/figure>\n<p>Apreender a realidade<\/p><\/div>\n<div>\n<p style=\"text-align: justify;\">A constitui\u00e7\u00e3o da hist\u00f3ria de uma institui\u00e7\u00e3o se sustenta no conhecimento dela sobre a pr\u00f3pria realidade, no contexto real ao qual ela est\u00e1 inserida, e na observa\u00e7\u00e3o das experi\u00eancias vivenciadas para a elabora\u00e7\u00e3o de cen\u00e1rios prospectivos de mais acertos e menos erros. Isso significa romper com o falseamento e a aplica\u00e7\u00e3o determinista dos fatos para o desenvolvimento de um pensamento elaborado e cr\u00edtico.<\/p>\n<p style=\"text-align: justify;\">\u00c9 nesse esfor\u00e7o de apreender a pr\u00f3pria realidade n\u00e3o abdicando da sua possibilidade de autonomia que a Ag\u00eancia Goiana de Execu\u00e7\u00e3o Penal (Agsep), num ineditismo fundamental para a pr\u00f3pria hist\u00f3ria, realizou um estudo sobre sua realidade e constatou revela\u00e7\u00f5es surpreendentes. At\u00e9 ent\u00e3o, a administra\u00e7\u00e3o penitenci\u00e1ria tinha um conhecimento pouco explorado sobre os aspectos constitutivos da pr\u00f3pria estrutura.<\/p>\n<p style=\"text-align: justify;\">Os dados estat\u00edsticos da Agsep, que comp\u00f5em o Programa Transpar\u00eancia Total da institui\u00e7\u00e3o, levantados junto \u00e0s unidades prisionais, foram apresentados \u00e0 imprensa e \u00e0s autoridades da execu\u00e7\u00e3o penal, no dia 15. Os gr\u00e1ficos revelam que houve, nos \u00faltimos tr\u00eas anos, um aumento do n\u00famero de presos que respondem por crimes mais violentos como latroc\u00ednio e homic\u00eddio qualificado. Foram levantados mais de 30 itens sobre a realidade penitenci\u00e1ria no Estado, capazes de desenhar um retrato sobre qual \u00e9 o perfil da popula\u00e7\u00e3o carcer\u00e1ria goiana.<\/p>\n<p style=\"text-align: justify;\">Os dados suscitam, sobretudo, uma popula\u00e7\u00e3o carcer\u00e1ria jovem e viciada em drogas, que se por um lado assusta a todos, por outro aponta um terreno f\u00e9rtil rumo \u00e0 compreens\u00e3o dessa grande trag\u00e9dia social contempor\u00e2nea a que todos estamos inseridos.<\/p>\n<p style=\"text-align: justify;\">Com efeito, a Agsep, ancoradora desses desvalidos sociais, vistos apenas como refugos humanos, no curso da desaliena\u00e7\u00e3o do seu espectro institucional, revelou o que lhe era obscuro e passa a ter maior propriedade sobre a hist\u00f3ria da institui\u00e7\u00e3o. Para o governo, o conhecimento ora adquirido \u00e9 riqueza para a explora\u00e7\u00e3o da intelig\u00eancia estrat\u00e9gica e serve de sustenta\u00e7\u00e3o para a elabora\u00e7\u00e3o de planejamentos sobre execu\u00e7\u00e3o penal no Estado. Para os estudiosos, trata-se de um arcabou\u00e7o de apreens\u00e3o cient\u00edfica que desvela o objeto pesquisado. Para a sociedade, um estudo surpreendente sobre a popula\u00e7\u00e3o carcer\u00e1ria que tem. Para a Agsep, os levantamentos desmistificam concep\u00e7\u00f5es equivocadas que eram certezas da pr\u00f3pria institui\u00e7\u00e3o.<\/p>\n<p style=\"text-align: justify;\">Nesse sentido, a institui\u00e7\u00e3o j\u00e1 est\u00e1 se debru\u00e7ando sobre os dados estat\u00edsticos, a fim de formular consci\u00eancias desenvolvimentistas capazes de promover a transforma\u00e7\u00e3o da realidade do sistema prisional goiano. H\u00e1 urg\u00eancia da Agsep em se atentar para as suas pr\u00f3prias contradi\u00e7\u00f5es para, tamb\u00e9m, pensar as contradi\u00e7\u00f5es do real em que est\u00e1 submetida, na tentativa de reverter a sua condi\u00e7\u00e3o atual, que se agravou consideravelmente nos \u00faltimos anos.<\/p>\n<p style=\"text-align: justify;\">\n<p style=\"text-align: justify;\"><strong>EDEMUNDO DIAS DE OLIVEIRA FILHO <\/strong>\u00e9 delegado de Pol\u00edcia aposentado, pastor Evang\u00e9lico e presidente da Ag\u00eancia Goiana de Execu\u00e7\u00e3o Penal<\/p>\n<p>&nbsp;<\/p>\n<p>Artigo publicado na edi\u00e7\u00e3o de hoje, 31.08, de\u00a0 O Popular<\/p>\n<\/div>\n","protected":false},"excerpt":{"rendered":"<p>Edemundo Dias \u00e9 Delegado de Pol\u00edcia<\/p>\n","protected":false},"author":4,"featured_media":13509,"comment_status":"closed","ping_status":"closed","sticky":false,"template":"","format":"standard","meta":{"footnotes":""},"categories":[29],"tags":[1597,1596,1599,1598],"class_list":["post-13507","post","type-post","status-publish","format-standard","has-post-thumbnail","hentry","category-artigos","tag-cenarios","tag-contexto","tag-penitenciaria","tag-prospectivos"],"rttpg_featured_image_url":{"full":["https:\/\/goias.gov.br\/policiacivil\/wp-content\/uploads\/sites\/71\/2012\/08\/edemundodias1.jpg",140,140,false],"landscape":["https:\/\/goias.gov.br\/policiacivil\/wp-content\/uploads\/sites\/71\/2012\/08\/edemundodias1.jpg",140,140,false],"portraits":["https:\/\/goias.gov.br\/policiacivil\/wp-content\/uploads\/sites\/71\/2012\/08\/edemundodias1.jpg",140,140,false],"thumbnail":["https:\/\/goias.gov.br\/policiacivil\/wp-content\/uploads\/sites\/71\/2012\/08\/edemundodias1-120x100.jpg",120,100,true],"medium":["https:\/\/goias.gov.br\/policiacivil\/wp-content\/uploads\/sites\/71\/2012\/08\/edemundodias1.jpg",140,140,false],"large":["https:\/\/goias.gov.br\/policiacivil\/wp-content\/uploads\/sites\/71\/2012\/08\/edemundodias1.jpg",140,140,false],"1536x1536":["https:\/\/goias.gov.br\/policiacivil\/wp-content\/uploads\/sites\/71\/2012\/08\/edemundodias1.jpg",140,140,false],"2048x2048":["https:\/\/goias.gov.br\/policiacivil\/wp-content\/uploads\/sites\/71\/2012\/08\/edemundodias1.jpg",140,140,false]},"rttpg_author":{"display_name":"","author_link":"https:\/\/goias.gov.br\/policiacivil\/author\/"},"rttpg_comment":0,"rttpg_category":"<a href=\"https:\/\/goias.gov.br\/policiacivil\/categoria\/artigos\/\" rel=\"category tag\">Artigos<\/a>","rttpg_excerpt":"Edemundo Dias \u00e9 Delegado de Pol\u00edcia","_links":{"self":[{"href":"https:\/\/goias.gov.br\/policiacivil\/wp-json\/wp\/v2\/posts\/13507","targetHints":{"allow":["GET"]}}],"collection":[{"href":"https:\/\/goias.gov.br\/policiacivil\/wp-json\/wp\/v2\/posts"}],"about":[{"href":"https:\/\/goias.gov.br\/policiacivil\/wp-json\/wp\/v2\/types\/post"}],"author":[{"embeddable":true,"href":"https:\/\/goias.gov.br\/policiacivil\/wp-json\/wp\/v2\/users\/4"}],"replies":[{"embeddable":true,"href":"https:\/\/goias.gov.br\/policiacivil\/wp-json\/wp\/v2\/comments?post=13507"}],"version-history":[{"count":0,"href":"https:\/\/goias.gov.br\/policiacivil\/wp-json\/wp\/v2\/posts\/13507\/revisions"}],"wp:featuredmedia":[{"embeddable":true,"href":"https:\/\/goias.gov.br\/policiacivil\/wp-json\/wp\/v2\/media\/13509"}],"wp:attachment":[{"href":"https:\/\/goias.gov.br\/policiacivil\/wp-json\/wp\/v2\/media?parent=13507"}],"wp:term":[{"taxonomy":"category","embeddable":true,"href":"https:\/\/goias.gov.br\/policiacivil\/wp-json\/wp\/v2\/categories?post=13507"},{"taxonomy":"post_tag","embeddable":true,"href":"https:\/\/goias.gov.br\/policiacivil\/wp-json\/wp\/v2\/tags?post=13507"}],"curies":[{"name":"wp","href":"https:\/\/api.w.org\/{rel}","templated":true}]}}