

{"id":134704,"date":"2024-08-15T17:10:19","date_gmt":"2024-08-15T20:10:19","guid":{"rendered":" https:\/\/goias.gov.br\/policiacivil\/?p=134704"},"modified":"2024-08-15T17:10:19","modified_gmt":"2024-08-15T20:10:19","slug":"pcgo-prende-condenado-por-homicidio-no-para-e-o-autua-em-flagrante-por-falsidade-ideologica","status":"publish","type":"post","link":"https:\/\/goias.gov.br\/policiacivil\/pcgo-prende-condenado-por-homicidio-no-para-e-o-autua-em-flagrante-por-falsidade-ideologica\/","title":{"rendered":"PCGO prende condenado por homic\u00eddio no Par\u00e1 e o autua em flagrante por falsidade ideol\u00f3gica"},"content":{"rendered":"<p style=\"text-align: justify;\">A Pol\u00edcia Civil do Estado de Goi\u00e1s, por meio do Grupo de Investiga\u00e7\u00e3o de Homic\u00eddios (GIH) de Aparecida de Goi\u00e2nia, cumpriu ontem (14) um mandado de pris\u00e3o definitiva expedido em 2017 pela Vara Criminal e de Execu\u00e7\u00f5es Fiscais de Concei\u00e7\u00e3o do Araguaia, Par\u00e1. O autor foi condenado por homic\u00eddio qualificado contra a v\u00edtima Edilson Rodrigues Campos, ocorrido em Concei\u00e7\u00e3o do Araguaia, Par\u00e1, em 1993. A pena imposta foi de 15 anos de reclus\u00e3o, em regime fechado.<\/p>\n<p style=\"text-align: justify;\">O condenado foi preso no bairro Cidade Jardim, em Goi\u00e2nia, na atual resid\u00eancia dele. Durante as investiga\u00e7\u00f5es, a equipe constatou que ele havia obtido uma CNH utilizando-se de identidade falsa, documento que foi apresentado \u00e0 equipe no momento da abordagem. Diante disso, ele foi conduzido \u00e0 presen\u00e7a da autoridade policial e autuado em flagrante delito por falsidade ideol\u00f3gica.<\/p>\n","protected":false},"excerpt":{"rendered":"<p>A Pol\u00edcia Civil do Estado de Goi\u00e1s, por meio do Grupo de Investiga\u00e7\u00e3o de Homic\u00eddios (GIH) de Aparecida de Goi\u00e2nia, cumpriu ontem (14) um mandado de pris\u00e3o definitiva expedido em 2017 pela Vara Criminal e de Execu\u00e7\u00f5es Fiscais de Concei\u00e7\u00e3o do Araguaia, Par\u00e1. O autor foi condenado por homic\u00eddio qualificado contra a v\u00edtima Edilson Rodrigues [&hellip;]<\/p>\n","protected":false},"author":34,"featured_media":134705,"comment_status":"closed","ping_status":"closed","sticky":false,"template":"","format":"standard","meta":{"footnotes":""},"categories":[3189,2538,89,537],"tags":[],"class_list":["post-134704","post","type-post","status-publish","format-standard","has-post-thumbnail","hentry","category-2a-regional","category-delegacias","category-regionais","category-ultimo-segundo"],"rttpg_featured_image_url":{"full":["https:\/\/goias.gov.br\/policiacivil\/wp-content\/uploads\/sites\/71\/2024\/08\/whatsapp-image-2024-04-17-at-11.01.18-15.jpeg",900,1200,false],"landscape":["https:\/\/goias.gov.br\/policiacivil\/wp-content\/uploads\/sites\/71\/2024\/08\/whatsapp-image-2024-04-17-at-11.01.18-15.jpeg",900,1200,false],"portraits":["https:\/\/goias.gov.br\/policiacivil\/wp-content\/uploads\/sites\/71\/2024\/08\/whatsapp-image-2024-04-17-at-11.01.18-15.jpeg",900,1200,false],"thumbnail":["https:\/\/goias.gov.br\/policiacivil\/wp-content\/uploads\/sites\/71\/2024\/08\/whatsapp-image-2024-04-17-at-11.01.18-15-300x300.jpeg",150,150,true],"medium":["https:\/\/goias.gov.br\/policiacivil\/wp-content\/uploads\/sites\/71\/2024\/08\/whatsapp-image-2024-04-17-at-11.01.18-15.jpeg",225,300,false],"large":["https:\/\/goias.gov.br\/policiacivil\/wp-content\/uploads\/sites\/71\/2024\/08\/whatsapp-image-2024-04-17-at-11.01.18-15.jpeg",768,1024,false],"1536x1536":["https:\/\/goias.gov.br\/policiacivil\/wp-content\/uploads\/sites\/71\/2024\/08\/whatsapp-image-2024-04-17-at-11.01.18-15.jpeg",900,1200,false],"2048x2048":["https:\/\/goias.gov.br\/policiacivil\/wp-content\/uploads\/sites\/71\/2024\/08\/whatsapp-image-2024-04-17-at-11.01.18-15.jpeg",900,1200,false]},"rttpg_author":{"display_name":"celsoassis","author_link":"https:\/\/goias.gov.br\/policiacivil\/author\/celsoassis\/"},"rttpg_comment":0,"rttpg_category":"<a href=\"https:\/\/goias.gov.br\/policiacivil\/categoria\/drp\/2a-regional\/\" rel=\"category tag\">2\u00aa Regional<\/a> <a href=\"https:\/\/goias.gov.br\/policiacivil\/categoria\/delegacias\/\" rel=\"category tag\">Delegacias<\/a> <a href=\"https:\/\/goias.gov.br\/policiacivil\/categoria\/delegacias\/regionais\/\" rel=\"category tag\">Regionais<\/a> <a href=\"https:\/\/goias.gov.br\/policiacivil\/categoria\/ultimo-segundo\/\" rel=\"category tag\">\u00daltimo Segundo<\/a>","rttpg_excerpt":"A Pol\u00edcia Civil do Estado de Goi\u00e1s, por meio do Grupo de Investiga\u00e7\u00e3o de Homic\u00eddios (GIH) de Aparecida de Goi\u00e2nia, cumpriu ontem (14) um mandado de pris\u00e3o definitiva expedido em 2017 pela Vara Criminal e de Execu\u00e7\u00f5es Fiscais de Concei\u00e7\u00e3o do Araguaia, Par\u00e1. O autor foi condenado por homic\u00eddio qualificado contra a v\u00edtima Edilson Rodrigues&hellip;","_links":{"self":[{"href":"https:\/\/goias.gov.br\/policiacivil\/wp-json\/wp\/v2\/posts\/134704","targetHints":{"allow":["GET"]}}],"collection":[{"href":"https:\/\/goias.gov.br\/policiacivil\/wp-json\/wp\/v2\/posts"}],"about":[{"href":"https:\/\/goias.gov.br\/policiacivil\/wp-json\/wp\/v2\/types\/post"}],"author":[{"embeddable":true,"href":"https:\/\/goias.gov.br\/policiacivil\/wp-json\/wp\/v2\/users\/34"}],"replies":[{"embeddable":true,"href":"https:\/\/goias.gov.br\/policiacivil\/wp-json\/wp\/v2\/comments?post=134704"}],"version-history":[{"count":1,"href":"https:\/\/goias.gov.br\/policiacivil\/wp-json\/wp\/v2\/posts\/134704\/revisions"}],"predecessor-version":[{"id":134706,"href":"https:\/\/goias.gov.br\/policiacivil\/wp-json\/wp\/v2\/posts\/134704\/revisions\/134706"}],"wp:featuredmedia":[{"embeddable":true,"href":"https:\/\/goias.gov.br\/policiacivil\/wp-json\/wp\/v2\/media\/134705"}],"wp:attachment":[{"href":"https:\/\/goias.gov.br\/policiacivil\/wp-json\/wp\/v2\/media?parent=134704"}],"wp:term":[{"taxonomy":"category","embeddable":true,"href":"https:\/\/goias.gov.br\/policiacivil\/wp-json\/wp\/v2\/categories?post=134704"},{"taxonomy":"post_tag","embeddable":true,"href":"https:\/\/goias.gov.br\/policiacivil\/wp-json\/wp\/v2\/tags?post=134704"}],"curies":[{"name":"wp","href":"https:\/\/api.w.org\/{rel}","templated":true}]}}