

{"id":13415,"date":"2012-08-27T12:06:45","date_gmt":"2012-08-27T15:06:45","guid":{"rendered":"https:\/\/goias.gov.br\/policiacivil\/?p=13415"},"modified":"2012-10-26T15:02:28","modified_gmt":"2012-10-26T17:02:28","slug":"seguranca-publica-novo-paradigma","status":"publish","type":"post","link":"https:\/\/goias.gov.br\/policiacivil\/seguranca-publica-novo-paradigma\/","title":{"rendered":"Seguran\u00e7a p\u00fablica: novo paradigma"},"content":{"rendered":"<div>\n<figure id=\"attachment_13417\" aria-describedby=\"caption-attachment-13417\" style=\"width: 180px\" class=\"wp-caption alignleft\"><a href=\" https:\/\/goias.gov.br\/policiacivil\/wp-content\/uploads\/sites\/71\/sites\/71\/2012\/08\/image.jpg\"><img decoding=\"async\" class=\"size-full wp-image-13417\" title=\"Seguran\u00e7a p\u00fablica: novo paradigma \" src=\" https:\/\/goias.gov.br\/policiacivil\/wp-content\/uploads\/sites\/71\/sites\/71\/2012\/08\/image.jpg\" alt=\"\" width=\"180\" height=\"180\" srcset=\"https:\/\/goias.gov.br\/policiacivil\/wp-content\/uploads\/sites\/71\/2012\/08\/image.jpg 180w, https:\/\/goias.gov.br\/policiacivil\/wp-content\/uploads\/sites\/71\/2012\/08\/image-150x150.jpg 150w\" sizes=\"(max-width: 180px) 100vw, 180px\" \/><\/a><figcaption id=\"caption-attachment-13417\" class=\"wp-caption-text\">Jo\u00e3o Furtado de Mendon\u00e7a Neto<\/figcaption><\/figure>\n<p style=\"text-align: justify;\">\u00a0\u00a0\u00a0\u00a0\u00a0\u00a0\u00a0\u00a0\u00a0\u00a0\u00a0\u00a0\u00a0\u00a0\u00a0\u00a0\u00a0\u00a0\u00a0\u00a0\u00a0\u00a0\u00a0\u00a0\u00a0\u00a0\u00a0\u00a0\u00a0\u00a0\u00a0\u00a0\u00a0\u00a0\u00a0\u00a0\u00a0\u00a0\u00a0\u00a0 Seguran\u00e7a p\u00falica: novo paradigma<\/p>\n<p style=\"text-align: justify;\">A mais recente edi\u00e7\u00e3o do Mapa da Viol\u00eancia (2012), produzida pelo Instituto Sangari, mostra a triste realidade brasileira. Em dez anos (2000 a 2010), houve aumento da taxa de homic\u00eddios por 100 mil habitantes em 20 unidades da federa\u00e7\u00e3o. As maiores eleva\u00e7\u00f5es ocorreram na Bahia (303,2%), Maranh\u00e3o (269,3%), Par\u00e1 (252,9%), Alagoas (160,4%) e Rio Grande do Norte (153,9%). O crescimento na taxa de homic\u00eddios em Goi\u00e1s foi de 45,6% no mesmo per\u00edodo, a 12\u00aa maior do Brasil.<\/p>\n<p style=\"text-align: justify;\">Em rela\u00e7\u00e3o ao n\u00famero total de homic\u00eddios, houve alta em 21 Estados na d\u00e9cada analisada. Bahia (332,5%), Par\u00e1 (332%), Rio Grande do Norte (189,6%), Alagoas (187,8%) e Cear\u00e1 (104,6%) puxam o \u00edndice. O n\u00famero total de homic\u00eddios em Goi\u00e1s subiu 74,7% no per\u00edodo, o 11\u00ba maior salto. Goi\u00e1s ocupa a 12\u00aa posi\u00e7\u00e3o entre os Estados brasileiros mais populosos, sendo o quinto que mais ganhou habitantes entre 2000 e 2010, segundo o IBGE. Quanto ao Produto Interno Bruto (PIB), Goi\u00e1s possui o 9\u00ba maior do Brasil. No ranking dos homic\u00eddios, Goi\u00e1s caiu da 15\u00aa para a 18\u00aa posi\u00e7\u00e3o entre 2000 e 2010, segundo o Instituto Sangari.<\/p>\n<p style=\"text-align: justify;\">Os comparativos s\u00e3o importantes para contextualizar a quest\u00e3o da viol\u00eancia no Brasil. Com exce\u00e7\u00e3o de alguns Estados, notadamente S\u00e3o Paulo e Rio de Janeiro, a grande maioria das demais unidades da federa\u00e7\u00e3o experimentou um crescimento exponencial nos casos de crime de morte nos \u00faltimos dez anos.<\/p>\n<p style=\"text-align: justify;\">O fen\u00f4meno ocorre em per\u00edodo no qual a economia brasileira e a renda m\u00e9dia da popula\u00e7\u00e3o melhoraram significativamente. Assim, as an\u00e1lises sobre os fatores motivadores da viol\u00eancia que se limitam a considerar apenas o aspecto econ\u00f4mico precisam ser reavaliadas e expandidas.<\/p>\n<p style=\"text-align: justify;\">Na \u00faltima d\u00e9cada ocorreu tamb\u00e9m a dissemina\u00e7\u00e3o do crack e de outras drogas. Tamb\u00e9m ocorreu acentuada migra\u00e7\u00e3o populacional para regi\u00f5es onde a economia cresce acima da m\u00e9dia brasileira (como em Goi\u00e1s), ampliando a demanda de servi\u00e7os que o poder p\u00fablico, em geral, n\u00e3o conseguiu acompanhar.<\/p>\n<p style=\"text-align: justify;\">A situa\u00e7\u00e3o do Entorno de Bras\u00edlia \u00e9 um exemplo claro desta situa\u00e7\u00e3o. A pr\u00f3pria Uni\u00e3o enfrenta neste momento reivindica\u00e7\u00f5es por parte da Pol\u00edcia Federal e Pol\u00edcia Rodovi\u00e1ria Federal, cujos integrantes denunciam o sucateamento das for\u00e7as.<\/p>\n<p style=\"text-align: justify;\">Preocupada com o cen\u00e1rio e ciente de suas responsabilidades, a Secretaria da Seguran\u00e7a P\u00fablica e Justi\u00e7a de Goi\u00e1s tem adotado pol\u00edticas para conter a criminalidade, com a\u00e7\u00f5es tanto de curto quanto de longo prazos.<\/p>\n<p style=\"text-align: justify;\">A primeira etapa da Opera\u00e7\u00e3o Integra\u00e7\u00e3o, colocada em pr\u00e1tica em julho na regi\u00e3o que concentra os bairros mais violentos de Goi\u00e2nia, surtiu resultado e conseguiu redu\u00e7\u00e3o significativa no n\u00famero de homic\u00eddios em julho na capital (40% em rela\u00e7\u00e3o a junho e 22% em rela\u00e7\u00e3o a julho de 2011). A segunda etapa foi iniciada agora e em breve a opera\u00e7\u00e3o ser\u00e1 levada para toda Regi\u00e3o Metropolitana e Entorno do DF.<\/p>\n<p style=\"text-align: justify;\">Este ano, foram inauguradas as primeiras tr\u00eas bases do Comando de Opera\u00e7\u00f5es de Divisas (COD), que visa impedir a entrada de drogas e armas, contrabando e circula\u00e7\u00e3o de ve\u00edculos furtados ou roubados. Mais duas bases est\u00e3o prontas e, no total, ser\u00e3o 15. Na Pol\u00edcia Civil, houve a readequa\u00e7\u00e3o na carreira dos delegados, vinculado ao cumprimento de metas.<\/p>\n<p style=\"text-align: justify;\">O edital para o concurso para amplia\u00e7\u00e3o dos efetivos das Pol\u00edcias Militar e Civil est\u00e1 em fase de conclus\u00e3o e, dessa forma, um problema hist\u00f3rico das corpora\u00e7\u00f5es ser\u00e1 amenizado. Ser\u00e3o contratados 1.180 policiais militares (1,1 mil soldados e 80 oficiais) e 753 policiais civis (344 agentes, 300 escriv\u00e3es e 109 delegados). A reforma do Instituto M\u00e9dico-Legal de Goi\u00e2nia est\u00e1 na etapa final e a licita\u00e7\u00e3o para constru\u00e7\u00e3o de quatro pres\u00eddios (tr\u00eas no Entorno e um em An\u00e1polis) foi conclu\u00edda.<\/p>\n<p style=\"text-align: justify;\">Essas a\u00e7\u00f5es fazem parte do Plano Estrat\u00e9gico de Seguran\u00e7a P\u00fablica, com um banco de dados de cerca de 5 mil itens que ter\u00e3o impacto na seguran\u00e7a de Goi\u00e1s pelos pr\u00f3ximos dez anos. O Plano Estrat\u00e9gico muda o paradigma. \u00c9 o fim do simples empirismo e de a\u00e7\u00f5es emergenciais, e o in\u00edcio de uma \u00e9poca em que a ci\u00eancia prevalecer\u00e1 na tomada de decis\u00f5es. Todos os Estados que conquistaram bons resultados no combate \u00e0 criminalidade s\u00f3 chegaram l\u00e1 ap\u00f3s a persist\u00eancia em pol\u00edticas de longo prazo. Goi\u00e1s inicia esta etapa.<\/p>\n<p style=\"text-align: justify;\">\n<p>\u00a0<strong>Jo\u00e3o Furtado de Mendon\u00e7a Neto<\/strong> \u00e9 Secret\u00e1rio da Seguran\u00e7a P\u00fablica e Justi\u00e7a de Goi\u00e1s<\/p>\n<p>Artigo publicado na edi\u00e7\u00e3o do jornal O Popular do dia 27\/08\/2012<\/p>\n<\/div>\n","protected":false},"excerpt":{"rendered":"<p><strong>Jo\u00e3o Furtado de Mendon\u00e7a Neto<\/strong> \u00e9 secret\u00e1rio da Seguran\u00e7a P\u00fablica e Justi\u00e7a de Goi\u00e1s<\/p>\n","protected":false},"author":4,"featured_media":13417,"comment_status":"closed","ping_status":"closed","sticky":false,"template":"","format":"standard","meta":{"footnotes":""},"categories":[29],"tags":[197],"class_list":["post-13415","post","type-post","status-publish","format-standard","has-post-thumbnail","hentry","category-artigos","tag-artigos-2"],"rttpg_featured_image_url":{"full":["https:\/\/goias.gov.br\/policiacivil\/wp-content\/uploads\/sites\/71\/2012\/08\/image.jpg",180,180,false],"landscape":["https:\/\/goias.gov.br\/policiacivil\/wp-content\/uploads\/sites\/71\/2012\/08\/image.jpg",180,180,false],"portraits":["https:\/\/goias.gov.br\/policiacivil\/wp-content\/uploads\/sites\/71\/2012\/08\/image.jpg",180,180,false],"thumbnail":["https:\/\/goias.gov.br\/policiacivil\/wp-content\/uploads\/sites\/71\/2012\/08\/image-150x150.jpg",150,150,true],"medium":["https:\/\/goias.gov.br\/policiacivil\/wp-content\/uploads\/sites\/71\/2012\/08\/image.jpg",180,180,false],"large":["https:\/\/goias.gov.br\/policiacivil\/wp-content\/uploads\/sites\/71\/2012\/08\/image.jpg",180,180,false],"1536x1536":["https:\/\/goias.gov.br\/policiacivil\/wp-content\/uploads\/sites\/71\/2012\/08\/image.jpg",180,180,false],"2048x2048":["https:\/\/goias.gov.br\/policiacivil\/wp-content\/uploads\/sites\/71\/2012\/08\/image.jpg",180,180,false]},"rttpg_author":{"display_name":"","author_link":"https:\/\/goias.gov.br\/policiacivil\/author\/"},"rttpg_comment":0,"rttpg_category":"<a href=\"https:\/\/goias.gov.br\/policiacivil\/categoria\/artigos\/\" rel=\"category tag\">Artigos<\/a>","rttpg_excerpt":"Jo\u00e3o Furtado de Mendon\u00e7a Neto \u00e9 secret\u00e1rio da Seguran\u00e7a P\u00fablica e Justi\u00e7a de Goi\u00e1s","_links":{"self":[{"href":"https:\/\/goias.gov.br\/policiacivil\/wp-json\/wp\/v2\/posts\/13415","targetHints":{"allow":["GET"]}}],"collection":[{"href":"https:\/\/goias.gov.br\/policiacivil\/wp-json\/wp\/v2\/posts"}],"about":[{"href":"https:\/\/goias.gov.br\/policiacivil\/wp-json\/wp\/v2\/types\/post"}],"author":[{"embeddable":true,"href":"https:\/\/goias.gov.br\/policiacivil\/wp-json\/wp\/v2\/users\/4"}],"replies":[{"embeddable":true,"href":"https:\/\/goias.gov.br\/policiacivil\/wp-json\/wp\/v2\/comments?post=13415"}],"version-history":[{"count":0,"href":"https:\/\/goias.gov.br\/policiacivil\/wp-json\/wp\/v2\/posts\/13415\/revisions"}],"wp:featuredmedia":[{"embeddable":true,"href":"https:\/\/goias.gov.br\/policiacivil\/wp-json\/wp\/v2\/media\/13417"}],"wp:attachment":[{"href":"https:\/\/goias.gov.br\/policiacivil\/wp-json\/wp\/v2\/media?parent=13415"}],"wp:term":[{"taxonomy":"category","embeddable":true,"href":"https:\/\/goias.gov.br\/policiacivil\/wp-json\/wp\/v2\/categories?post=13415"},{"taxonomy":"post_tag","embeddable":true,"href":"https:\/\/goias.gov.br\/policiacivil\/wp-json\/wp\/v2\/tags?post=13415"}],"curies":[{"name":"wp","href":"https:\/\/api.w.org\/{rel}","templated":true}]}}