{"id":134102,"date":"2024-08-02T15:10:24","date_gmt":"2024-08-02T18:10:24","guid":{"rendered":" https:\/\/goias.gov.br\/policiacivil\/?p=134102"},"modified":"2024-08-02T15:10:24","modified_gmt":"2024-08-02T18:10:24","slug":"foragido-por-tentativa-de-homicidio-e-preso-em-sto-antonio-do-descoberto","status":"publish","type":"post","link":"https:\/\/goias.gov.br\/policiacivil\/foragido-por-tentativa-de-homicidio-e-preso-em-sto-antonio-do-descoberto\/","title":{"rendered":"Foragido por tentativa de homic\u00eddio \u00e9 preso em Sto. Ant\u00f4nio do Descoberto"},"content":{"rendered":"<p style=\"text-align: justify;\">Na manha de ontem (1\u00ba), os policiais civis da Delegacia de Pol\u00edcia de Cidade Ocidental deram cumprimento ao mandado de pris\u00e3o preventiva em raz\u00e3o da pr\u00e1tica do crime de tentativa de homic\u00eddio, ocorrida na cidade no ano de 2009.<\/p>\n<p style=\"text-align: justify;\">Segundo a investiga\u00e7\u00e3o, o autor era vizinho das v\u00edtimas (um casal) e teria se desentendido com eles em raz\u00e3o da den\u00fancia de um &#8220;gato&#8221; na rede de \u00e1gua de sua resid\u00eancia. Esse desentendimento culminou em agress\u00f5es do autor em face das v\u00edtimas, com o uso de um fac\u00e3o, provocando les\u00f5es de natureza grave nas v\u00edtimas.<\/p>\n<p style=\"text-align: justify;\">Desde a data do crime, o investigado encontrava-se foragido. Agora, ele foi localizado pela PCGO no munic\u00edpio de Santo Ant\u00f4nio do Descoberto, onde foi preso.<\/p>\n","protected":false},"excerpt":{"rendered":"<p>Na manha de ontem (1\u00ba), os policiais civis da Delegacia de Pol\u00edcia de Cidade Ocidental deram cumprimento ao mandado de pris\u00e3o preventiva em raz\u00e3o da pr\u00e1tica do crime de tentativa de homic\u00eddio, ocorrida na cidade no ano de 2009. Segundo a investiga\u00e7\u00e3o, o autor era vizinho das v\u00edtimas (um casal) e teria se desentendido com [&hellip;]<\/p>\n","protected":false},"author":34,"featured_media":134103,"comment_status":"closed","ping_status":"closed","sticky":false,"template":"","format":"standard","meta":{"footnotes":""},"categories":[3192,2538,89,537],"tags":[],"class_list":["post-134102","post","type-post","status-publish","format-standard","has-post-thumbnail","hentry","category-5a-regional","category-delegacias","category-regionais","category-ultimo-segundo"],"rttpg_featured_image_url":{"full":["https:\/\/goias.gov.br\/policiacivil\/wp-content\/uploads\/sites\/71\/2024\/08\/whatsapp-image-2024-08-02-at-14.24.17.jpeg",1080,1080,false],"landscape":["https:\/\/goias.gov.br\/policiacivil\/wp-content\/uploads\/sites\/71\/2024\/08\/whatsapp-image-2024-08-02-at-14.24.17.jpeg",1080,1080,false],"portraits":["https:\/\/goias.gov.br\/policiacivil\/wp-content\/uploads\/sites\/71\/2024\/08\/whatsapp-image-2024-08-02-at-14.24.17.jpeg",1080,1080,false],"thumbnail":["https:\/\/goias.gov.br\/policiacivil\/wp-content\/uploads\/sites\/71\/2024\/08\/whatsapp-image-2024-08-02-at-14.24.17-300x300.jpeg",150,150,true],"medium":["https:\/\/goias.gov.br\/policiacivil\/wp-content\/uploads\/sites\/71\/2024\/08\/whatsapp-image-2024-08-02-at-14.24.17.jpeg",300,300,false],"large":["https:\/\/goias.gov.br\/policiacivil\/wp-content\/uploads\/sites\/71\/2024\/08\/whatsapp-image-2024-08-02-at-14.24.17.jpeg",1024,1024,false],"1536x1536":["https:\/\/goias.gov.br\/policiacivil\/wp-content\/uploads\/sites\/71\/2024\/08\/whatsapp-image-2024-08-02-at-14.24.17.jpeg",1080,1080,false],"2048x2048":["https:\/\/goias.gov.br\/policiacivil\/wp-content\/uploads\/sites\/71\/2024\/08\/whatsapp-image-2024-08-02-at-14.24.17.jpeg",1080,1080,false]},"rttpg_author":{"display_name":"celsoassis","author_link":"https:\/\/goias.gov.br\/policiacivil\/author\/celsoassis\/"},"rttpg_comment":0,"rttpg_category":"<a href=\"https:\/\/goias.gov.br\/policiacivil\/categoria\/drp\/5a-regional\/\" rel=\"category tag\">5\u00aa Regional<\/a> <a href=\"https:\/\/goias.gov.br\/policiacivil\/categoria\/delegacias\/\" rel=\"category tag\">Delegacias<\/a> <a href=\"https:\/\/goias.gov.br\/policiacivil\/categoria\/delegacias\/regionais\/\" rel=\"category tag\">Regionais<\/a> <a href=\"https:\/\/goias.gov.br\/policiacivil\/categoria\/ultimo-segundo\/\" rel=\"category tag\">\u00daltimo Segundo<\/a>","rttpg_excerpt":"Na manha de ontem (1\u00ba), os policiais civis da Delegacia de Pol\u00edcia de Cidade Ocidental deram cumprimento ao mandado de pris\u00e3o preventiva em raz\u00e3o da pr\u00e1tica do crime de tentativa de homic\u00eddio, ocorrida na cidade no ano de 2009. Segundo a investiga\u00e7\u00e3o, o autor era vizinho das v\u00edtimas (um casal) e teria se desentendido com&hellip;","_links":{"self":[{"href":"https:\/\/goias.gov.br\/policiacivil\/wp-json\/wp\/v2\/posts\/134102","targetHints":{"allow":["GET"]}}],"collection":[{"href":"https:\/\/goias.gov.br\/policiacivil\/wp-json\/wp\/v2\/posts"}],"about":[{"href":"https:\/\/goias.gov.br\/policiacivil\/wp-json\/wp\/v2\/types\/post"}],"author":[{"embeddable":true,"href":"https:\/\/goias.gov.br\/policiacivil\/wp-json\/wp\/v2\/users\/34"}],"replies":[{"embeddable":true,"href":"https:\/\/goias.gov.br\/policiacivil\/wp-json\/wp\/v2\/comments?post=134102"}],"version-history":[{"count":1,"href":"https:\/\/goias.gov.br\/policiacivil\/wp-json\/wp\/v2\/posts\/134102\/revisions"}],"predecessor-version":[{"id":134104,"href":"https:\/\/goias.gov.br\/policiacivil\/wp-json\/wp\/v2\/posts\/134102\/revisions\/134104"}],"wp:featuredmedia":[{"embeddable":true,"href":"https:\/\/goias.gov.br\/policiacivil\/wp-json\/wp\/v2\/media\/134103"}],"wp:attachment":[{"href":"https:\/\/goias.gov.br\/policiacivil\/wp-json\/wp\/v2\/media?parent=134102"}],"wp:term":[{"taxonomy":"category","embeddable":true,"href":"https:\/\/goias.gov.br\/policiacivil\/wp-json\/wp\/v2\/categories?post=134102"},{"taxonomy":"post_tag","embeddable":true,"href":"https:\/\/goias.gov.br\/policiacivil\/wp-json\/wp\/v2\/tags?post=134102"}],"curies":[{"name":"wp","href":"https:\/\/api.w.org\/{rel}","templated":true}]}}