

{"id":133699,"date":"2024-07-25T15:14:17","date_gmt":"2024-07-25T18:14:17","guid":{"rendered":" https:\/\/goias.gov.br\/policiacivil\/?p=133699"},"modified":"2024-07-25T15:38:24","modified_gmt":"2024-07-25T18:38:24","slug":"policia-civil-prende-homem-que-dopou-e-estuprou-adolescente-em-aparecida-de-goiania","status":"publish","type":"post","link":"https:\/\/goias.gov.br\/policiacivil\/policia-civil-prende-homem-que-dopou-e-estuprou-adolescente-em-aparecida-de-goiania\/","title":{"rendered":"Pol\u00edcia Civil prende homem que dopou e estuprou adolescente em Aparecida de Goi\u00e2nia"},"content":{"rendered":"<p style=\"text-align: justify;\">A Pol\u00edcia Civil, por meio da Delegacia de Prote\u00e7\u00e3o \u00e0 Crian\u00e7a e ao Adolescente (DPCA) de Aparecida de Goi\u00e2nia, nesta quinta-feira (25), cumpriu mandado de pris\u00e3o preventiva em desfavor de homem de 27 anos, investigado por dopar e estuprar uma adolescente de 14 anos, com a qual manteve relacionamento amoroso. O crime ocorreu no ano de 2023. A autoridade policial representou pela pris\u00e3o preventiva do investigado, a qual foi reiterada pelo Minist\u00e9rio P\u00fablico, dando causa \u00e0 expedi\u00e7\u00e3o do mandado de pris\u00e3o cumprido hoje, pelo crime de estupro de vulner\u00e1vel.<\/p>\n<p>&nbsp;<\/p>\n","protected":false},"excerpt":{"rendered":"<p>A Pol\u00edcia Civil, por meio da Delegacia de Prote\u00e7\u00e3o \u00e0 Crian\u00e7a e ao Adolescente (DPCA) de Aparecida de Goi\u00e2nia, nesta quinta-feira (25), cumpriu mandado de pris\u00e3o preventiva em desfavor de homem de 27 anos, investigado por dopar e estuprar uma adolescente de 14 anos, com a qual manteve relacionamento amoroso. O crime ocorreu no ano [&hellip;]<\/p>\n","protected":false},"author":34,"featured_media":133711,"comment_status":"closed","ping_status":"closed","sticky":false,"template":"","format":"standard","meta":{"footnotes":""},"categories":[3189,2538,6069,89],"tags":[234,665,275],"class_list":["post-133699","post","type-post","status-publish","format-standard","has-post-thumbnail","hentry","category-2a-regional","category-delegacias","category-noticias-da-policia-civil","category-regionais","tag-aparecida-de-goiania","tag-dpca","tag-estupro"],"rttpg_featured_image_url":{"full":["https:\/\/goias.gov.br\/policiacivil\/wp-content\/uploads\/sites\/71\/2024\/07\/whatsapp-image-2024-07-25-at-11.44.44.jpeg",900,1200,false],"landscape":["https:\/\/goias.gov.br\/policiacivil\/wp-content\/uploads\/sites\/71\/2024\/07\/whatsapp-image-2024-07-25-at-11.44.44.jpeg",900,1200,false],"portraits":["https:\/\/goias.gov.br\/policiacivil\/wp-content\/uploads\/sites\/71\/2024\/07\/whatsapp-image-2024-07-25-at-11.44.44.jpeg",900,1200,false],"thumbnail":["https:\/\/goias.gov.br\/policiacivil\/wp-content\/uploads\/sites\/71\/2024\/07\/whatsapp-image-2024-07-25-at-11.44.44-300x300.jpeg",150,150,true],"medium":["https:\/\/goias.gov.br\/policiacivil\/wp-content\/uploads\/sites\/71\/2024\/07\/whatsapp-image-2024-07-25-at-11.44.44.jpeg",225,300,false],"large":["https:\/\/goias.gov.br\/policiacivil\/wp-content\/uploads\/sites\/71\/2024\/07\/whatsapp-image-2024-07-25-at-11.44.44.jpeg",768,1024,false],"1536x1536":["https:\/\/goias.gov.br\/policiacivil\/wp-content\/uploads\/sites\/71\/2024\/07\/whatsapp-image-2024-07-25-at-11.44.44.jpeg",900,1200,false],"2048x2048":["https:\/\/goias.gov.br\/policiacivil\/wp-content\/uploads\/sites\/71\/2024\/07\/whatsapp-image-2024-07-25-at-11.44.44.jpeg",900,1200,false]},"rttpg_author":{"display_name":"celsoassis","author_link":"https:\/\/goias.gov.br\/policiacivil\/author\/celsoassis\/"},"rttpg_comment":0,"rttpg_category":"<a href=\"https:\/\/goias.gov.br\/policiacivil\/categoria\/drp\/2a-regional\/\" rel=\"category tag\">2\u00aa Regional<\/a> <a href=\"https:\/\/goias.gov.br\/policiacivil\/categoria\/delegacias\/\" rel=\"category tag\">Delegacias<\/a> <a href=\"https:\/\/goias.gov.br\/policiacivil\/categoria\/noticias\/noticias-da-policia-civil\/\" rel=\"category tag\">Not\u00edcias da Pol\u00edcia Civil<\/a> <a href=\"https:\/\/goias.gov.br\/policiacivil\/categoria\/delegacias\/regionais\/\" rel=\"category tag\">Regionais<\/a>","rttpg_excerpt":"A Pol\u00edcia Civil, por meio da Delegacia de Prote\u00e7\u00e3o \u00e0 Crian\u00e7a e ao Adolescente (DPCA) de Aparecida de Goi\u00e2nia, nesta quinta-feira (25), cumpriu mandado de pris\u00e3o preventiva em desfavor de homem de 27 anos, investigado por dopar e estuprar uma adolescente de 14 anos, com a qual manteve relacionamento amoroso. O crime ocorreu no ano&hellip;","_links":{"self":[{"href":"https:\/\/goias.gov.br\/policiacivil\/wp-json\/wp\/v2\/posts\/133699","targetHints":{"allow":["GET"]}}],"collection":[{"href":"https:\/\/goias.gov.br\/policiacivil\/wp-json\/wp\/v2\/posts"}],"about":[{"href":"https:\/\/goias.gov.br\/policiacivil\/wp-json\/wp\/v2\/types\/post"}],"author":[{"embeddable":true,"href":"https:\/\/goias.gov.br\/policiacivil\/wp-json\/wp\/v2\/users\/34"}],"replies":[{"embeddable":true,"href":"https:\/\/goias.gov.br\/policiacivil\/wp-json\/wp\/v2\/comments?post=133699"}],"version-history":[{"count":4,"href":"https:\/\/goias.gov.br\/policiacivil\/wp-json\/wp\/v2\/posts\/133699\/revisions"}],"predecessor-version":[{"id":133713,"href":"https:\/\/goias.gov.br\/policiacivil\/wp-json\/wp\/v2\/posts\/133699\/revisions\/133713"}],"wp:featuredmedia":[{"embeddable":true,"href":"https:\/\/goias.gov.br\/policiacivil\/wp-json\/wp\/v2\/media\/133711"}],"wp:attachment":[{"href":"https:\/\/goias.gov.br\/policiacivil\/wp-json\/wp\/v2\/media?parent=133699"}],"wp:term":[{"taxonomy":"category","embeddable":true,"href":"https:\/\/goias.gov.br\/policiacivil\/wp-json\/wp\/v2\/categories?post=133699"},{"taxonomy":"post_tag","embeddable":true,"href":"https:\/\/goias.gov.br\/policiacivil\/wp-json\/wp\/v2\/tags?post=133699"}],"curies":[{"name":"wp","href":"https:\/\/api.w.org\/{rel}","templated":true}]}}