

{"id":133689,"date":"2024-07-25T14:46:09","date_gmt":"2024-07-25T17:46:09","guid":{"rendered":" https:\/\/goias.gov.br\/policiacivil\/?p=133689"},"modified":"2024-07-25T14:46:09","modified_gmt":"2024-07-25T17:46:09","slug":"mulher-e-presa-em-flagrante-por-roubo-com-emprego-de-arma-branca-em-orizona","status":"publish","type":"post","link":"https:\/\/goias.gov.br\/policiacivil\/mulher-e-presa-em-flagrante-por-roubo-com-emprego-de-arma-branca-em-orizona\/","title":{"rendered":"Mulher \u00e9 presa em flagrante por roubo com emprego de arma branca em Orizona"},"content":{"rendered":"<p style=\"text-align: justify;\"><img fetchpriority=\"high\" decoding=\"async\" class=\" wp-image-133690 alignleft\" src=\" https:\/\/goias.gov.br\/policiacivil\/wp-content\/uploads\/sites\/71\/2024\/07\/df909cd8-cf4d-4632-8c34-51f26add2fb4.png\" alt=\"Mulher \u00e9 presa em flagrante por roubo com emprego de arma branca em Orizona\" width=\"225\" height=\"419\" \/>A Pol\u00edcia Civil de Goi\u00e1s, por interm\u00e9dio da equipe da Delegacia de Pol\u00edcia de Orizona &#8211; 9\u00aa DRP, prendeu em flagrante, nesta quarta-feira (24), uma investigada, de 33 anos, que invadiu uma resid\u00eancia para efetuar a subtra\u00e7\u00e3o de bens alheios.\u00a0Conforme consta, a v\u00edtima, uma mulher, de 46 anos, afirmou que estava em sua casa, situada no setor Campo Formoso, quando, ao sair na \u00e1rea externa, deparou com a investigada com uma cesta b\u00e1sica e um saco de roupas da v\u00edtima nas m\u00e3os.<\/p>\n<p style=\"text-align: justify;\">Ao gritar para a mesma, a v\u00edtima informou que ela apresentou uma faca e a amea\u00e7ou, evadindo-se do local em seguida.<\/p>\n<p style=\"text-align: justify;\">A v\u00edtima, em ato cont\u00ednuo, acionou a PCGO, tendo os agentes realizado dilig\u00eancias e logrado \u00eaxito em identificar e capturar a investigada em flagrante delito.\u00a0Em buscas nos sistemas policiais, verificou-se que a conduzida possui diversas passagens policiais e, inclusive, j\u00e1 responde ao menos a tr\u00eas a\u00e7\u00f5es penais pela pr\u00e1tica de crimes patrimoniais.<\/p>\n<p style=\"text-align: justify;\">\n","protected":false},"excerpt":{"rendered":"<p>A Pol\u00edcia Civil de Goi\u00e1s, por interm\u00e9dio da equipe da Delegacia de Pol\u00edcia de Orizona &#8211; 9\u00aa DRP, prendeu em flagrante, nesta quarta-feira (24), uma investigada, de 33 anos, que invadiu uma resid\u00eancia para efetuar a subtra\u00e7\u00e3o de bens alheios.\u00a0Conforme consta, a v\u00edtima, uma mulher, de 46 anos, afirmou que estava em sua casa, situada [&hellip;]<\/p>\n","protected":false},"author":42,"featured_media":125182,"comment_status":"closed","ping_status":"closed","sticky":false,"template":"","format":"standard","meta":{"footnotes":""},"categories":[3196,2538,89,537],"tags":[2542,2605],"class_list":["post-133689","post","type-post","status-publish","format-standard","has-post-thumbnail","hentry","category-9a-regional","category-delegacias","category-regionais","category-ultimo-segundo","tag-9a-drp","tag-orizona"],"rttpg_featured_image_url":{"full":["https:\/\/goias.gov.br\/policiacivil\/wp-content\/uploads\/sites\/71\/2023\/12\/design-sem-nome-16.png",1200,630,false],"landscape":["https:\/\/goias.gov.br\/policiacivil\/wp-content\/uploads\/sites\/71\/2023\/12\/design-sem-nome-16.png",1200,630,false],"portraits":["https:\/\/goias.gov.br\/policiacivil\/wp-content\/uploads\/sites\/71\/2023\/12\/design-sem-nome-16.png",1200,630,false],"thumbnail":["https:\/\/goias.gov.br\/policiacivil\/wp-content\/uploads\/sites\/71\/2023\/12\/design-sem-nome-16-300x300.png",150,150,true],"medium":["https:\/\/goias.gov.br\/policiacivil\/wp-content\/uploads\/sites\/71\/2023\/12\/design-sem-nome-16.png",300,158,false],"large":["https:\/\/goias.gov.br\/policiacivil\/wp-content\/uploads\/sites\/71\/2023\/12\/design-sem-nome-16.png",1024,538,false],"1536x1536":["https:\/\/goias.gov.br\/policiacivil\/wp-content\/uploads\/sites\/71\/2023\/12\/design-sem-nome-16.png",1200,630,false],"2048x2048":["https:\/\/goias.gov.br\/policiacivil\/wp-content\/uploads\/sites\/71\/2023\/12\/design-sem-nome-16.png",1200,630,false]},"rttpg_author":{"display_name":"carolinalima","author_link":"https:\/\/goias.gov.br\/policiacivil\/author\/carolinalima\/"},"rttpg_comment":0,"rttpg_category":"<a href=\"https:\/\/goias.gov.br\/policiacivil\/categoria\/drp\/9a-regional\/\" rel=\"category tag\">9\u00aa Regional<\/a> <a href=\"https:\/\/goias.gov.br\/policiacivil\/categoria\/delegacias\/\" rel=\"category tag\">Delegacias<\/a> <a href=\"https:\/\/goias.gov.br\/policiacivil\/categoria\/delegacias\/regionais\/\" rel=\"category tag\">Regionais<\/a> <a href=\"https:\/\/goias.gov.br\/policiacivil\/categoria\/ultimo-segundo\/\" rel=\"category tag\">\u00daltimo Segundo<\/a>","rttpg_excerpt":"A Pol\u00edcia Civil de Goi\u00e1s, por interm\u00e9dio da equipe da Delegacia de Pol\u00edcia de Orizona &#8211; 9\u00aa DRP, prendeu em flagrante, nesta quarta-feira (24), uma investigada, de 33 anos, que invadiu uma resid\u00eancia para efetuar a subtra\u00e7\u00e3o de bens alheios.\u00a0Conforme consta, a v\u00edtima, uma mulher, de 46 anos, afirmou que estava em sua casa, situada&hellip;","_links":{"self":[{"href":"https:\/\/goias.gov.br\/policiacivil\/wp-json\/wp\/v2\/posts\/133689","targetHints":{"allow":["GET"]}}],"collection":[{"href":"https:\/\/goias.gov.br\/policiacivil\/wp-json\/wp\/v2\/posts"}],"about":[{"href":"https:\/\/goias.gov.br\/policiacivil\/wp-json\/wp\/v2\/types\/post"}],"author":[{"embeddable":true,"href":"https:\/\/goias.gov.br\/policiacivil\/wp-json\/wp\/v2\/users\/42"}],"replies":[{"embeddable":true,"href":"https:\/\/goias.gov.br\/policiacivil\/wp-json\/wp\/v2\/comments?post=133689"}],"version-history":[{"count":1,"href":"https:\/\/goias.gov.br\/policiacivil\/wp-json\/wp\/v2\/posts\/133689\/revisions"}],"predecessor-version":[{"id":133697,"href":"https:\/\/goias.gov.br\/policiacivil\/wp-json\/wp\/v2\/posts\/133689\/revisions\/133697"}],"wp:featuredmedia":[{"embeddable":true,"href":"https:\/\/goias.gov.br\/policiacivil\/wp-json\/wp\/v2\/media\/125182"}],"wp:attachment":[{"href":"https:\/\/goias.gov.br\/policiacivil\/wp-json\/wp\/v2\/media?parent=133689"}],"wp:term":[{"taxonomy":"category","embeddable":true,"href":"https:\/\/goias.gov.br\/policiacivil\/wp-json\/wp\/v2\/categories?post=133689"},{"taxonomy":"post_tag","embeddable":true,"href":"https:\/\/goias.gov.br\/policiacivil\/wp-json\/wp\/v2\/tags?post=133689"}],"curies":[{"name":"wp","href":"https:\/\/api.w.org\/{rel}","templated":true}]}}