

{"id":133615,"date":"2024-07-24T16:16:28","date_gmt":"2024-07-24T19:16:28","guid":{"rendered":" https:\/\/goias.gov.br\/policiacivil\/?p=133615"},"modified":"2024-07-24T16:16:28","modified_gmt":"2024-07-24T19:16:28","slug":"neurologista-presa-em-itumbiara-apos-sequestrar-recem-nascida-premeditou-crime-aponta-investigacao","status":"publish","type":"post","link":"https:\/\/goias.gov.br\/policiacivil\/neurologista-presa-em-itumbiara-apos-sequestrar-recem-nascida-premeditou-crime-aponta-investigacao\/","title":{"rendered":"Neurologista presa em Itumbiara ap\u00f3s sequestrar rec\u00e9m-nascida premeditou crime, aponta investiga\u00e7\u00e3o"},"content":{"rendered":"<p style=\"text-align: justify;\">Os policiais civis da Delegacia Especializada no Atendimento \u00e0 Mulher (Deam), com apoio da 2\u00aa Delegacia Distrital de Pol\u00edcia, ambos de Itumbiara, em a\u00e7\u00e3o conjunta com a Pol\u00edcia Civil de Minas Gerais (3\u00aa DP de Uberl\u00e2ndia), prenderam em flagrante, na manh\u00e3 de hoje (24), uma m\u00e9dica neurologista de 42 anos por ter sequestrado uma rec\u00e9m-nascida. A crian\u00c7a nasceu ontem (23) em Uberl\u00e2ndia, por volta das 21H, na Maternidade do Hospital das Cl\u00ednicas da Universidade Federal de Uberl\u00e2ndia. Aproveitando ser concursada no local, \u00e0ss 23h30, a m\u00e9dica neurologista, devidamente paramentada, se passou por pediatra e retirou a crian\u00e7a dos pais que estavam com a beb\u00ea no quarto sob a alega\u00e7\u00e3o de que iria providenciar alimenta\u00e7\u00e3o (leite materno do hospital). Assim que os pais deram falta da crian\u00e7a, o sistema de seguran\u00e7a do hospital foi acionado mas a m\u00e9dica j\u00e1 havia fugido.<\/p>\n<p style=\"text-align: justify;\">No come\u00e7o da manh\u00e3 de hoje, ap\u00f3s intensa troca de informa\u00e7\u00f5es entre as Pol\u00edcias Civis de Minas Gerais e Goi\u00e1s, as equipes da PCGO conseguiram resgatar a crian\u00e7a e posteriormente prender a m\u00e9dica, a\u00e7\u00e3o ocorrida por volta das 10h30, no Jardim Morumbi, em Itumbiara. Os policiais civis goianos encontraram, no carro da m\u00e9dica, enorme enxoval pr\u00f3prio para beb\u00ea do sexo feminino, pe\u00e7as novas, o que mostra a premedita\u00e7\u00e3o do sequestro. A profissional ainda alegou que seria um presente para sua empregada dom\u00e9stica, que est\u00e1 gr\u00e1vida, por\u00e9m, a servidora espera um menino.<\/p>\n<p style=\"text-align: justify;\">A detida foi conduzida pelos policiais civis da Deam de Itumbiara e autuada pelo crime de sequestro qualificado, que prev\u00ea pena de at\u00e9 5 anos de reclus\u00e3o. A autuada fica \u00e0 disposi\u00e7\u00e3o do Poder Judici\u00e1rio de Itumbiara, vez que o crime de sequestro \u00e9 permanente e este \u00e9 o local onde deve ser fixada a compet\u00eancia jurisdicional, inclusive para audi\u00eancia de cust\u00f3dia.<\/p>\n<p style=\"text-align: justify;\">A divulga\u00e7\u00e3o da imagem da presa foi procedida nos termos da Lei n\u00ba 13.869\/2019 e da Portaria n\u00ba 547\/2021 \u2013 PC, conforme despacho do(a) delegado(a) de pol\u00edcia respons\u00e1vel pelo inqu\u00e9rito policial, de modo que a publica\u00e7\u00e3o de sua imagem possa auxiliar no surgimento de novas v\u00edtimas e testemunhas que fa\u00e7am seu reconhecimento, al\u00e9m de novas provas.<\/p>\n<div id='gallery-1' class='gallery galleryid-133615 gallery-columns-2 gallery-size-thumbnail'><figure class='gallery-item'>\n\t\t\t<div class='gallery-icon landscape'>\n\t\t\t\t<a href='https:\/\/goias.gov.br\/policiacivil\/wp-content\/uploads\/sites\/71\/2024\/07\/whatsapp-image-2024-07-24-at-13.50.14.jpeg'><img decoding=\"async\" width=\"150\" height=\"150\" src=\"https:\/\/goias.gov.br\/policiacivil\/wp-content\/uploads\/sites\/71\/2024\/07\/whatsapp-image-2024-07-24-at-13.50.14-300x300.jpeg\" class=\"attachment-thumbnail size-thumbnail\" alt=\"Neurologista presa em Itumbiara ap\u00f3s sequestrar rec\u00e9m-nascida premeditou crime, aponta investiga\u00e7\u00e3o\" \/><\/a>\n\t\t\t<\/div><\/figure><figure class='gallery-item'>\n\t\t\t<div class='gallery-icon portrait'>\n\t\t\t\t<a href='https:\/\/goias.gov.br\/policiacivil\/wp-content\/uploads\/sites\/71\/2024\/07\/whatsapp-image-2024-07-24-at-13.50.15.jpeg'><img decoding=\"async\" width=\"150\" height=\"150\" src=\"https:\/\/goias.gov.br\/policiacivil\/wp-content\/uploads\/sites\/71\/2024\/07\/whatsapp-image-2024-07-24-at-13.50.15-300x300.jpeg\" class=\"attachment-thumbnail size-thumbnail\" alt=\"Neurologista presa em Itumbiara ap\u00f3s sequestrar rec\u00e9m-nascida premeditou crime, aponta investiga\u00e7\u00e3o\" \/><\/a>\n\t\t\t<\/div><\/figure>\n\t\t<\/div>\n\n","protected":false},"excerpt":{"rendered":"<p>Os policiais civis da Delegacia Especializada no Atendimento \u00e0 Mulher (Deam), com apoio da 2\u00aa Delegacia Distrital de Pol\u00edcia, ambos de Itumbiara, em a\u00e7\u00e3o conjunta com a Pol\u00edcia Civil de Minas Gerais (3\u00aa DP de Uberl\u00e2ndia), prenderam em flagrante, na manh\u00e3 de hoje (24), uma m\u00e9dica neurologista de 42 anos por ter sequestrado uma rec\u00e9m-nascida. [&hellip;]<\/p>\n","protected":false},"author":34,"featured_media":133623,"comment_status":"closed","ping_status":"closed","sticky":false,"template":"","format":"standard","meta":{"footnotes":""},"categories":[3193,2538,6069,89],"tags":[16,4217,10958],"class_list":["post-133615","post","type-post","status-publish","format-standard","has-post-thumbnail","hentry","category-6a-regional","category-delegacias","category-noticias-da-policia-civil","category-regionais","tag-itumbiara","tag-medica","tag-sequestro-de-bebe"],"rttpg_featured_image_url":{"full":["https:\/\/goias.gov.br\/policiacivil\/wp-content\/uploads\/sites\/71\/2024\/07\/whatsapp-image-2024-07-24-at-13.50.14.jpeg",1200,900,false],"landscape":["https:\/\/goias.gov.br\/policiacivil\/wp-content\/uploads\/sites\/71\/2024\/07\/whatsapp-image-2024-07-24-at-13.50.14.jpeg",1200,900,false],"portraits":["https:\/\/goias.gov.br\/policiacivil\/wp-content\/uploads\/sites\/71\/2024\/07\/whatsapp-image-2024-07-24-at-13.50.14.jpeg",1200,900,false],"thumbnail":["https:\/\/goias.gov.br\/policiacivil\/wp-content\/uploads\/sites\/71\/2024\/07\/whatsapp-image-2024-07-24-at-13.50.14-300x300.jpeg",150,150,true],"medium":["https:\/\/goias.gov.br\/policiacivil\/wp-content\/uploads\/sites\/71\/2024\/07\/whatsapp-image-2024-07-24-at-13.50.14.jpeg",300,225,false],"large":["https:\/\/goias.gov.br\/policiacivil\/wp-content\/uploads\/sites\/71\/2024\/07\/whatsapp-image-2024-07-24-at-13.50.14.jpeg",1024,768,false],"1536x1536":["https:\/\/goias.gov.br\/policiacivil\/wp-content\/uploads\/sites\/71\/2024\/07\/whatsapp-image-2024-07-24-at-13.50.14.jpeg",1200,900,false],"2048x2048":["https:\/\/goias.gov.br\/policiacivil\/wp-content\/uploads\/sites\/71\/2024\/07\/whatsapp-image-2024-07-24-at-13.50.14.jpeg",1200,900,false]},"rttpg_author":{"display_name":"celsoassis","author_link":"https:\/\/goias.gov.br\/policiacivil\/author\/celsoassis\/"},"rttpg_comment":0,"rttpg_category":"<a href=\"https:\/\/goias.gov.br\/policiacivil\/categoria\/drp\/6a-regional\/\" rel=\"category tag\">6\u00aa Regional<\/a> <a href=\"https:\/\/goias.gov.br\/policiacivil\/categoria\/delegacias\/\" rel=\"category tag\">Delegacias<\/a> <a href=\"https:\/\/goias.gov.br\/policiacivil\/categoria\/noticias\/noticias-da-policia-civil\/\" rel=\"category tag\">Not\u00edcias da Pol\u00edcia Civil<\/a> <a href=\"https:\/\/goias.gov.br\/policiacivil\/categoria\/delegacias\/regionais\/\" rel=\"category tag\">Regionais<\/a>","rttpg_excerpt":"Os policiais civis da Delegacia Especializada no Atendimento \u00e0 Mulher (Deam), com apoio da 2\u00aa Delegacia Distrital de Pol\u00edcia, ambos de Itumbiara, em a\u00e7\u00e3o conjunta com a Pol\u00edcia Civil de Minas Gerais (3\u00aa DP de Uberl\u00e2ndia), prenderam em flagrante, na manh\u00e3 de hoje (24), uma m\u00e9dica neurologista de 42 anos por ter sequestrado uma rec\u00e9m-nascida.&hellip;","_links":{"self":[{"href":"https:\/\/goias.gov.br\/policiacivil\/wp-json\/wp\/v2\/posts\/133615","targetHints":{"allow":["GET"]}}],"collection":[{"href":"https:\/\/goias.gov.br\/policiacivil\/wp-json\/wp\/v2\/posts"}],"about":[{"href":"https:\/\/goias.gov.br\/policiacivil\/wp-json\/wp\/v2\/types\/post"}],"author":[{"embeddable":true,"href":"https:\/\/goias.gov.br\/policiacivil\/wp-json\/wp\/v2\/users\/34"}],"replies":[{"embeddable":true,"href":"https:\/\/goias.gov.br\/policiacivil\/wp-json\/wp\/v2\/comments?post=133615"}],"version-history":[{"count":3,"href":"https:\/\/goias.gov.br\/policiacivil\/wp-json\/wp\/v2\/posts\/133615\/revisions"}],"predecessor-version":[{"id":133625,"href":"https:\/\/goias.gov.br\/policiacivil\/wp-json\/wp\/v2\/posts\/133615\/revisions\/133625"}],"wp:featuredmedia":[{"embeddable":true,"href":"https:\/\/goias.gov.br\/policiacivil\/wp-json\/wp\/v2\/media\/133623"}],"wp:attachment":[{"href":"https:\/\/goias.gov.br\/policiacivil\/wp-json\/wp\/v2\/media?parent=133615"}],"wp:term":[{"taxonomy":"category","embeddable":true,"href":"https:\/\/goias.gov.br\/policiacivil\/wp-json\/wp\/v2\/categories?post=133615"},{"taxonomy":"post_tag","embeddable":true,"href":"https:\/\/goias.gov.br\/policiacivil\/wp-json\/wp\/v2\/tags?post=133615"}],"curies":[{"name":"wp","href":"https:\/\/api.w.org\/{rel}","templated":true}]}}