

{"id":133612,"date":"2024-07-24T15:43:13","date_gmt":"2024-07-24T18:43:13","guid":{"rendered":" https:\/\/goias.gov.br\/policiacivil\/?p=133612"},"modified":"2024-07-24T15:43:13","modified_gmt":"2024-07-24T18:43:13","slug":"devedor-de-pensao-alimenticia-e-preso-em-abadia-de-goias-apos-determinacao-judicial","status":"publish","type":"post","link":"https:\/\/goias.gov.br\/policiacivil\/devedor-de-pensao-alimenticia-e-preso-em-abadia-de-goias-apos-determinacao-judicial\/","title":{"rendered":"Devedor de pens\u00e3o aliment\u00edcia \u00e9 preso, em Abadia de Goi\u00e1s, ap\u00f3s determina\u00e7\u00e3o judicial"},"content":{"rendered":"<p>A Pol\u00edcia Civil do Estado de Goi\u00e1s, por meio da Delegacia de Abadia de Goi\u00e1s, na manh\u00e3 de hoje (24), cumpriu mandado de pris\u00e3o civil em desfavor de um homem de 22 anos. O Poder Judici\u00e1rio de Abadia de Goi\u00e1s acionou a Pol\u00edcia Civil solicitando a localiza\u00e7\u00e3o e captura de um homem de 22 anos, devedor de pens\u00e3o aliment\u00edcia. Os agentes policiais encontraram o suspeito e deram cumprimento ao respectivo mandado.<\/p>\n","protected":false},"excerpt":{"rendered":"<p>A Pol\u00edcia Civil do Estado de Goi\u00e1s, por meio da Delegacia de Abadia de Goi\u00e1s, na manh\u00e3 de hoje (24), cumpriu mandado de pris\u00e3o civil em desfavor de um homem de 22 anos. O Poder Judici\u00e1rio de Abadia de Goi\u00e1s acionou a Pol\u00edcia Civil solicitando a localiza\u00e7\u00e3o e captura de um homem de 22 anos, [&hellip;]<\/p>\n","protected":false},"author":34,"featured_media":133613,"comment_status":"closed","ping_status":"closed","sticky":false,"template":"","format":"standard","meta":{"footnotes":""},"categories":[3203,2538,89,537],"tags":[10957],"class_list":["post-133612","post","type-post","status-publish","format-standard","has-post-thumbnail","hentry","category-16a-regional","category-delegacias","category-regionais","category-ultimo-segundo","tag-abadia-de-goipas"],"rttpg_featured_image_url":{"full":["https:\/\/goias.gov.br\/policiacivil\/wp-content\/uploads\/sites\/71\/2024\/07\/whatsapp-image-2024-07-24-at-13.15.58.jpeg",1024,768,false],"landscape":["https:\/\/goias.gov.br\/policiacivil\/wp-content\/uploads\/sites\/71\/2024\/07\/whatsapp-image-2024-07-24-at-13.15.58.jpeg",1024,768,false],"portraits":["https:\/\/goias.gov.br\/policiacivil\/wp-content\/uploads\/sites\/71\/2024\/07\/whatsapp-image-2024-07-24-at-13.15.58.jpeg",1024,768,false],"thumbnail":["https:\/\/goias.gov.br\/policiacivil\/wp-content\/uploads\/sites\/71\/2024\/07\/whatsapp-image-2024-07-24-at-13.15.58-300x300.jpeg",150,150,true],"medium":["https:\/\/goias.gov.br\/policiacivil\/wp-content\/uploads\/sites\/71\/2024\/07\/whatsapp-image-2024-07-24-at-13.15.58.jpeg",300,225,false],"large":["https:\/\/goias.gov.br\/policiacivil\/wp-content\/uploads\/sites\/71\/2024\/07\/whatsapp-image-2024-07-24-at-13.15.58.jpeg",1024,768,false],"1536x1536":["https:\/\/goias.gov.br\/policiacivil\/wp-content\/uploads\/sites\/71\/2024\/07\/whatsapp-image-2024-07-24-at-13.15.58.jpeg",1024,768,false],"2048x2048":["https:\/\/goias.gov.br\/policiacivil\/wp-content\/uploads\/sites\/71\/2024\/07\/whatsapp-image-2024-07-24-at-13.15.58.jpeg",1024,768,false]},"rttpg_author":{"display_name":"celsoassis","author_link":"https:\/\/goias.gov.br\/policiacivil\/author\/celsoassis\/"},"rttpg_comment":0,"rttpg_category":"<a href=\"https:\/\/goias.gov.br\/policiacivil\/categoria\/drp\/16a-regional\/\" rel=\"category tag\">16\u00aa Regional<\/a> <a href=\"https:\/\/goias.gov.br\/policiacivil\/categoria\/delegacias\/\" rel=\"category tag\">Delegacias<\/a> <a href=\"https:\/\/goias.gov.br\/policiacivil\/categoria\/delegacias\/regionais\/\" rel=\"category tag\">Regionais<\/a> <a href=\"https:\/\/goias.gov.br\/policiacivil\/categoria\/ultimo-segundo\/\" rel=\"category tag\">\u00daltimo Segundo<\/a>","rttpg_excerpt":"A Pol\u00edcia Civil do Estado de Goi\u00e1s, por meio da Delegacia de Abadia de Goi\u00e1s, na manh\u00e3 de hoje (24), cumpriu mandado de pris\u00e3o civil em desfavor de um homem de 22 anos. O Poder Judici\u00e1rio de Abadia de Goi\u00e1s acionou a Pol\u00edcia Civil solicitando a localiza\u00e7\u00e3o e captura de um homem de 22 anos,&hellip;","_links":{"self":[{"href":"https:\/\/goias.gov.br\/policiacivil\/wp-json\/wp\/v2\/posts\/133612","targetHints":{"allow":["GET"]}}],"collection":[{"href":"https:\/\/goias.gov.br\/policiacivil\/wp-json\/wp\/v2\/posts"}],"about":[{"href":"https:\/\/goias.gov.br\/policiacivil\/wp-json\/wp\/v2\/types\/post"}],"author":[{"embeddable":true,"href":"https:\/\/goias.gov.br\/policiacivil\/wp-json\/wp\/v2\/users\/34"}],"replies":[{"embeddable":true,"href":"https:\/\/goias.gov.br\/policiacivil\/wp-json\/wp\/v2\/comments?post=133612"}],"version-history":[{"count":1,"href":"https:\/\/goias.gov.br\/policiacivil\/wp-json\/wp\/v2\/posts\/133612\/revisions"}],"predecessor-version":[{"id":133614,"href":"https:\/\/goias.gov.br\/policiacivil\/wp-json\/wp\/v2\/posts\/133612\/revisions\/133614"}],"wp:featuredmedia":[{"embeddable":true,"href":"https:\/\/goias.gov.br\/policiacivil\/wp-json\/wp\/v2\/media\/133613"}],"wp:attachment":[{"href":"https:\/\/goias.gov.br\/policiacivil\/wp-json\/wp\/v2\/media?parent=133612"}],"wp:term":[{"taxonomy":"category","embeddable":true,"href":"https:\/\/goias.gov.br\/policiacivil\/wp-json\/wp\/v2\/categories?post=133612"},{"taxonomy":"post_tag","embeddable":true,"href":"https:\/\/goias.gov.br\/policiacivil\/wp-json\/wp\/v2\/tags?post=133612"}],"curies":[{"name":"wp","href":"https:\/\/api.w.org\/{rel}","templated":true}]}}