

{"id":133229,"date":"2024-07-13T12:36:38","date_gmt":"2024-07-13T15:36:38","guid":{"rendered":" https:\/\/goias.gov.br\/policiacivil\/?p=133229"},"modified":"2024-07-13T12:36:38","modified_gmt":"2024-07-13T15:36:38","slug":"policia-civil-prende-em-aparecida-de-goiania-comparsa-de-homicidio-praticado-na-paraiba","status":"publish","type":"post","link":"https:\/\/goias.gov.br\/policiacivil\/policia-civil-prende-em-aparecida-de-goiania-comparsa-de-homicidio-praticado-na-paraiba\/","title":{"rendered":"Pol\u00edcia Civil prende, em Aparecida de Goi\u00e2nia, comparsa de homic\u00eddio praticado na Para\u00edba"},"content":{"rendered":"<p style=\"text-align: justify;\">A Pol\u00edcia Civil de Goi\u00e1s, por meio da Delegacia de Prote\u00e7\u00e3o \u00e0 Crian\u00e7a e ao Adolescente (DPCA) de Aparecida de Goi\u00e2nia, prendeu, na manh\u00e3 deste s\u00e1bado (13), investigado por homic\u00eddio cometido no dia 10 de setembro de 2023, no bairro Tibiri, em Santa Rita, Para\u00edba.\u00a0Ap\u00f3s pedido de apoio da Pol\u00edcia Civil da Para\u00edba, N\u00facleo de Homic\u00eddios e Repress\u00e3o Qualificada, a equipe da DPCA passou a diligenciar para prender comparsa do crime do homic\u00eddio.<\/p>\n<p style=\"text-align: justify;\">O suspeito tem 38 anos de idade e responde pela morte de Marcelo dos Santos Lima, 42 anos.\u00a0Marcelo estava em um dep\u00f3sito de bebidas, onde trabalhava, quando foi surpreendido por homens que j\u00e1 chegaram atirando. A v\u00edtima foi atingida na cabe\u00e7a.\u00a0Foram expedidos dois mandados de pris\u00e3o da 1\u00aa Vara Mista do munic\u00edpio, sendo um cumprido na quinta-feira, em Jo\u00e3o Pessoa, e o outro hoje, em Aparecida de Goi\u00e2nia.<\/p>\n<p>&nbsp;<\/p>\n","protected":false},"excerpt":{"rendered":"<p>A Pol\u00edcia Civil de Goi\u00e1s, por meio da Delegacia de Prote\u00e7\u00e3o \u00e0 Crian\u00e7a e ao Adolescente (DPCA) de Aparecida de Goi\u00e2nia, prendeu, na manh\u00e3 deste s\u00e1bado (13), investigado por homic\u00eddio cometido no dia 10 de setembro de 2023, no bairro Tibiri, em Santa Rita, Para\u00edba.\u00a0Ap\u00f3s pedido de apoio da Pol\u00edcia Civil da Para\u00edba, N\u00facleo de [&hellip;]<\/p>\n","protected":false},"author":34,"featured_media":133230,"comment_status":"closed","ping_status":"closed","sticky":false,"template":"","format":"standard","meta":{"footnotes":""},"categories":[3189,2538,6069,89],"tags":[10805,10943],"class_list":["post-133229","post","type-post","status-publish","format-standard","has-post-thumbnail","hentry","category-2a-regional","category-delegacias","category-noticias-da-policia-civil","category-regionais","tag-dpca-aparecida","tag-homicidio-paraiba"],"rttpg_featured_image_url":{"full":["https:\/\/goias.gov.br\/policiacivil\/wp-content\/uploads\/sites\/71\/2024\/07\/whatsapp-image-2024-07-13-at-11.49.00.jpeg",675,1200,false],"landscape":["https:\/\/goias.gov.br\/policiacivil\/wp-content\/uploads\/sites\/71\/2024\/07\/whatsapp-image-2024-07-13-at-11.49.00.jpeg",675,1200,false],"portraits":["https:\/\/goias.gov.br\/policiacivil\/wp-content\/uploads\/sites\/71\/2024\/07\/whatsapp-image-2024-07-13-at-11.49.00.jpeg",675,1200,false],"thumbnail":["https:\/\/goias.gov.br\/policiacivil\/wp-content\/uploads\/sites\/71\/2024\/07\/whatsapp-image-2024-07-13-at-11.49.00-300x300.jpeg",150,150,true],"medium":["https:\/\/goias.gov.br\/policiacivil\/wp-content\/uploads\/sites\/71\/2024\/07\/whatsapp-image-2024-07-13-at-11.49.00.jpeg",169,300,false],"large":["https:\/\/goias.gov.br\/policiacivil\/wp-content\/uploads\/sites\/71\/2024\/07\/whatsapp-image-2024-07-13-at-11.49.00.jpeg",576,1024,false],"1536x1536":["https:\/\/goias.gov.br\/policiacivil\/wp-content\/uploads\/sites\/71\/2024\/07\/whatsapp-image-2024-07-13-at-11.49.00.jpeg",675,1200,false],"2048x2048":["https:\/\/goias.gov.br\/policiacivil\/wp-content\/uploads\/sites\/71\/2024\/07\/whatsapp-image-2024-07-13-at-11.49.00.jpeg",675,1200,false]},"rttpg_author":{"display_name":"celsoassis","author_link":"https:\/\/goias.gov.br\/policiacivil\/author\/celsoassis\/"},"rttpg_comment":0,"rttpg_category":"<a href=\"https:\/\/goias.gov.br\/policiacivil\/categoria\/drp\/2a-regional\/\" rel=\"category tag\">2\u00aa Regional<\/a> <a href=\"https:\/\/goias.gov.br\/policiacivil\/categoria\/delegacias\/\" rel=\"category tag\">Delegacias<\/a> <a href=\"https:\/\/goias.gov.br\/policiacivil\/categoria\/noticias\/noticias-da-policia-civil\/\" rel=\"category tag\">Not\u00edcias da Pol\u00edcia Civil<\/a> <a href=\"https:\/\/goias.gov.br\/policiacivil\/categoria\/delegacias\/regionais\/\" rel=\"category tag\">Regionais<\/a>","rttpg_excerpt":"A Pol\u00edcia Civil de Goi\u00e1s, por meio da Delegacia de Prote\u00e7\u00e3o \u00e0 Crian\u00e7a e ao Adolescente (DPCA) de Aparecida de Goi\u00e2nia, prendeu, na manh\u00e3 deste s\u00e1bado (13), investigado por homic\u00eddio cometido no dia 10 de setembro de 2023, no bairro Tibiri, em Santa Rita, Para\u00edba.\u00a0Ap\u00f3s pedido de apoio da Pol\u00edcia Civil da Para\u00edba, N\u00facleo de&hellip;","_links":{"self":[{"href":"https:\/\/goias.gov.br\/policiacivil\/wp-json\/wp\/v2\/posts\/133229","targetHints":{"allow":["GET"]}}],"collection":[{"href":"https:\/\/goias.gov.br\/policiacivil\/wp-json\/wp\/v2\/posts"}],"about":[{"href":"https:\/\/goias.gov.br\/policiacivil\/wp-json\/wp\/v2\/types\/post"}],"author":[{"embeddable":true,"href":"https:\/\/goias.gov.br\/policiacivil\/wp-json\/wp\/v2\/users\/34"}],"replies":[{"embeddable":true,"href":"https:\/\/goias.gov.br\/policiacivil\/wp-json\/wp\/v2\/comments?post=133229"}],"version-history":[{"count":1,"href":"https:\/\/goias.gov.br\/policiacivil\/wp-json\/wp\/v2\/posts\/133229\/revisions"}],"predecessor-version":[{"id":133231,"href":"https:\/\/goias.gov.br\/policiacivil\/wp-json\/wp\/v2\/posts\/133229\/revisions\/133231"}],"wp:featuredmedia":[{"embeddable":true,"href":"https:\/\/goias.gov.br\/policiacivil\/wp-json\/wp\/v2\/media\/133230"}],"wp:attachment":[{"href":"https:\/\/goias.gov.br\/policiacivil\/wp-json\/wp\/v2\/media?parent=133229"}],"wp:term":[{"taxonomy":"category","embeddable":true,"href":"https:\/\/goias.gov.br\/policiacivil\/wp-json\/wp\/v2\/categories?post=133229"},{"taxonomy":"post_tag","embeddable":true,"href":"https:\/\/goias.gov.br\/policiacivil\/wp-json\/wp\/v2\/tags?post=133229"}],"curies":[{"name":"wp","href":"https:\/\/api.w.org\/{rel}","templated":true}]}}