

{"id":133128,"date":"2024-07-11T16:00:03","date_gmt":"2024-07-11T19:00:03","guid":{"rendered":" https:\/\/goias.gov.br\/policiacivil\/?p=133128"},"modified":"2024-07-11T16:00:57","modified_gmt":"2024-07-11T19:00:57","slug":"pcgo-e-pcma-prendem-autor-por-esfaquear-vitima-que-separou-briga-em-bar-de-itaberai","status":"publish","type":"post","link":"https:\/\/goias.gov.br\/policiacivil\/pcgo-e-pcma-prendem-autor-por-esfaquear-vitima-que-separou-briga-em-bar-de-itaberai\/","title":{"rendered":"PCGO e PCMA prendem autor por esfaquear v\u00edtima que separou briga em bar de Itabera\u00ed"},"content":{"rendered":"<p style=\"text-align: justify;\">No dia 30 de junho deste ano, o Grupo de Investiga\u00e7\u00e3o de Homic\u00eddios (GIH) de Itabera\u00ed foi informado de que havia acontecido uma desentendimento entre dois indiv\u00edduos em um bar da cidade de Itabera\u00ed, sendo que um dos envolvidos havia esfaqueado o outro diversas vezes nas costas. Localizada a v\u00edtima no hospital municipal, esta informou que havia separado uma discuss\u00e3o entre um amigo seu e um desconhecido momentos antes dos fatos, por\u00e9m, logo depois do ocorrido, este desconhecido voltou ao bar e, sem que a v\u00edtima percebesse, aproximou-se pelas costas e desferiu golpes de arma branca.<\/p>\n<p style=\"text-align: justify;\">Em posse das imagens de c\u00e2meras do local e da regi\u00e3o, visualizou-se o instante em que o autor se aproximou da v\u00edtima sorrateiramente. Quando este estava imediatamente atr\u00e1s dela, saca de uma faca escondida na cintura e o golpeia m\u00faltiplas vezes, fugindo em seguida em um ve\u00edculo Siena de cor preta.<\/p>\n<p style=\"text-align: justify;\">Ap\u00f3s intensas investiga\u00e7\u00f5es, o GIH identificou o autor, um motorista de caminh\u00e3o de uma empresa da cidade, bem como que este possu\u00eda um ve\u00edculo Siena preto do mesmo modelo exibido nas imagens em seu nome. As investiga\u00e7\u00f5es apontavam que o autor fugiu do Estado de Goi\u00e1s na manh\u00e3 seguinte, cruzando a divina com o Tocantins. Ap\u00f3s levantamentos, foi poss\u00edvel localizar seu paradeiro na cidade de Campestre do Maranh\u00e3o. Solicitado apoio a policiais civis da regional de Imperatriz\/MA, a PCMA, atrav\u00e9s do seu grupo especializado GPE, o encontrou na casa de seu irm\u00e3o, no local indicado pelo GIH, realizando sua pris\u00e3o pela tentativa de homic\u00eddio.<\/p>\n<p>&nbsp;<\/p>\n<p><img fetchpriority=\"high\" decoding=\"async\" class=\"alignnone size-full wp-image-133130\" src=\" https:\/\/goias.gov.br\/policiacivil\/wp-content\/uploads\/sites\/71\/2024\/07\/whatsapp-image-2024-07-11-at-15.29.32.jpeg\" alt=\"PCGO e PCMA prendem autor por esfaquear v\u00edtima que separou briga em bar de Itabera\u00ed\" width=\"446\" height=\"687\" \/><\/p>\n","protected":false},"excerpt":{"rendered":"<p>No dia 30 de junho deste ano, o Grupo de Investiga\u00e7\u00e3o de Homic\u00eddios (GIH) de Itabera\u00ed foi informado de que havia acontecido uma desentendimento entre dois indiv\u00edduos em um bar da cidade de Itabera\u00ed, sendo que um dos envolvidos havia esfaqueado o outro diversas vezes nas costas. Localizada a v\u00edtima no hospital municipal, esta informou [&hellip;]<\/p>\n","protected":false},"author":34,"featured_media":119244,"comment_status":"closed","ping_status":"closed","sticky":false,"template":"","format":"standard","meta":{"footnotes":""},"categories":[3191,2538,89,537],"tags":[568],"class_list":["post-133128","post","type-post","status-publish","format-standard","has-post-thumbnail","hentry","category-4a-regional","category-delegacias","category-regionais","category-ultimo-segundo","tag-itaberai"],"rttpg_featured_image_url":{"full":["https:\/\/goias.gov.br\/policiacivil\/wp-content\/uploads\/sites\/71\/2023\/08\/itaberai-2.jpeg",1068,601,false],"landscape":["https:\/\/goias.gov.br\/policiacivil\/wp-content\/uploads\/sites\/71\/2023\/08\/itaberai-2.jpeg",1068,601,false],"portraits":["https:\/\/goias.gov.br\/policiacivil\/wp-content\/uploads\/sites\/71\/2023\/08\/itaberai-2.jpeg",1068,601,false],"thumbnail":["https:\/\/goias.gov.br\/policiacivil\/wp-content\/uploads\/sites\/71\/2023\/08\/itaberai-2-300x300.jpeg",150,150,true],"medium":["https:\/\/goias.gov.br\/policiacivil\/wp-content\/uploads\/sites\/71\/2023\/08\/itaberai-2-500x281.jpeg",300,169,true],"large":["https:\/\/goias.gov.br\/policiacivil\/wp-content\/uploads\/sites\/71\/2023\/08\/itaberai-2.jpeg",1024,576,false],"1536x1536":["https:\/\/goias.gov.br\/policiacivil\/wp-content\/uploads\/sites\/71\/2023\/08\/itaberai-2.jpeg",1068,601,false],"2048x2048":["https:\/\/goias.gov.br\/policiacivil\/wp-content\/uploads\/sites\/71\/2023\/08\/itaberai-2.jpeg",1068,601,false]},"rttpg_author":{"display_name":"celsoassis","author_link":"https:\/\/goias.gov.br\/policiacivil\/author\/celsoassis\/"},"rttpg_comment":0,"rttpg_category":"<a href=\"https:\/\/goias.gov.br\/policiacivil\/categoria\/drp\/4a-regional\/\" rel=\"category tag\">4\u00aa Regional<\/a> <a href=\"https:\/\/goias.gov.br\/policiacivil\/categoria\/delegacias\/\" rel=\"category tag\">Delegacias<\/a> <a href=\"https:\/\/goias.gov.br\/policiacivil\/categoria\/delegacias\/regionais\/\" rel=\"category tag\">Regionais<\/a> <a href=\"https:\/\/goias.gov.br\/policiacivil\/categoria\/ultimo-segundo\/\" rel=\"category tag\">\u00daltimo Segundo<\/a>","rttpg_excerpt":"No dia 30 de junho deste ano, o Grupo de Investiga\u00e7\u00e3o de Homic\u00eddios (GIH) de Itabera\u00ed foi informado de que havia acontecido uma desentendimento entre dois indiv\u00edduos em um bar da cidade de Itabera\u00ed, sendo que um dos envolvidos havia esfaqueado o outro diversas vezes nas costas. Localizada a v\u00edtima no hospital municipal, esta informou&hellip;","_links":{"self":[{"href":"https:\/\/goias.gov.br\/policiacivil\/wp-json\/wp\/v2\/posts\/133128","targetHints":{"allow":["GET"]}}],"collection":[{"href":"https:\/\/goias.gov.br\/policiacivil\/wp-json\/wp\/v2\/posts"}],"about":[{"href":"https:\/\/goias.gov.br\/policiacivil\/wp-json\/wp\/v2\/types\/post"}],"author":[{"embeddable":true,"href":"https:\/\/goias.gov.br\/policiacivil\/wp-json\/wp\/v2\/users\/34"}],"replies":[{"embeddable":true,"href":"https:\/\/goias.gov.br\/policiacivil\/wp-json\/wp\/v2\/comments?post=133128"}],"version-history":[{"count":2,"href":"https:\/\/goias.gov.br\/policiacivil\/wp-json\/wp\/v2\/posts\/133128\/revisions"}],"predecessor-version":[{"id":133131,"href":"https:\/\/goias.gov.br\/policiacivil\/wp-json\/wp\/v2\/posts\/133128\/revisions\/133131"}],"wp:featuredmedia":[{"embeddable":true,"href":"https:\/\/goias.gov.br\/policiacivil\/wp-json\/wp\/v2\/media\/119244"}],"wp:attachment":[{"href":"https:\/\/goias.gov.br\/policiacivil\/wp-json\/wp\/v2\/media?parent=133128"}],"wp:term":[{"taxonomy":"category","embeddable":true,"href":"https:\/\/goias.gov.br\/policiacivil\/wp-json\/wp\/v2\/categories?post=133128"},{"taxonomy":"post_tag","embeddable":true,"href":"https:\/\/goias.gov.br\/policiacivil\/wp-json\/wp\/v2\/tags?post=133128"}],"curies":[{"name":"wp","href":"https:\/\/api.w.org\/{rel}","templated":true}]}}