{"id":132964,"date":"2024-07-09T22:18:20","date_gmt":"2024-07-10T01:18:20","guid":{"rendered":" https:\/\/goias.gov.br\/policiacivil\/?p=132964"},"modified":"2024-07-09T22:18:20","modified_gmt":"2024-07-10T01:18:20","slug":"denarc-prende-foragido-condenado-por-trafico-de-drogas","status":"publish","type":"post","link":"https:\/\/goias.gov.br\/policiacivil\/denarc-prende-foragido-condenado-por-trafico-de-drogas\/","title":{"rendered":"Denarc prende foragido condenado por tr\u00e1fico de drogas"},"content":{"rendered":"<p>A Pol\u00edcia Civil do Estado de Goi\u00e1s, por interm\u00e9dio da Delegacia Estadual de Repress\u00e3o a Narc\u00f3ticos (Denarc), localizou e prendeu indiv\u00edduo foragido condenado pelo crime de tr\u00e1fico de drogas.\u00a0O indiv\u00edduo encontrava-se foragido h\u00e1 um ano e meio e foi capturado hoje (09) no Setor Jardim dos Girass\u00f3is, Aparecida de Goi\u00e2nia, tendo sido encaminhado para a Unidade Prisional, onde permanecer\u00e1 \u00e0 disposi\u00e7\u00e3o do Poder Judici\u00e1rio.<\/p>\n","protected":false},"excerpt":{"rendered":"<p>A Pol\u00edcia Civil do Estado de Goi\u00e1s, por interm\u00e9dio da Delegacia Estadual de Repress\u00e3o a Narc\u00f3ticos (Denarc), localizou e prendeu indiv\u00edduo foragido condenado pelo crime de tr\u00e1fico de drogas.\u00a0O indiv\u00edduo encontrava-se foragido h\u00e1 um ano e meio e foi capturado hoje (09) no Setor Jardim dos Girass\u00f3is, Aparecida de Goi\u00e2nia, tendo sido encaminhado para a [&hellip;]<\/p>\n","protected":false},"author":34,"featured_media":132965,"comment_status":"closed","ping_status":"closed","sticky":false,"template":"","format":"standard","meta":{"footnotes":""},"categories":[2538,92,537],"tags":[10927],"class_list":["post-132964","post","type-post","status-publish","format-standard","has-post-thumbnail","hentry","category-delegacias","category-especializadas","category-ultimo-segundo","tag-foragido-denarc"],"rttpg_featured_image_url":{"full":["https:\/\/goias.gov.br\/policiacivil\/wp-content\/uploads\/sites\/71\/2024\/07\/whatsapp-image-2024-07-09-at-16.55.21-1.jpeg",675,1200,false],"landscape":["https:\/\/goias.gov.br\/policiacivil\/wp-content\/uploads\/sites\/71\/2024\/07\/whatsapp-image-2024-07-09-at-16.55.21-1.jpeg",675,1200,false],"portraits":["https:\/\/goias.gov.br\/policiacivil\/wp-content\/uploads\/sites\/71\/2024\/07\/whatsapp-image-2024-07-09-at-16.55.21-1.jpeg",675,1200,false],"thumbnail":["https:\/\/goias.gov.br\/policiacivil\/wp-content\/uploads\/sites\/71\/2024\/07\/whatsapp-image-2024-07-09-at-16.55.21-1-300x300.jpeg",150,150,true],"medium":["https:\/\/goias.gov.br\/policiacivil\/wp-content\/uploads\/sites\/71\/2024\/07\/whatsapp-image-2024-07-09-at-16.55.21-1.jpeg",169,300,false],"large":["https:\/\/goias.gov.br\/policiacivil\/wp-content\/uploads\/sites\/71\/2024\/07\/whatsapp-image-2024-07-09-at-16.55.21-1.jpeg",576,1024,false],"1536x1536":["https:\/\/goias.gov.br\/policiacivil\/wp-content\/uploads\/sites\/71\/2024\/07\/whatsapp-image-2024-07-09-at-16.55.21-1.jpeg",675,1200,false],"2048x2048":["https:\/\/goias.gov.br\/policiacivil\/wp-content\/uploads\/sites\/71\/2024\/07\/whatsapp-image-2024-07-09-at-16.55.21-1.jpeg",675,1200,false]},"rttpg_author":{"display_name":"celsoassis","author_link":"https:\/\/goias.gov.br\/policiacivil\/author\/celsoassis\/"},"rttpg_comment":0,"rttpg_category":"<a href=\"https:\/\/goias.gov.br\/policiacivil\/categoria\/delegacias\/\" rel=\"category tag\">Delegacias<\/a> <a href=\"https:\/\/goias.gov.br\/policiacivil\/categoria\/delegacias\/especializadas\/\" rel=\"category tag\">Especializadas<\/a> <a href=\"https:\/\/goias.gov.br\/policiacivil\/categoria\/ultimo-segundo\/\" rel=\"category tag\">\u00daltimo Segundo<\/a>","rttpg_excerpt":"A Pol\u00edcia Civil do Estado de Goi\u00e1s, por interm\u00e9dio da Delegacia Estadual de Repress\u00e3o a Narc\u00f3ticos (Denarc), localizou e prendeu indiv\u00edduo foragido condenado pelo crime de tr\u00e1fico de drogas.\u00a0O indiv\u00edduo encontrava-se foragido h\u00e1 um ano e meio e foi capturado hoje (09) no Setor Jardim dos Girass\u00f3is, Aparecida de Goi\u00e2nia, tendo sido encaminhado para a&hellip;","_links":{"self":[{"href":"https:\/\/goias.gov.br\/policiacivil\/wp-json\/wp\/v2\/posts\/132964","targetHints":{"allow":["GET"]}}],"collection":[{"href":"https:\/\/goias.gov.br\/policiacivil\/wp-json\/wp\/v2\/posts"}],"about":[{"href":"https:\/\/goias.gov.br\/policiacivil\/wp-json\/wp\/v2\/types\/post"}],"author":[{"embeddable":true,"href":"https:\/\/goias.gov.br\/policiacivil\/wp-json\/wp\/v2\/users\/34"}],"replies":[{"embeddable":true,"href":"https:\/\/goias.gov.br\/policiacivil\/wp-json\/wp\/v2\/comments?post=132964"}],"version-history":[{"count":1,"href":"https:\/\/goias.gov.br\/policiacivil\/wp-json\/wp\/v2\/posts\/132964\/revisions"}],"predecessor-version":[{"id":132966,"href":"https:\/\/goias.gov.br\/policiacivil\/wp-json\/wp\/v2\/posts\/132964\/revisions\/132966"}],"wp:featuredmedia":[{"embeddable":true,"href":"https:\/\/goias.gov.br\/policiacivil\/wp-json\/wp\/v2\/media\/132965"}],"wp:attachment":[{"href":"https:\/\/goias.gov.br\/policiacivil\/wp-json\/wp\/v2\/media?parent=132964"}],"wp:term":[{"taxonomy":"category","embeddable":true,"href":"https:\/\/goias.gov.br\/policiacivil\/wp-json\/wp\/v2\/categories?post=132964"},{"taxonomy":"post_tag","embeddable":true,"href":"https:\/\/goias.gov.br\/policiacivil\/wp-json\/wp\/v2\/tags?post=132964"}],"curies":[{"name":"wp","href":"https:\/\/api.w.org\/{rel}","templated":true}]}}