

{"id":132629,"date":"2024-07-01T11:06:39","date_gmt":"2024-07-01T14:06:39","guid":{"rendered":" https:\/\/goias.gov.br\/policiacivil\/?p=132629"},"modified":"2024-07-01T11:06:39","modified_gmt":"2024-07-01T14:06:39","slug":"pcgo-prende-investigado-por-estupro-em-anapolis","status":"publish","type":"post","link":"https:\/\/goias.gov.br\/policiacivil\/pcgo-prende-investigado-por-estupro-em-anapolis\/","title":{"rendered":"PCGO prende investigado por estupro em An\u00e1polis"},"content":{"rendered":"<p style=\"text-align: justify;\"><img fetchpriority=\"high\" decoding=\"async\" class=\" wp-image-132630 alignleft\" src=\" https:\/\/goias.gov.br\/policiacivil\/wp-content\/uploads\/sites\/71\/2024\/07\/preso.png\" alt=\"PCGO prende investigado por estupro em An\u00e1polis\" width=\"254\" height=\"362\" \/>A Pol\u00edcia Civil de Goi\u00e1s, por meio da Delegacia Especializada no Atendimento \u00e0 Mulher de An\u00e1polis &#8211; 3\u00aa DRP, prendeu, na manh\u00e3 desta segunda-feira (1\u00ba), de forma preventiva, um funcion\u00e1rio do Vapt-Vupt de An\u00e1polis pelo crime de estupro de vulner\u00e1vel. Al\u00e9m disso, foi cumprido mandado de busca e apreens\u00e3o em seu desfavor.<\/p>\n<p style=\"text-align: justify;\">A v\u00edtima relatou que havia sa\u00eddo com o autor e em determinado momento ficou dopada, situa\u00e7\u00e3o confirmada por uma familiar, que informou que a v\u00edtima chegou em casa completamente dopada. O exame de corpo de delito confirmou o poss\u00edvel estupro.<\/p>\n<p style=\"text-align: justify;\">Ressalta-se que o preso j\u00e1 foi investigado anteriormente pelo crime de estupro.<\/p>\n","protected":false},"excerpt":{"rendered":"<p>A Pol\u00edcia Civil de Goi\u00e1s, por meio da Delegacia Especializada no Atendimento \u00e0 Mulher de An\u00e1polis &#8211; 3\u00aa DRP, prendeu, na manh\u00e3 desta segunda-feira (1\u00ba), de forma preventiva, um funcion\u00e1rio do Vapt-Vupt de An\u00e1polis pelo crime de estupro de vulner\u00e1vel. Al\u00e9m disso, foi cumprido mandado de busca e apreens\u00e3o em seu desfavor. A v\u00edtima relatou [&hellip;]<\/p>\n","protected":false},"author":42,"featured_media":127643,"comment_status":"closed","ping_status":"closed","sticky":false,"template":"","format":"standard","meta":{"footnotes":""},"categories":[3190,2538,6069],"tags":[10919,31],"class_list":["post-132629","post","type-post","status-publish","format-standard","has-post-thumbnail","hentry","category-3a-regional","category-delegacias","category-noticias-da-policia-civil","tag-3-drp","tag-anapolis"],"rttpg_featured_image_url":{"full":["https:\/\/goias.gov.br\/policiacivil\/wp-content\/uploads\/sites\/71\/2024\/03\/feed-27.png",1200,675,false],"landscape":["https:\/\/goias.gov.br\/policiacivil\/wp-content\/uploads\/sites\/71\/2024\/03\/feed-27.png",1200,675,false],"portraits":["https:\/\/goias.gov.br\/policiacivil\/wp-content\/uploads\/sites\/71\/2024\/03\/feed-27.png",1200,675,false],"thumbnail":["https:\/\/goias.gov.br\/policiacivil\/wp-content\/uploads\/sites\/71\/2024\/03\/feed-27-300x300.png",150,150,true],"medium":["https:\/\/goias.gov.br\/policiacivil\/wp-content\/uploads\/sites\/71\/2024\/03\/feed-27.png",300,169,false],"large":["https:\/\/goias.gov.br\/policiacivil\/wp-content\/uploads\/sites\/71\/2024\/03\/feed-27.png",1024,576,false],"1536x1536":["https:\/\/goias.gov.br\/policiacivil\/wp-content\/uploads\/sites\/71\/2024\/03\/feed-27.png",1200,675,false],"2048x2048":["https:\/\/goias.gov.br\/policiacivil\/wp-content\/uploads\/sites\/71\/2024\/03\/feed-27.png",1200,675,false]},"rttpg_author":{"display_name":"carolinalima","author_link":"https:\/\/goias.gov.br\/policiacivil\/author\/carolinalima\/"},"rttpg_comment":0,"rttpg_category":"<a href=\"https:\/\/goias.gov.br\/policiacivil\/categoria\/drp\/3a-regional\/\" rel=\"category tag\">3\u00aa Regional<\/a> <a href=\"https:\/\/goias.gov.br\/policiacivil\/categoria\/delegacias\/\" rel=\"category tag\">Delegacias<\/a> <a href=\"https:\/\/goias.gov.br\/policiacivil\/categoria\/noticias\/noticias-da-policia-civil\/\" rel=\"category tag\">Not\u00edcias da Pol\u00edcia Civil<\/a>","rttpg_excerpt":"A Pol\u00edcia Civil de Goi\u00e1s, por meio da Delegacia Especializada no Atendimento \u00e0 Mulher de An\u00e1polis &#8211; 3\u00aa DRP, prendeu, na manh\u00e3 desta segunda-feira (1\u00ba), de forma preventiva, um funcion\u00e1rio do Vapt-Vupt de An\u00e1polis pelo crime de estupro de vulner\u00e1vel. Al\u00e9m disso, foi cumprido mandado de busca e apreens\u00e3o em seu desfavor. A v\u00edtima relatou&hellip;","_links":{"self":[{"href":"https:\/\/goias.gov.br\/policiacivil\/wp-json\/wp\/v2\/posts\/132629","targetHints":{"allow":["GET"]}}],"collection":[{"href":"https:\/\/goias.gov.br\/policiacivil\/wp-json\/wp\/v2\/posts"}],"about":[{"href":"https:\/\/goias.gov.br\/policiacivil\/wp-json\/wp\/v2\/types\/post"}],"author":[{"embeddable":true,"href":"https:\/\/goias.gov.br\/policiacivil\/wp-json\/wp\/v2\/users\/42"}],"replies":[{"embeddable":true,"href":"https:\/\/goias.gov.br\/policiacivil\/wp-json\/wp\/v2\/comments?post=132629"}],"version-history":[{"count":1,"href":"https:\/\/goias.gov.br\/policiacivil\/wp-json\/wp\/v2\/posts\/132629\/revisions"}],"predecessor-version":[{"id":132631,"href":"https:\/\/goias.gov.br\/policiacivil\/wp-json\/wp\/v2\/posts\/132629\/revisions\/132631"}],"wp:featuredmedia":[{"embeddable":true,"href":"https:\/\/goias.gov.br\/policiacivil\/wp-json\/wp\/v2\/media\/127643"}],"wp:attachment":[{"href":"https:\/\/goias.gov.br\/policiacivil\/wp-json\/wp\/v2\/media?parent=132629"}],"wp:term":[{"taxonomy":"category","embeddable":true,"href":"https:\/\/goias.gov.br\/policiacivil\/wp-json\/wp\/v2\/categories?post=132629"},{"taxonomy":"post_tag","embeddable":true,"href":"https:\/\/goias.gov.br\/policiacivil\/wp-json\/wp\/v2\/tags?post=132629"}],"curies":[{"name":"wp","href":"https:\/\/api.w.org\/{rel}","templated":true}]}}