

{"id":132143,"date":"2024-06-20T17:07:03","date_gmt":"2024-06-20T20:07:03","guid":{"rendered":" https:\/\/goias.gov.br\/policiacivil\/?p=132143"},"modified":"2024-06-20T17:07:03","modified_gmt":"2024-06-20T20:07:03","slug":"operacao-keres-prisao-em-aguas-lindas","status":"publish","type":"post","link":"https:\/\/goias.gov.br\/policiacivil\/operacao-keres-prisao-em-aguas-lindas\/","title":{"rendered":"Opera\u00e7\u00e3o Keres: pris\u00e3o em \u00c1guas Lindas"},"content":{"rendered":"<p style=\"text-align: justify;\">A Pol\u00edcia Civil, por meio do Grupo de Investiga\u00e7\u00e3o de Homic\u00eddios (GIH) de \u00c1guas Lindas de Goi\u00e1s, no \u00e2mbito da Opera\u00e7\u00e3o Keres, cumpriu hoje (20) dois mandados de pris\u00e3o preventiva em desfavor de autores de homic\u00eddio consumado. O fato ocorreu no dia 14 de dezembro do ano passado. O corpo foi localizado pelos policiais civis com sinais de facadas e parcialmente carbonizado.<\/p>\n<p style=\"text-align: justify;\">Iniciadas as investiga\u00e7\u00f5es, restou apurado que a v\u00edtima estava usando drogas com os autores quando, ap\u00f3s um desentendimento, foi brutalmente atacada e morta com golpes de facas e pedras. Dois\u00a0dias ap\u00f3s o crime, os criminosos levaram o corpo da v\u00edtima para um local ermo e atearam fogo.<\/p>\n<p style=\"text-align: justify;\">Como os suspeitos evadiram da regi\u00e3o logo ap\u00f3s o crime, foi representado por suas pris\u00f5es, sendo que um foi localizado na cidade de Luzi\u00e2nia. Em continuidade das investiga\u00e7\u00f5es, o segundo autor foi preso ontem, em Cidade Ocidental, e o terceiro hoje, em \u00c1guas Lindas de Goi\u00e1s.<\/p>\n","protected":false},"excerpt":{"rendered":"<p>A Pol\u00edcia Civil, por meio do Grupo de Investiga\u00e7\u00e3o de Homic\u00eddios (GIH) de \u00c1guas Lindas de Goi\u00e1s, no \u00e2mbito da Opera\u00e7\u00e3o Keres, cumpriu hoje (20) dois mandados de pris\u00e3o preventiva em desfavor de autores de homic\u00eddio consumado. O fato ocorreu no dia 14 de dezembro do ano passado. O corpo foi localizado pelos policiais civis [&hellip;]<\/p>\n","protected":false},"author":34,"featured_media":132025,"comment_status":"closed","ping_status":"closed","sticky":false,"template":"","format":"standard","meta":{"footnotes":""},"categories":[3204,2538,89,537],"tags":[10884],"class_list":["post-132143","post","type-post","status-publish","format-standard","has-post-thumbnail","hentry","category-17a-regional","category-delegacias","category-regionais","category-ultimo-segundo","tag-operacao-keres"],"rttpg_featured_image_url":{"full":["https:\/\/goias.gov.br\/policiacivil\/wp-content\/uploads\/sites\/71\/2024\/06\/whatsapp-image-2024-06-04-at-16.39.49.jpeg",1200,1200,false],"landscape":["https:\/\/goias.gov.br\/policiacivil\/wp-content\/uploads\/sites\/71\/2024\/06\/whatsapp-image-2024-06-04-at-16.39.49.jpeg",1200,1200,false],"portraits":["https:\/\/goias.gov.br\/policiacivil\/wp-content\/uploads\/sites\/71\/2024\/06\/whatsapp-image-2024-06-04-at-16.39.49.jpeg",1200,1200,false],"thumbnail":["https:\/\/goias.gov.br\/policiacivil\/wp-content\/uploads\/sites\/71\/2024\/06\/whatsapp-image-2024-06-04-at-16.39.49-300x300.jpeg",150,150,true],"medium":["https:\/\/goias.gov.br\/policiacivil\/wp-content\/uploads\/sites\/71\/2024\/06\/whatsapp-image-2024-06-04-at-16.39.49.jpeg",300,300,false],"large":["https:\/\/goias.gov.br\/policiacivil\/wp-content\/uploads\/sites\/71\/2024\/06\/whatsapp-image-2024-06-04-at-16.39.49.jpeg",1024,1024,false],"1536x1536":["https:\/\/goias.gov.br\/policiacivil\/wp-content\/uploads\/sites\/71\/2024\/06\/whatsapp-image-2024-06-04-at-16.39.49.jpeg",1200,1200,false],"2048x2048":["https:\/\/goias.gov.br\/policiacivil\/wp-content\/uploads\/sites\/71\/2024\/06\/whatsapp-image-2024-06-04-at-16.39.49.jpeg",1200,1200,false]},"rttpg_author":{"display_name":"celsoassis","author_link":"https:\/\/goias.gov.br\/policiacivil\/author\/celsoassis\/"},"rttpg_comment":0,"rttpg_category":"<a href=\"https:\/\/goias.gov.br\/policiacivil\/categoria\/drp\/17a-regional\/\" rel=\"category tag\">17\u00aa Regional<\/a> <a href=\"https:\/\/goias.gov.br\/policiacivil\/categoria\/delegacias\/\" rel=\"category tag\">Delegacias<\/a> <a href=\"https:\/\/goias.gov.br\/policiacivil\/categoria\/delegacias\/regionais\/\" rel=\"category tag\">Regionais<\/a> <a href=\"https:\/\/goias.gov.br\/policiacivil\/categoria\/ultimo-segundo\/\" rel=\"category tag\">\u00daltimo Segundo<\/a>","rttpg_excerpt":"A Pol\u00edcia Civil, por meio do Grupo de Investiga\u00e7\u00e3o de Homic\u00eddios (GIH) de \u00c1guas Lindas de Goi\u00e1s, no \u00e2mbito da Opera\u00e7\u00e3o Keres, cumpriu hoje (20) dois mandados de pris\u00e3o preventiva em desfavor de autores de homic\u00eddio consumado. O fato ocorreu no dia 14 de dezembro do ano passado. O corpo foi localizado pelos policiais civis&hellip;","_links":{"self":[{"href":"https:\/\/goias.gov.br\/policiacivil\/wp-json\/wp\/v2\/posts\/132143","targetHints":{"allow":["GET"]}}],"collection":[{"href":"https:\/\/goias.gov.br\/policiacivil\/wp-json\/wp\/v2\/posts"}],"about":[{"href":"https:\/\/goias.gov.br\/policiacivil\/wp-json\/wp\/v2\/types\/post"}],"author":[{"embeddable":true,"href":"https:\/\/goias.gov.br\/policiacivil\/wp-json\/wp\/v2\/users\/34"}],"replies":[{"embeddable":true,"href":"https:\/\/goias.gov.br\/policiacivil\/wp-json\/wp\/v2\/comments?post=132143"}],"version-history":[{"count":1,"href":"https:\/\/goias.gov.br\/policiacivil\/wp-json\/wp\/v2\/posts\/132143\/revisions"}],"predecessor-version":[{"id":132144,"href":"https:\/\/goias.gov.br\/policiacivil\/wp-json\/wp\/v2\/posts\/132143\/revisions\/132144"}],"wp:featuredmedia":[{"embeddable":true,"href":"https:\/\/goias.gov.br\/policiacivil\/wp-json\/wp\/v2\/media\/132025"}],"wp:attachment":[{"href":"https:\/\/goias.gov.br\/policiacivil\/wp-json\/wp\/v2\/media?parent=132143"}],"wp:term":[{"taxonomy":"category","embeddable":true,"href":"https:\/\/goias.gov.br\/policiacivil\/wp-json\/wp\/v2\/categories?post=132143"},{"taxonomy":"post_tag","embeddable":true,"href":"https:\/\/goias.gov.br\/policiacivil\/wp-json\/wp\/v2\/tags?post=132143"}],"curies":[{"name":"wp","href":"https:\/\/api.w.org\/{rel}","templated":true}]}}