

{"id":132002,"date":"2024-06-18T17:47:45","date_gmt":"2024-06-18T20:47:45","guid":{"rendered":" https:\/\/goias.gov.br\/policiacivil\/?p=132002"},"modified":"2024-06-18T17:47:45","modified_gmt":"2024-06-18T20:47:45","slug":"pcgo-prende-autor-de-roubo-ocorrido-em-posto-de-combustivel-de-orizona-e-o-receptador","status":"publish","type":"post","link":"https:\/\/goias.gov.br\/policiacivil\/pcgo-prende-autor-de-roubo-ocorrido-em-posto-de-combustivel-de-orizona-e-o-receptador\/","title":{"rendered":"PCGO prende autor de roubo ocorrido em posto de combust\u00edvel de Orizona e o receptador"},"content":{"rendered":"<p style=\"text-align: justify;\">A Pol\u00edcia Civil de Goi\u00e1s, por interm\u00e9dio da equipe da Delegacia de Pol\u00edcia de Orizona, prendeu ontem (17) dois suspeitos de terem praticado crimes de roubo e recepta\u00e7\u00e3o na cidade. Conforme consta, a v\u00edtima, de 56 anos de idade, informou \u00e0 Pol\u00edcia Civil que, na noite anterior (16), quando estava num posto de combust\u00edvel, um indiv\u00edduo, supostamente de posse de uma arma de fogo, aproximou-se e anunciou o roubo, subtraindo seu aparelho celular.<\/p>\n<p style=\"text-align: justify;\">Com base nas informa\u00e7\u00f5es, os policiais civis empreenderam dilig\u00eancias e conseguiram identificar o suspeito do roubo, de 20 anos de idade, e, de imediato o localizaram e o abordaram em via p\u00fablica, o qual imediatamente confessou o roubo e acrescentou que vendeu o aparelho, indicando o comprador. Assim, a equipe da PC realizou dilig\u00eancias e localizou o suposto receptador, de 38 anos, o qual prontamente entregou o aparelho subtra\u00eddo.\u00a0Os policiais localizaram e apreenderam um casaco, um bon\u00e9 e um simulacro de arma de fogo, utilizados pelo suspeito no roubo, sendo que o celular subtra\u00eddo foi restitu\u00eddo \u00e0 v\u00edtima.<\/p>\n<p style=\"text-align: justify;\">O investigado de 20 anos foi autuado em flagrante pelo crime de roubo e o de 38 anos foi autuado em flagrante delito por recepta\u00e7\u00e3o.\u00a0Em rela\u00e7\u00e3o ao autuado por recepta\u00e7\u00e3o, foi arbitrada fian\u00e7a pela autoridade policial, a qual foi recolhida.<\/p>\n<p>&nbsp;<\/p>\n<div id='gallery-1' class='gallery galleryid-132002 gallery-columns-2 gallery-size-thumbnail'><figure class='gallery-item'>\n\t\t\t<div class='gallery-icon landscape'>\n\t\t\t\t<a href='https:\/\/goias.gov.br\/policiacivil\/wp-content\/uploads\/sites\/71\/2024\/06\/whatsapp-image-2024-06-18-at-17.21.47.jpeg'><img decoding=\"async\" width=\"150\" height=\"150\" src=\"https:\/\/goias.gov.br\/policiacivil\/wp-content\/uploads\/sites\/71\/2024\/06\/whatsapp-image-2024-06-18-at-17.21.47-300x300.jpeg\" class=\"attachment-thumbnail size-thumbnail\" alt=\"\" \/><\/a>\n\t\t\t<\/div><\/figure><figure class='gallery-item'>\n\t\t\t<div class='gallery-icon portrait'>\n\t\t\t\t<a href='https:\/\/goias.gov.br\/policiacivil\/wp-content\/uploads\/sites\/71\/2024\/06\/whatsapp-image-2024-06-18-at-17.21.52.jpeg'><img decoding=\"async\" width=\"150\" height=\"150\" src=\"https:\/\/goias.gov.br\/policiacivil\/wp-content\/uploads\/sites\/71\/2024\/06\/whatsapp-image-2024-06-18-at-17.21.52-300x300.jpeg\" class=\"attachment-thumbnail size-thumbnail\" alt=\"\" \/><\/a>\n\t\t\t<\/div><\/figure>\n\t\t<\/div>\n\n","protected":false},"excerpt":{"rendered":"<p>A Pol\u00edcia Civil de Goi\u00e1s, por interm\u00e9dio da equipe da Delegacia de Pol\u00edcia de Orizona, prendeu ontem (17) dois suspeitos de terem praticado crimes de roubo e recepta\u00e7\u00e3o na cidade. Conforme consta, a v\u00edtima, de 56 anos de idade, informou \u00e0 Pol\u00edcia Civil que, na noite anterior (16), quando estava num posto de combust\u00edvel, um [&hellip;]<\/p>\n","protected":false},"author":34,"featured_media":132003,"comment_status":"closed","ping_status":"closed","sticky":false,"template":"","format":"standard","meta":{"footnotes":""},"categories":[3196,2538,89,537],"tags":[2605,524],"class_list":["post-132002","post","type-post","status-publish","format-standard","has-post-thumbnail","hentry","category-9a-regional","category-delegacias","category-regionais","category-ultimo-segundo","tag-orizona","tag-roubo"],"rttpg_featured_image_url":{"full":["https:\/\/goias.gov.br\/policiacivil\/wp-content\/uploads\/sites\/71\/2024\/06\/whatsapp-image-2024-06-18-at-17.21.47.jpeg",957,836,false],"landscape":["https:\/\/goias.gov.br\/policiacivil\/wp-content\/uploads\/sites\/71\/2024\/06\/whatsapp-image-2024-06-18-at-17.21.47.jpeg",957,836,false],"portraits":["https:\/\/goias.gov.br\/policiacivil\/wp-content\/uploads\/sites\/71\/2024\/06\/whatsapp-image-2024-06-18-at-17.21.47.jpeg",957,836,false],"thumbnail":["https:\/\/goias.gov.br\/policiacivil\/wp-content\/uploads\/sites\/71\/2024\/06\/whatsapp-image-2024-06-18-at-17.21.47-300x300.jpeg",150,150,true],"medium":["https:\/\/goias.gov.br\/policiacivil\/wp-content\/uploads\/sites\/71\/2024\/06\/whatsapp-image-2024-06-18-at-17.21.47.jpeg",300,262,false],"large":["https:\/\/goias.gov.br\/policiacivil\/wp-content\/uploads\/sites\/71\/2024\/06\/whatsapp-image-2024-06-18-at-17.21.47.jpeg",957,836,false],"1536x1536":["https:\/\/goias.gov.br\/policiacivil\/wp-content\/uploads\/sites\/71\/2024\/06\/whatsapp-image-2024-06-18-at-17.21.47.jpeg",957,836,false],"2048x2048":["https:\/\/goias.gov.br\/policiacivil\/wp-content\/uploads\/sites\/71\/2024\/06\/whatsapp-image-2024-06-18-at-17.21.47.jpeg",957,836,false]},"rttpg_author":{"display_name":"celsoassis","author_link":"https:\/\/goias.gov.br\/policiacivil\/author\/celsoassis\/"},"rttpg_comment":0,"rttpg_category":"<a href=\"https:\/\/goias.gov.br\/policiacivil\/categoria\/drp\/9a-regional\/\" rel=\"category tag\">9\u00aa Regional<\/a> <a href=\"https:\/\/goias.gov.br\/policiacivil\/categoria\/delegacias\/\" rel=\"category tag\">Delegacias<\/a> <a href=\"https:\/\/goias.gov.br\/policiacivil\/categoria\/delegacias\/regionais\/\" rel=\"category tag\">Regionais<\/a> <a href=\"https:\/\/goias.gov.br\/policiacivil\/categoria\/ultimo-segundo\/\" rel=\"category tag\">\u00daltimo Segundo<\/a>","rttpg_excerpt":"A Pol\u00edcia Civil de Goi\u00e1s, por interm\u00e9dio da equipe da Delegacia de Pol\u00edcia de Orizona, prendeu ontem (17) dois suspeitos de terem praticado crimes de roubo e recepta\u00e7\u00e3o na cidade. Conforme consta, a v\u00edtima, de 56 anos de idade, informou \u00e0 Pol\u00edcia Civil que, na noite anterior (16), quando estava num posto de combust\u00edvel, um&hellip;","_links":{"self":[{"href":"https:\/\/goias.gov.br\/policiacivil\/wp-json\/wp\/v2\/posts\/132002","targetHints":{"allow":["GET"]}}],"collection":[{"href":"https:\/\/goias.gov.br\/policiacivil\/wp-json\/wp\/v2\/posts"}],"about":[{"href":"https:\/\/goias.gov.br\/policiacivil\/wp-json\/wp\/v2\/types\/post"}],"author":[{"embeddable":true,"href":"https:\/\/goias.gov.br\/policiacivil\/wp-json\/wp\/v2\/users\/34"}],"replies":[{"embeddable":true,"href":"https:\/\/goias.gov.br\/policiacivil\/wp-json\/wp\/v2\/comments?post=132002"}],"version-history":[{"count":1,"href":"https:\/\/goias.gov.br\/policiacivil\/wp-json\/wp\/v2\/posts\/132002\/revisions"}],"predecessor-version":[{"id":132005,"href":"https:\/\/goias.gov.br\/policiacivil\/wp-json\/wp\/v2\/posts\/132002\/revisions\/132005"}],"wp:featuredmedia":[{"embeddable":true,"href":"https:\/\/goias.gov.br\/policiacivil\/wp-json\/wp\/v2\/media\/132003"}],"wp:attachment":[{"href":"https:\/\/goias.gov.br\/policiacivil\/wp-json\/wp\/v2\/media?parent=132002"}],"wp:term":[{"taxonomy":"category","embeddable":true,"href":"https:\/\/goias.gov.br\/policiacivil\/wp-json\/wp\/v2\/categories?post=132002"},{"taxonomy":"post_tag","embeddable":true,"href":"https:\/\/goias.gov.br\/policiacivil\/wp-json\/wp\/v2\/tags?post=132002"}],"curies":[{"name":"wp","href":"https:\/\/api.w.org\/{rel}","templated":true}]}}