

{"id":131705,"date":"2024-06-11T15:38:08","date_gmt":"2024-06-11T18:38:08","guid":{"rendered":" https:\/\/goias.gov.br\/policiacivil\/?p=131705"},"modified":"2024-06-11T15:38:08","modified_gmt":"2024-06-11T18:38:08","slug":"policiais-civis-recebem-medalha-pedro-ludovico-teixeira-em-valparaiso-de-goias","status":"publish","type":"post","link":"https:\/\/goias.gov.br\/policiacivil\/policiais-civis-recebem-medalha-pedro-ludovico-teixeira-em-valparaiso-de-goias\/","title":{"rendered":"Policiais civis recebem Medalha Pedro Ludovico Teixeira em Valpara\u00edso de Goi\u00e1s"},"content":{"rendered":"<p style=\"text-align: justify;\"><img fetchpriority=\"high\" decoding=\"async\" class=\" wp-image-131707 alignleft\" src=\" https:\/\/goias.gov.br\/policiacivil\/wp-content\/uploads\/sites\/71\/2024\/06\/whatsapp-image-2024-06-11-at-12.19.24.jpeg\" alt=\"Policiais civis recebem Medalha Pedro Ludovico Teixeira em Valpara\u00edso de Goi\u00e1s\" width=\"405\" height=\"270\" \/>A Pol\u00edcia Civil de Goi\u00e1s foi homenageada\u00a0em sess\u00e3o solene itinerante, na noite desta segunda-feira (10), pela Assembleia Legislativa de Goi\u00e1s (Alego) e, atrav\u00e9s dos delegados Rafael Abr\u00e3o &#8211; titular da 5\u00aa DRP, Samya Noleto e L\u00eddia Castro, e agente Eufrasia Campos, receberam a \u00a0Medalha do M\u00e9rito Legislativo Pedro Ludovico Teixeira. A Medalha Pedro Ludovico Teixeira \u00e9 a maior honraria concedida pelo Legislativo goiano e tem o objetivo de condecorar e reconhecer servi\u00e7os relevantes prestados ao Estado de Goi\u00e1s.<\/p>\n","protected":false},"excerpt":{"rendered":"<p>A Pol\u00edcia Civil de Goi\u00e1s foi homenageada\u00a0em sess\u00e3o solene itinerante, na noite desta segunda-feira (10), pela Assembleia Legislativa de Goi\u00e1s (Alego) e, atrav\u00e9s dos delegados Rafael Abr\u00e3o &#8211; titular da 5\u00aa DRP, Samya Noleto e L\u00eddia Castro, e agente Eufrasia Campos, receberam a \u00a0Medalha do M\u00e9rito Legislativo Pedro Ludovico Teixeira. A Medalha Pedro Ludovico Teixeira [&hellip;]<\/p>\n","protected":false},"author":42,"featured_media":131706,"comment_status":"closed","ping_status":"closed","sticky":false,"template":"","format":"standard","meta":{"footnotes":""},"categories":[3192,2538,89,537],"tags":[1466,2033],"class_list":["post-131705","post","type-post","status-publish","format-standard","has-post-thumbnail","hentry","category-5a-regional","category-delegacias","category-regionais","category-ultimo-segundo","tag-5a-drp","tag-valparaiso"],"rttpg_featured_image_url":{"full":["https:\/\/goias.gov.br\/policiacivil\/wp-content\/uploads\/sites\/71\/2024\/06\/whatsapp-image-2024-06-11-at-12.19.25.jpeg",1080,677,false],"landscape":["https:\/\/goias.gov.br\/policiacivil\/wp-content\/uploads\/sites\/71\/2024\/06\/whatsapp-image-2024-06-11-at-12.19.25.jpeg",1080,677,false],"portraits":["https:\/\/goias.gov.br\/policiacivil\/wp-content\/uploads\/sites\/71\/2024\/06\/whatsapp-image-2024-06-11-at-12.19.25.jpeg",1080,677,false],"thumbnail":["https:\/\/goias.gov.br\/policiacivil\/wp-content\/uploads\/sites\/71\/2024\/06\/whatsapp-image-2024-06-11-at-12.19.25-300x300.jpeg",150,150,true],"medium":["https:\/\/goias.gov.br\/policiacivil\/wp-content\/uploads\/sites\/71\/2024\/06\/whatsapp-image-2024-06-11-at-12.19.25.jpeg",300,188,false],"large":["https:\/\/goias.gov.br\/policiacivil\/wp-content\/uploads\/sites\/71\/2024\/06\/whatsapp-image-2024-06-11-at-12.19.25.jpeg",1024,642,false],"1536x1536":["https:\/\/goias.gov.br\/policiacivil\/wp-content\/uploads\/sites\/71\/2024\/06\/whatsapp-image-2024-06-11-at-12.19.25.jpeg",1080,677,false],"2048x2048":["https:\/\/goias.gov.br\/policiacivil\/wp-content\/uploads\/sites\/71\/2024\/06\/whatsapp-image-2024-06-11-at-12.19.25.jpeg",1080,677,false]},"rttpg_author":{"display_name":"carolinalima","author_link":"https:\/\/goias.gov.br\/policiacivil\/author\/carolinalima\/"},"rttpg_comment":0,"rttpg_category":"<a href=\"https:\/\/goias.gov.br\/policiacivil\/categoria\/drp\/5a-regional\/\" rel=\"category tag\">5\u00aa Regional<\/a> <a href=\"https:\/\/goias.gov.br\/policiacivil\/categoria\/delegacias\/\" rel=\"category tag\">Delegacias<\/a> <a href=\"https:\/\/goias.gov.br\/policiacivil\/categoria\/delegacias\/regionais\/\" rel=\"category tag\">Regionais<\/a> <a href=\"https:\/\/goias.gov.br\/policiacivil\/categoria\/ultimo-segundo\/\" rel=\"category tag\">\u00daltimo Segundo<\/a>","rttpg_excerpt":"A Pol\u00edcia Civil de Goi\u00e1s foi homenageada\u00a0em sess\u00e3o solene itinerante, na noite desta segunda-feira (10), pela Assembleia Legislativa de Goi\u00e1s (Alego) e, atrav\u00e9s dos delegados Rafael Abr\u00e3o &#8211; titular da 5\u00aa DRP, Samya Noleto e L\u00eddia Castro, e agente Eufrasia Campos, receberam a \u00a0Medalha do M\u00e9rito Legislativo Pedro Ludovico Teixeira. A Medalha Pedro Ludovico Teixeira&hellip;","_links":{"self":[{"href":"https:\/\/goias.gov.br\/policiacivil\/wp-json\/wp\/v2\/posts\/131705","targetHints":{"allow":["GET"]}}],"collection":[{"href":"https:\/\/goias.gov.br\/policiacivil\/wp-json\/wp\/v2\/posts"}],"about":[{"href":"https:\/\/goias.gov.br\/policiacivil\/wp-json\/wp\/v2\/types\/post"}],"author":[{"embeddable":true,"href":"https:\/\/goias.gov.br\/policiacivil\/wp-json\/wp\/v2\/users\/42"}],"replies":[{"embeddable":true,"href":"https:\/\/goias.gov.br\/policiacivil\/wp-json\/wp\/v2\/comments?post=131705"}],"version-history":[{"count":1,"href":"https:\/\/goias.gov.br\/policiacivil\/wp-json\/wp\/v2\/posts\/131705\/revisions"}],"predecessor-version":[{"id":131708,"href":"https:\/\/goias.gov.br\/policiacivil\/wp-json\/wp\/v2\/posts\/131705\/revisions\/131708"}],"wp:featuredmedia":[{"embeddable":true,"href":"https:\/\/goias.gov.br\/policiacivil\/wp-json\/wp\/v2\/media\/131706"}],"wp:attachment":[{"href":"https:\/\/goias.gov.br\/policiacivil\/wp-json\/wp\/v2\/media?parent=131705"}],"wp:term":[{"taxonomy":"category","embeddable":true,"href":"https:\/\/goias.gov.br\/policiacivil\/wp-json\/wp\/v2\/categories?post=131705"},{"taxonomy":"post_tag","embeddable":true,"href":"https:\/\/goias.gov.br\/policiacivil\/wp-json\/wp\/v2\/tags?post=131705"}],"curies":[{"name":"wp","href":"https:\/\/api.w.org\/{rel}","templated":true}]}}