

{"id":131689,"date":"2024-06-11T14:24:11","date_gmt":"2024-06-11T17:24:11","guid":{"rendered":" https:\/\/goias.gov.br\/policiacivil\/?p=131689"},"modified":"2024-06-11T14:24:11","modified_gmt":"2024-06-11T17:24:11","slug":"investigado-por-homicidio-ocorrido-em-aparecida-de-goiania-e-preso-pela-pcgo-na-operacao-keres","status":"publish","type":"post","link":"https:\/\/goias.gov.br\/policiacivil\/investigado-por-homicidio-ocorrido-em-aparecida-de-goiania-e-preso-pela-pcgo-na-operacao-keres\/","title":{"rendered":"Investigado por homic\u00eddio ocorrido em Aparecida de Goi\u00e2nia \u00e9 preso pela PCGO na opera\u00e7\u00e3o Keres"},"content":{"rendered":"<p style=\"text-align: justify;\">A Pol\u00edcia Civil do Estado de Goi\u00e1s, por meio do Grupo de Investiga\u00e7\u00e3o de Homic\u00eddios de Aparecida de Goi\u00e2nia &#8211; 2\u00aa DRP, no \u00e2mbito da opera\u00e7\u00e3o Keres, deu cumprimento, nesta segunda-feira (10), a mandado de pris\u00e3o tempor\u00e1ria e de busca e apreens\u00e3o expedido em desfavor de um homem acusado de praticar um homic\u00eddio no m\u00eas de mar\u00e7o deste ano, em uma resid\u00eancia no setor Jardim Tiradentes, em Aparecida de Goi\u00e2nia.<\/p>\n<p style=\"text-align: justify;\">O investigado \u00e9 acusado de efetuar os disparos de arma de fogo na v\u00edtima, ap\u00f3s chegar ao local transportado por outro homem, em uma motocicleta. O piloto da motocicleta e um terceiro homem suspeito de apontar a localiza\u00e7\u00e3o da v\u00edtima aos executores foram presos pelo GIH de Aparecida no m\u00eas de maio deste ano.<\/p>\n<p style=\"text-align: justify;\">A pris\u00e3o ocorreu na resid\u00eancia da companheira do investigado, tamb\u00e9m no setor Jardim Tiradentes, onde tamb\u00e9m foi dado cumprimento a um mandado de busca e apreens\u00e3o domiciliar, que resultou na colheita de elementos \u00fateis ao esclarecimento dos fatos.<\/p>\n","protected":false},"excerpt":{"rendered":"<p>A Pol\u00edcia Civil do Estado de Goi\u00e1s, por meio do Grupo de Investiga\u00e7\u00e3o de Homic\u00eddios de Aparecida de Goi\u00e2nia &#8211; 2\u00aa DRP, no \u00e2mbito da opera\u00e7\u00e3o Keres, deu cumprimento, nesta segunda-feira (10), a mandado de pris\u00e3o tempor\u00e1ria e de busca e apreens\u00e3o expedido em desfavor de um homem acusado de praticar um homic\u00eddio no m\u00eas [&hellip;]<\/p>\n","protected":false},"author":42,"featured_media":131204,"comment_status":"closed","ping_status":"closed","sticky":false,"template":"","format":"standard","meta":{"footnotes":""},"categories":[3189,2538,89,537],"tags":[2018,10880],"class_list":["post-131689","post","type-post","status-publish","format-standard","has-post-thumbnail","hentry","category-2a-regional","category-delegacias","category-regionais","category-ultimo-segundo","tag-2a-drp","tag-keres"],"rttpg_featured_image_url":{"full":["https:\/\/goias.gov.br\/policiacivil\/wp-content\/uploads\/sites\/71\/2024\/05\/whatsapp-image-2024-05-29-at-15.40.40.jpeg",1200,683,false],"landscape":["https:\/\/goias.gov.br\/policiacivil\/wp-content\/uploads\/sites\/71\/2024\/05\/whatsapp-image-2024-05-29-at-15.40.40.jpeg",1200,683,false],"portraits":["https:\/\/goias.gov.br\/policiacivil\/wp-content\/uploads\/sites\/71\/2024\/05\/whatsapp-image-2024-05-29-at-15.40.40.jpeg",1200,683,false],"thumbnail":["https:\/\/goias.gov.br\/policiacivil\/wp-content\/uploads\/sites\/71\/2024\/05\/whatsapp-image-2024-05-29-at-15.40.40-300x300.jpeg",150,150,true],"medium":["https:\/\/goias.gov.br\/policiacivil\/wp-content\/uploads\/sites\/71\/2024\/05\/whatsapp-image-2024-05-29-at-15.40.40.jpeg",300,171,false],"large":["https:\/\/goias.gov.br\/policiacivil\/wp-content\/uploads\/sites\/71\/2024\/05\/whatsapp-image-2024-05-29-at-15.40.40.jpeg",1024,583,false],"1536x1536":["https:\/\/goias.gov.br\/policiacivil\/wp-content\/uploads\/sites\/71\/2024\/05\/whatsapp-image-2024-05-29-at-15.40.40.jpeg",1200,683,false],"2048x2048":["https:\/\/goias.gov.br\/policiacivil\/wp-content\/uploads\/sites\/71\/2024\/05\/whatsapp-image-2024-05-29-at-15.40.40.jpeg",1200,683,false]},"rttpg_author":{"display_name":"carolinalima","author_link":"https:\/\/goias.gov.br\/policiacivil\/author\/carolinalima\/"},"rttpg_comment":0,"rttpg_category":"<a href=\"https:\/\/goias.gov.br\/policiacivil\/categoria\/drp\/2a-regional\/\" rel=\"category tag\">2\u00aa Regional<\/a> <a href=\"https:\/\/goias.gov.br\/policiacivil\/categoria\/delegacias\/\" rel=\"category tag\">Delegacias<\/a> <a href=\"https:\/\/goias.gov.br\/policiacivil\/categoria\/delegacias\/regionais\/\" rel=\"category tag\">Regionais<\/a> <a href=\"https:\/\/goias.gov.br\/policiacivil\/categoria\/ultimo-segundo\/\" rel=\"category tag\">\u00daltimo Segundo<\/a>","rttpg_excerpt":"A Pol\u00edcia Civil do Estado de Goi\u00e1s, por meio do Grupo de Investiga\u00e7\u00e3o de Homic\u00eddios de Aparecida de Goi\u00e2nia &#8211; 2\u00aa DRP, no \u00e2mbito da opera\u00e7\u00e3o Keres, deu cumprimento, nesta segunda-feira (10), a mandado de pris\u00e3o tempor\u00e1ria e de busca e apreens\u00e3o expedido em desfavor de um homem acusado de praticar um homic\u00eddio no m\u00eas&hellip;","_links":{"self":[{"href":"https:\/\/goias.gov.br\/policiacivil\/wp-json\/wp\/v2\/posts\/131689","targetHints":{"allow":["GET"]}}],"collection":[{"href":"https:\/\/goias.gov.br\/policiacivil\/wp-json\/wp\/v2\/posts"}],"about":[{"href":"https:\/\/goias.gov.br\/policiacivil\/wp-json\/wp\/v2\/types\/post"}],"author":[{"embeddable":true,"href":"https:\/\/goias.gov.br\/policiacivil\/wp-json\/wp\/v2\/users\/42"}],"replies":[{"embeddable":true,"href":"https:\/\/goias.gov.br\/policiacivil\/wp-json\/wp\/v2\/comments?post=131689"}],"version-history":[{"count":1,"href":"https:\/\/goias.gov.br\/policiacivil\/wp-json\/wp\/v2\/posts\/131689\/revisions"}],"predecessor-version":[{"id":131690,"href":"https:\/\/goias.gov.br\/policiacivil\/wp-json\/wp\/v2\/posts\/131689\/revisions\/131690"}],"wp:featuredmedia":[{"embeddable":true,"href":"https:\/\/goias.gov.br\/policiacivil\/wp-json\/wp\/v2\/media\/131204"}],"wp:attachment":[{"href":"https:\/\/goias.gov.br\/policiacivil\/wp-json\/wp\/v2\/media?parent=131689"}],"wp:term":[{"taxonomy":"category","embeddable":true,"href":"https:\/\/goias.gov.br\/policiacivil\/wp-json\/wp\/v2\/categories?post=131689"},{"taxonomy":"post_tag","embeddable":true,"href":"https:\/\/goias.gov.br\/policiacivil\/wp-json\/wp\/v2\/tags?post=131689"}],"curies":[{"name":"wp","href":"https:\/\/api.w.org\/{rel}","templated":true}]}}