

{"id":131655,"date":"2024-06-10T15:18:16","date_gmt":"2024-06-10T18:18:16","guid":{"rendered":" https:\/\/goias.gov.br\/policiacivil\/?p=131655"},"modified":"2024-06-10T15:18:16","modified_gmt":"2024-06-10T18:18:16","slug":"operacao-keres-prisao-no-espirito-santo","status":"publish","type":"post","link":"https:\/\/goias.gov.br\/policiacivil\/operacao-keres-prisao-no-espirito-santo\/","title":{"rendered":"Opera\u00e7\u00e3o Keres: pris\u00e3o no Esp\u00edrito Santo"},"content":{"rendered":"<p style=\"text-align: justify;\">Na manh\u00e3 desse s\u00e1bado (8), a equipe do Grupo de Investiga\u00e7\u00e3o de Homic\u00eddios (GIH) de Luzi\u00e2nia, e a Pol\u00edcia Civil do Estado do Esp\u00edrito Santo, efetuaram o cumprimento do mandado de pris\u00e3o de um jovem de 21 anos indiciado pelo crime de homic\u00eddio ocorrido em Luzi\u00e2nia. O crime foi praticado na madrugada do dia 16 de julho de 2022, na regi\u00e3o do Povoado dos Americanos, em Luzi\u00e2nia. Segundo as investiga\u00e7\u00f5es, o vitimado (24 anos) foi atra\u00eddo ao local por uma mulher (35 anos). Outros tr\u00eas indiv\u00edduos efetuaram os golpes de faca que ceifaram a vida da v\u00edtima e lan\u00e7aram o cad\u00e1ver na represa Tr\u00eas Bicas, situada na regi\u00e3o. O fato foi praticado visando subtrair o ve\u00edculo da v\u00edtima.<br \/>\nTodos os envolvidos foram identificados no decorrer da investiga\u00e7\u00e3o. A mulher e outros dois envolvidos foram presos, no final do ano de 2022, por policiais civis do GIH\/Luzi\u00e2nia. O \u00faltimo coautor do time permaneceu foragido.<br \/>\nAp\u00f3s investiga\u00e7\u00f5es sobre seu paradeiro, verificou-se que ele estava escondido no estado do Esp\u00edrito Santo, ocasi\u00e3o em que foi realizado o compartilhamento de informa\u00e7\u00f5es com policiais civis daquele estado. Assim, o envolvido acabou preso no bairro Morada de Santa F\u00e9, Cariacica (ES).<\/p>\n<p>&nbsp;<\/p>\n","protected":false},"excerpt":{"rendered":"<p>Na manh\u00e3 desse s\u00e1bado (8), a equipe do Grupo de Investiga\u00e7\u00e3o de Homic\u00eddios (GIH) de Luzi\u00e2nia, e a Pol\u00edcia Civil do Estado do Esp\u00edrito Santo, efetuaram o cumprimento do mandado de pris\u00e3o de um jovem de 21 anos indiciado pelo crime de homic\u00eddio ocorrido em Luzi\u00e2nia. O crime foi praticado na madrugada do dia 16 [&hellip;]<\/p>\n","protected":false},"author":34,"featured_media":131464,"comment_status":"closed","ping_status":"closed","sticky":false,"template":"","format":"standard","meta":{"footnotes":""},"categories":[3192,2538,89,537],"tags":[950,10884],"class_list":["post-131655","post","type-post","status-publish","format-standard","has-post-thumbnail","hentry","category-5a-regional","category-delegacias","category-regionais","category-ultimo-segundo","tag-luziania","tag-operacao-keres"],"rttpg_featured_image_url":{"full":["https:\/\/goias.gov.br\/policiacivil\/wp-content\/uploads\/sites\/71\/2024\/06\/whatsapp-image-2024-06-04-at-16.39.49-1.jpeg",1200,1200,false],"landscape":["https:\/\/goias.gov.br\/policiacivil\/wp-content\/uploads\/sites\/71\/2024\/06\/whatsapp-image-2024-06-04-at-16.39.49-1.jpeg",1200,1200,false],"portraits":["https:\/\/goias.gov.br\/policiacivil\/wp-content\/uploads\/sites\/71\/2024\/06\/whatsapp-image-2024-06-04-at-16.39.49-1.jpeg",1200,1200,false],"thumbnail":["https:\/\/goias.gov.br\/policiacivil\/wp-content\/uploads\/sites\/71\/2024\/06\/whatsapp-image-2024-06-04-at-16.39.49-1-300x300.jpeg",150,150,true],"medium":["https:\/\/goias.gov.br\/policiacivil\/wp-content\/uploads\/sites\/71\/2024\/06\/whatsapp-image-2024-06-04-at-16.39.49-1.jpeg",300,300,false],"large":["https:\/\/goias.gov.br\/policiacivil\/wp-content\/uploads\/sites\/71\/2024\/06\/whatsapp-image-2024-06-04-at-16.39.49-1.jpeg",1024,1024,false],"1536x1536":["https:\/\/goias.gov.br\/policiacivil\/wp-content\/uploads\/sites\/71\/2024\/06\/whatsapp-image-2024-06-04-at-16.39.49-1.jpeg",1200,1200,false],"2048x2048":["https:\/\/goias.gov.br\/policiacivil\/wp-content\/uploads\/sites\/71\/2024\/06\/whatsapp-image-2024-06-04-at-16.39.49-1.jpeg",1200,1200,false]},"rttpg_author":{"display_name":"celsoassis","author_link":"https:\/\/goias.gov.br\/policiacivil\/author\/celsoassis\/"},"rttpg_comment":0,"rttpg_category":"<a href=\"https:\/\/goias.gov.br\/policiacivil\/categoria\/drp\/5a-regional\/\" rel=\"category tag\">5\u00aa Regional<\/a> <a href=\"https:\/\/goias.gov.br\/policiacivil\/categoria\/delegacias\/\" rel=\"category tag\">Delegacias<\/a> <a href=\"https:\/\/goias.gov.br\/policiacivil\/categoria\/delegacias\/regionais\/\" rel=\"category tag\">Regionais<\/a> <a href=\"https:\/\/goias.gov.br\/policiacivil\/categoria\/ultimo-segundo\/\" rel=\"category tag\">\u00daltimo Segundo<\/a>","rttpg_excerpt":"Na manh\u00e3 desse s\u00e1bado (8), a equipe do Grupo de Investiga\u00e7\u00e3o de Homic\u00eddios (GIH) de Luzi\u00e2nia, e a Pol\u00edcia Civil do Estado do Esp\u00edrito Santo, efetuaram o cumprimento do mandado de pris\u00e3o de um jovem de 21 anos indiciado pelo crime de homic\u00eddio ocorrido em Luzi\u00e2nia. O crime foi praticado na madrugada do dia 16&hellip;","_links":{"self":[{"href":"https:\/\/goias.gov.br\/policiacivil\/wp-json\/wp\/v2\/posts\/131655","targetHints":{"allow":["GET"]}}],"collection":[{"href":"https:\/\/goias.gov.br\/policiacivil\/wp-json\/wp\/v2\/posts"}],"about":[{"href":"https:\/\/goias.gov.br\/policiacivil\/wp-json\/wp\/v2\/types\/post"}],"author":[{"embeddable":true,"href":"https:\/\/goias.gov.br\/policiacivil\/wp-json\/wp\/v2\/users\/34"}],"replies":[{"embeddable":true,"href":"https:\/\/goias.gov.br\/policiacivil\/wp-json\/wp\/v2\/comments?post=131655"}],"version-history":[{"count":1,"href":"https:\/\/goias.gov.br\/policiacivil\/wp-json\/wp\/v2\/posts\/131655\/revisions"}],"predecessor-version":[{"id":131656,"href":"https:\/\/goias.gov.br\/policiacivil\/wp-json\/wp\/v2\/posts\/131655\/revisions\/131656"}],"wp:featuredmedia":[{"embeddable":true,"href":"https:\/\/goias.gov.br\/policiacivil\/wp-json\/wp\/v2\/media\/131464"}],"wp:attachment":[{"href":"https:\/\/goias.gov.br\/policiacivil\/wp-json\/wp\/v2\/media?parent=131655"}],"wp:term":[{"taxonomy":"category","embeddable":true,"href":"https:\/\/goias.gov.br\/policiacivil\/wp-json\/wp\/v2\/categories?post=131655"},{"taxonomy":"post_tag","embeddable":true,"href":"https:\/\/goias.gov.br\/policiacivil\/wp-json\/wp\/v2\/tags?post=131655"}],"curies":[{"name":"wp","href":"https:\/\/api.w.org\/{rel}","templated":true}]}}