

{"id":131466,"date":"2024-06-05T15:28:44","date_gmt":"2024-06-05T18:28:44","guid":{"rendered":" https:\/\/goias.gov.br\/policiacivil\/?p=131466"},"modified":"2024-06-05T15:28:44","modified_gmt":"2024-06-05T18:28:44","slug":"operacao-keres-apreende-adolescente","status":"publish","type":"post","link":"https:\/\/goias.gov.br\/policiacivil\/operacao-keres-apreende-adolescente\/","title":{"rendered":"Opera\u00e7\u00e3o Keres apreende adolescente"},"content":{"rendered":"<p style=\"text-align: justify;\">Na manh\u00e3 de hoje (5), a Pol\u00edcia Civil do Estado de Goi\u00e1s, por meio da Delegacia de Goian\u00e1polis, cumpriu mandado de interna\u00e7\u00e3o em face de um adolescente de 17 anos. O referido menor efetuou disparos de arma de fogo em face de uma mulher de 25 anos, no dia 6 de setembro de 2022. A v\u00edtima foi socorrida e sobreviveu. No mesmo dia, o adolescente foi apreendido em flagrante. Ontem (4), foi expedida senten\u00e7a judicial aplicando medida socioeducativa de interna\u00e7\u00e3o ao menor, pelo per\u00edodo de 03 anos, sendo o decreto judicial cumprido pela PCGO nesta quarta-feira. O adolescente foi encaminhado ao sistema socioeducativo onde se encontra \u00e0 disposi\u00e7\u00e3o da Justi\u00e7a. Ele responde por ato infracional an\u00e1logo ao crime de homic\u00eddio.<\/p>\n<p>&nbsp;<\/p>\n","protected":false},"excerpt":{"rendered":"<p>Na manh\u00e3 de hoje (5), a Pol\u00edcia Civil do Estado de Goi\u00e1s, por meio da Delegacia de Goian\u00e1polis, cumpriu mandado de interna\u00e7\u00e3o em face de um adolescente de 17 anos. O referido menor efetuou disparos de arma de fogo em face de uma mulher de 25 anos, no dia 6 de setembro de 2022. A [&hellip;]<\/p>\n","protected":false},"author":34,"featured_media":131464,"comment_status":"closed","ping_status":"closed","sticky":false,"template":"","format":"standard","meta":{"footnotes":""},"categories":[3190,2538,89,537],"tags":[10880],"class_list":["post-131466","post","type-post","status-publish","format-standard","has-post-thumbnail","hentry","category-3a-regional","category-delegacias","category-regionais","category-ultimo-segundo","tag-keres"],"rttpg_featured_image_url":{"full":["https:\/\/goias.gov.br\/policiacivil\/wp-content\/uploads\/sites\/71\/2024\/06\/whatsapp-image-2024-06-04-at-16.39.49-1.jpeg",1200,1200,false],"landscape":["https:\/\/goias.gov.br\/policiacivil\/wp-content\/uploads\/sites\/71\/2024\/06\/whatsapp-image-2024-06-04-at-16.39.49-1.jpeg",1200,1200,false],"portraits":["https:\/\/goias.gov.br\/policiacivil\/wp-content\/uploads\/sites\/71\/2024\/06\/whatsapp-image-2024-06-04-at-16.39.49-1.jpeg",1200,1200,false],"thumbnail":["https:\/\/goias.gov.br\/policiacivil\/wp-content\/uploads\/sites\/71\/2024\/06\/whatsapp-image-2024-06-04-at-16.39.49-1-300x300.jpeg",150,150,true],"medium":["https:\/\/goias.gov.br\/policiacivil\/wp-content\/uploads\/sites\/71\/2024\/06\/whatsapp-image-2024-06-04-at-16.39.49-1.jpeg",300,300,false],"large":["https:\/\/goias.gov.br\/policiacivil\/wp-content\/uploads\/sites\/71\/2024\/06\/whatsapp-image-2024-06-04-at-16.39.49-1.jpeg",1024,1024,false],"1536x1536":["https:\/\/goias.gov.br\/policiacivil\/wp-content\/uploads\/sites\/71\/2024\/06\/whatsapp-image-2024-06-04-at-16.39.49-1.jpeg",1200,1200,false],"2048x2048":["https:\/\/goias.gov.br\/policiacivil\/wp-content\/uploads\/sites\/71\/2024\/06\/whatsapp-image-2024-06-04-at-16.39.49-1.jpeg",1200,1200,false]},"rttpg_author":{"display_name":"celsoassis","author_link":"https:\/\/goias.gov.br\/policiacivil\/author\/celsoassis\/"},"rttpg_comment":0,"rttpg_category":"<a href=\"https:\/\/goias.gov.br\/policiacivil\/categoria\/drp\/3a-regional\/\" rel=\"category tag\">3\u00aa Regional<\/a> <a href=\"https:\/\/goias.gov.br\/policiacivil\/categoria\/delegacias\/\" rel=\"category tag\">Delegacias<\/a> <a href=\"https:\/\/goias.gov.br\/policiacivil\/categoria\/delegacias\/regionais\/\" rel=\"category tag\">Regionais<\/a> <a href=\"https:\/\/goias.gov.br\/policiacivil\/categoria\/ultimo-segundo\/\" rel=\"category tag\">\u00daltimo Segundo<\/a>","rttpg_excerpt":"Na manh\u00e3 de hoje (5), a Pol\u00edcia Civil do Estado de Goi\u00e1s, por meio da Delegacia de Goian\u00e1polis, cumpriu mandado de interna\u00e7\u00e3o em face de um adolescente de 17 anos. O referido menor efetuou disparos de arma de fogo em face de uma mulher de 25 anos, no dia 6 de setembro de 2022. A&hellip;","_links":{"self":[{"href":"https:\/\/goias.gov.br\/policiacivil\/wp-json\/wp\/v2\/posts\/131466","targetHints":{"allow":["GET"]}}],"collection":[{"href":"https:\/\/goias.gov.br\/policiacivil\/wp-json\/wp\/v2\/posts"}],"about":[{"href":"https:\/\/goias.gov.br\/policiacivil\/wp-json\/wp\/v2\/types\/post"}],"author":[{"embeddable":true,"href":"https:\/\/goias.gov.br\/policiacivil\/wp-json\/wp\/v2\/users\/34"}],"replies":[{"embeddable":true,"href":"https:\/\/goias.gov.br\/policiacivil\/wp-json\/wp\/v2\/comments?post=131466"}],"version-history":[{"count":1,"href":"https:\/\/goias.gov.br\/policiacivil\/wp-json\/wp\/v2\/posts\/131466\/revisions"}],"predecessor-version":[{"id":131467,"href":"https:\/\/goias.gov.br\/policiacivil\/wp-json\/wp\/v2\/posts\/131466\/revisions\/131467"}],"wp:featuredmedia":[{"embeddable":true,"href":"https:\/\/goias.gov.br\/policiacivil\/wp-json\/wp\/v2\/media\/131464"}],"wp:attachment":[{"href":"https:\/\/goias.gov.br\/policiacivil\/wp-json\/wp\/v2\/media?parent=131466"}],"wp:term":[{"taxonomy":"category","embeddable":true,"href":"https:\/\/goias.gov.br\/policiacivil\/wp-json\/wp\/v2\/categories?post=131466"},{"taxonomy":"post_tag","embeddable":true,"href":"https:\/\/goias.gov.br\/policiacivil\/wp-json\/wp\/v2\/tags?post=131466"}],"curies":[{"name":"wp","href":"https:\/\/api.w.org\/{rel}","templated":true}]}}