

{"id":131267,"date":"2024-05-31T12:51:58","date_gmt":"2024-05-31T15:51:58","guid":{"rendered":" https:\/\/goias.gov.br\/policiacivil\/?p=131267"},"modified":"2024-05-31T12:51:58","modified_gmt":"2024-05-31T15:51:58","slug":"condenado-por-homicidio-no-mato-grosso-e-preso-pela-pcgo-em-trindade","status":"publish","type":"post","link":"https:\/\/goias.gov.br\/policiacivil\/condenado-por-homicidio-no-mato-grosso-e-preso-pela-pcgo-em-trindade\/","title":{"rendered":"Condenado por homic\u00eddio no Mato Grosso \u00e9 preso pela PCGO em Trindade"},"content":{"rendered":"<p style=\"text-align: justify;\"><img fetchpriority=\"high\" decoding=\"async\" class=\" wp-image-131268 alignleft\" src=\" https:\/\/goias.gov.br\/policiacivil\/wp-content\/uploads\/sites\/71\/2024\/05\/cd868eef-1087-490d-b312-c3baeb11e050.jpg\" alt=\"Condenado por homic\u00eddio no Mato Grosso \u00e9 preso pela PCGO em Trindade\" width=\"280\" height=\"373\" \/>A Pol\u00edcia Civil de Goi\u00e1s, por meio do Grupo de Investiga\u00e7\u00e3o de Homic\u00eddios de Aparecida de Goi\u00e2nia &#8211; 2\u00aa DRP, deu cumprimento, nesta sexta-feira (31), a mandado de pris\u00e3o definitiva expedido no ano de 2018 em desfavor de um homem acusado de praticar um homic\u00eddio em 2014 no munic\u00edpio de Terra Nova do Norte &#8211; MT. A pris\u00e3o ocorreu no setor Pontakayana &#8211; Trindade &#8211; GO, onde o condenado residia. Os preso foi encaminhado \u00e0 Casa de Pris\u00e3o Provis\u00f3ria de Aparecida de Goi\u00e2nia, onde aguarda as determina\u00e7\u00f5es do Poder Judici\u00e1rio.<\/p>\n<p style=\"text-align: justify;\">\u00a0A a\u00e7\u00e3o policial aconteceu no \u00e2mbito da Opera\u00e7\u00e3o Keres, deflagrada em todo o estado de Goi\u00e1s, cujo principal objetivo \u00e9 promover uma a\u00e7\u00e3o integrada das unidades de pol\u00edcia judici\u00e1ria estadual no compartilhamento de informa\u00e7\u00f5es e levantamentos de intelig\u00eancia visando intensificar o enfrentamento \u00e0 pr\u00e1tica de crimes dolosos contra a vida, reduzindo os \u00edndices de homic\u00eddios e proporcionando maior seguran\u00e7a para os goianos.<\/p>\n","protected":false},"excerpt":{"rendered":"<p>A Pol\u00edcia Civil de Goi\u00e1s, por meio do Grupo de Investiga\u00e7\u00e3o de Homic\u00eddios de Aparecida de Goi\u00e2nia &#8211; 2\u00aa DRP, deu cumprimento, nesta sexta-feira (31), a mandado de pris\u00e3o definitiva expedido no ano de 2018 em desfavor de um homem acusado de praticar um homic\u00eddio em 2014 no munic\u00edpio de Terra Nova do Norte &#8211; [&hellip;]<\/p>\n","protected":false},"author":42,"featured_media":131204,"comment_status":"closed","ping_status":"closed","sticky":false,"template":"","format":"standard","meta":{"footnotes":""},"categories":[3189,2538,89,537],"tags":[2018,10880],"class_list":["post-131267","post","type-post","status-publish","format-standard","has-post-thumbnail","hentry","category-2a-regional","category-delegacias","category-regionais","category-ultimo-segundo","tag-2a-drp","tag-keres"],"rttpg_featured_image_url":{"full":["https:\/\/goias.gov.br\/policiacivil\/wp-content\/uploads\/sites\/71\/2024\/05\/whatsapp-image-2024-05-29-at-15.40.40.jpeg",1200,683,false],"landscape":["https:\/\/goias.gov.br\/policiacivil\/wp-content\/uploads\/sites\/71\/2024\/05\/whatsapp-image-2024-05-29-at-15.40.40.jpeg",1200,683,false],"portraits":["https:\/\/goias.gov.br\/policiacivil\/wp-content\/uploads\/sites\/71\/2024\/05\/whatsapp-image-2024-05-29-at-15.40.40.jpeg",1200,683,false],"thumbnail":["https:\/\/goias.gov.br\/policiacivil\/wp-content\/uploads\/sites\/71\/2024\/05\/whatsapp-image-2024-05-29-at-15.40.40-300x300.jpeg",150,150,true],"medium":["https:\/\/goias.gov.br\/policiacivil\/wp-content\/uploads\/sites\/71\/2024\/05\/whatsapp-image-2024-05-29-at-15.40.40.jpeg",300,171,false],"large":["https:\/\/goias.gov.br\/policiacivil\/wp-content\/uploads\/sites\/71\/2024\/05\/whatsapp-image-2024-05-29-at-15.40.40.jpeg",1024,583,false],"1536x1536":["https:\/\/goias.gov.br\/policiacivil\/wp-content\/uploads\/sites\/71\/2024\/05\/whatsapp-image-2024-05-29-at-15.40.40.jpeg",1200,683,false],"2048x2048":["https:\/\/goias.gov.br\/policiacivil\/wp-content\/uploads\/sites\/71\/2024\/05\/whatsapp-image-2024-05-29-at-15.40.40.jpeg",1200,683,false]},"rttpg_author":{"display_name":"carolinalima","author_link":"https:\/\/goias.gov.br\/policiacivil\/author\/carolinalima\/"},"rttpg_comment":0,"rttpg_category":"<a href=\"https:\/\/goias.gov.br\/policiacivil\/categoria\/drp\/2a-regional\/\" rel=\"category tag\">2\u00aa Regional<\/a> <a href=\"https:\/\/goias.gov.br\/policiacivil\/categoria\/delegacias\/\" rel=\"category tag\">Delegacias<\/a> <a href=\"https:\/\/goias.gov.br\/policiacivil\/categoria\/delegacias\/regionais\/\" rel=\"category tag\">Regionais<\/a> <a href=\"https:\/\/goias.gov.br\/policiacivil\/categoria\/ultimo-segundo\/\" rel=\"category tag\">\u00daltimo Segundo<\/a>","rttpg_excerpt":"A Pol\u00edcia Civil de Goi\u00e1s, por meio do Grupo de Investiga\u00e7\u00e3o de Homic\u00eddios de Aparecida de Goi\u00e2nia &#8211; 2\u00aa DRP, deu cumprimento, nesta sexta-feira (31), a mandado de pris\u00e3o definitiva expedido no ano de 2018 em desfavor de um homem acusado de praticar um homic\u00eddio em 2014 no munic\u00edpio de Terra Nova do Norte &#8211;&hellip;","_links":{"self":[{"href":"https:\/\/goias.gov.br\/policiacivil\/wp-json\/wp\/v2\/posts\/131267","targetHints":{"allow":["GET"]}}],"collection":[{"href":"https:\/\/goias.gov.br\/policiacivil\/wp-json\/wp\/v2\/posts"}],"about":[{"href":"https:\/\/goias.gov.br\/policiacivil\/wp-json\/wp\/v2\/types\/post"}],"author":[{"embeddable":true,"href":"https:\/\/goias.gov.br\/policiacivil\/wp-json\/wp\/v2\/users\/42"}],"replies":[{"embeddable":true,"href":"https:\/\/goias.gov.br\/policiacivil\/wp-json\/wp\/v2\/comments?post=131267"}],"version-history":[{"count":1,"href":"https:\/\/goias.gov.br\/policiacivil\/wp-json\/wp\/v2\/posts\/131267\/revisions"}],"predecessor-version":[{"id":131269,"href":"https:\/\/goias.gov.br\/policiacivil\/wp-json\/wp\/v2\/posts\/131267\/revisions\/131269"}],"wp:featuredmedia":[{"embeddable":true,"href":"https:\/\/goias.gov.br\/policiacivil\/wp-json\/wp\/v2\/media\/131204"}],"wp:attachment":[{"href":"https:\/\/goias.gov.br\/policiacivil\/wp-json\/wp\/v2\/media?parent=131267"}],"wp:term":[{"taxonomy":"category","embeddable":true,"href":"https:\/\/goias.gov.br\/policiacivil\/wp-json\/wp\/v2\/categories?post=131267"},{"taxonomy":"post_tag","embeddable":true,"href":"https:\/\/goias.gov.br\/policiacivil\/wp-json\/wp\/v2\/tags?post=131267"}],"curies":[{"name":"wp","href":"https:\/\/api.w.org\/{rel}","templated":true}]}}