

{"id":131167,"date":"2024-05-29T10:30:12","date_gmt":"2024-05-29T13:30:12","guid":{"rendered":" https:\/\/goias.gov.br\/policiacivil\/?p=131167"},"modified":"2024-05-29T10:30:12","modified_gmt":"2024-05-29T13:30:12","slug":"policia-civil-prende-terceiro-participe-de-homicidio-praticado-na-quitinete-do-trafico","status":"publish","type":"post","link":"https:\/\/goias.gov.br\/policiacivil\/policia-civil-prende-terceiro-participe-de-homicidio-praticado-na-quitinete-do-trafico\/","title":{"rendered":"Pol\u00edcia Civil prende terceiro part\u00edcipe de homic\u00eddio praticado na &#8220;quitinete do tr\u00e1fico&#8221;"},"content":{"rendered":"<p style=\"text-align: justify;\">A Pol\u00edcia Civil de Goi\u00e1s, por meio da Delegacia Estadual de Investiga\u00e7\u00e3o de Homic\u00eddios (DIH), cumpriu no \u00faltimo dia 24 de maio, o mandado de pris\u00e3o cautelar do terceiro participante do homic\u00eddio da v\u00edtima Dhiony Blaitiner dos Santos. A v\u00edtima foi morta no dia 22 de abril, por volta das 0h30, no Setor Capuava, em Goi\u00e2nia. Segundo apurado, a v\u00edtima foi surpreendida no interior de uma quitinete, local onde residia, e esfaqueada fatalmente, vindo a \u00f3bito no local.<br \/>\nO motivo da conduta homicida foi a subtra\u00e7\u00e3o de drogas pela v\u00edtima pertencentes ao executor, individuo j\u00e1 encarcerado, subtra\u00e7\u00e3o ocorrida ap\u00f3s a v\u00edtima ingressar sorrateiramente na quitinete de outra participante do homic\u00eddio, mulher que fora tamb\u00e9m presa pela DIH. O custodiado auxiliou os demais participantes rendendo a v\u00edtima na posse de uma arma de fogo.<\/p>\n<p>&nbsp;<\/p>\n<div id='gallery-1' class='gallery galleryid-131167 gallery-columns-2 gallery-size-thumbnail'><figure class='gallery-item'>\n\t\t\t<div class='gallery-icon portrait'>\n\t\t\t\t<a href='https:\/\/goias.gov.br\/policiacivil\/wp-content\/uploads\/sites\/71\/2024\/05\/whatsapp-image-2024-05-29-at-10.07.22.jpeg'><img decoding=\"async\" width=\"150\" height=\"150\" src=\"https:\/\/goias.gov.br\/policiacivil\/wp-content\/uploads\/sites\/71\/2024\/05\/whatsapp-image-2024-05-29-at-10.07.22-300x300.jpeg\" class=\"attachment-thumbnail size-thumbnail\" alt=\"Pol\u00edcia Civil prende terceiro part\u00edcipe de homic\u00eddio praticado na quitinete da v\u00edtima\" \/><\/a>\n\t\t\t<\/div><\/figure><figure class='gallery-item'>\n\t\t\t<div class='gallery-icon portrait'>\n\t\t\t\t<a href='https:\/\/goias.gov.br\/policiacivil\/wp-content\/uploads\/sites\/71\/2024\/05\/whatsapp-image-2024-05-29-at-10.07.23.jpeg'><img decoding=\"async\" width=\"150\" height=\"150\" src=\"https:\/\/goias.gov.br\/policiacivil\/wp-content\/uploads\/sites\/71\/2024\/05\/whatsapp-image-2024-05-29-at-10.07.23-300x300.jpeg\" class=\"attachment-thumbnail size-thumbnail\" alt=\"Pol\u00edcia Civil prende terceiro part\u00edcipe de homic\u00eddio praticado na quitinete da v\u00edtima\" \/><\/a>\n\t\t\t<\/div><\/figure><figure class='gallery-item'>\n\t\t\t<div class='gallery-icon portrait'>\n\t\t\t\t<a href='https:\/\/goias.gov.br\/policiacivil\/wp-content\/uploads\/sites\/71\/2024\/05\/whatsapp-image-2024-05-29-at-10.07.24.jpeg'><img decoding=\"async\" width=\"150\" height=\"150\" src=\"https:\/\/goias.gov.br\/policiacivil\/wp-content\/uploads\/sites\/71\/2024\/05\/whatsapp-image-2024-05-29-at-10.07.24-300x300.jpeg\" class=\"attachment-thumbnail size-thumbnail\" alt=\"Pol\u00edcia Civil prende terceiro part\u00edcipe de homic\u00eddio praticado na quitinete da v\u00edtima\" \/><\/a>\n\t\t\t<\/div><\/figure><figure class='gallery-item'>\n\t\t\t<div class='gallery-icon portrait'>\n\t\t\t\t<a href='https:\/\/goias.gov.br\/policiacivil\/wp-content\/uploads\/sites\/71\/2024\/05\/whatsapp-image-2024-05-29-at-10.07.25.jpeg'><img loading=\"lazy\" decoding=\"async\" width=\"150\" height=\"150\" src=\"https:\/\/goias.gov.br\/policiacivil\/wp-content\/uploads\/sites\/71\/2024\/05\/whatsapp-image-2024-05-29-at-10.07.25-300x300.jpeg\" class=\"attachment-thumbnail size-thumbnail\" alt=\"Pol\u00edcia Civil prende terceiro part\u00edcipe de homic\u00eddio praticado na quitinete da v\u00edtima\" \/><\/a>\n\t\t\t<\/div><\/figure>\n\t\t<\/div>\n\n","protected":false},"excerpt":{"rendered":"<p>A Pol\u00edcia Civil de Goi\u00e1s, por meio da Delegacia Estadual de Investiga\u00e7\u00e3o de Homic\u00eddios (DIH), cumpriu no \u00faltimo dia 24 de maio, o mandado de pris\u00e3o cautelar do terceiro participante do homic\u00eddio da v\u00edtima Dhiony Blaitiner dos Santos. A v\u00edtima foi morta no dia 22 de abril, por volta das 0h30, no Setor Capuava, em [&hellip;]<\/p>\n","protected":false},"author":34,"featured_media":131171,"comment_status":"closed","ping_status":"closed","sticky":false,"template":"","format":"standard","meta":{"footnotes":""},"categories":[2538,92,537],"tags":[1335,23,9481],"class_list":["post-131167","post","type-post","status-publish","format-standard","has-post-thumbnail","hentry","category-delegacias","category-especializadas","category-ultimo-segundo","tag-goiania","tag-homicidio","tag-quitinete"],"rttpg_featured_image_url":{"full":["https:\/\/goias.gov.br\/policiacivil\/wp-content\/uploads\/sites\/71\/2024\/05\/whatsapp-image-2024-05-29-at-10.07.25.jpeg",675,1200,false],"landscape":["https:\/\/goias.gov.br\/policiacivil\/wp-content\/uploads\/sites\/71\/2024\/05\/whatsapp-image-2024-05-29-at-10.07.25.jpeg",675,1200,false],"portraits":["https:\/\/goias.gov.br\/policiacivil\/wp-content\/uploads\/sites\/71\/2024\/05\/whatsapp-image-2024-05-29-at-10.07.25.jpeg",675,1200,false],"thumbnail":["https:\/\/goias.gov.br\/policiacivil\/wp-content\/uploads\/sites\/71\/2024\/05\/whatsapp-image-2024-05-29-at-10.07.25-300x300.jpeg",150,150,true],"medium":["https:\/\/goias.gov.br\/policiacivil\/wp-content\/uploads\/sites\/71\/2024\/05\/whatsapp-image-2024-05-29-at-10.07.25.jpeg",169,300,false],"large":["https:\/\/goias.gov.br\/policiacivil\/wp-content\/uploads\/sites\/71\/2024\/05\/whatsapp-image-2024-05-29-at-10.07.25.jpeg",576,1024,false],"1536x1536":["https:\/\/goias.gov.br\/policiacivil\/wp-content\/uploads\/sites\/71\/2024\/05\/whatsapp-image-2024-05-29-at-10.07.25.jpeg",675,1200,false],"2048x2048":["https:\/\/goias.gov.br\/policiacivil\/wp-content\/uploads\/sites\/71\/2024\/05\/whatsapp-image-2024-05-29-at-10.07.25.jpeg",675,1200,false]},"rttpg_author":{"display_name":"celsoassis","author_link":"https:\/\/goias.gov.br\/policiacivil\/author\/celsoassis\/"},"rttpg_comment":0,"rttpg_category":"<a href=\"https:\/\/goias.gov.br\/policiacivil\/categoria\/delegacias\/\" rel=\"category tag\">Delegacias<\/a> <a href=\"https:\/\/goias.gov.br\/policiacivil\/categoria\/delegacias\/especializadas\/\" rel=\"category tag\">Especializadas<\/a> <a href=\"https:\/\/goias.gov.br\/policiacivil\/categoria\/ultimo-segundo\/\" rel=\"category tag\">\u00daltimo Segundo<\/a>","rttpg_excerpt":"A Pol\u00edcia Civil de Goi\u00e1s, por meio da Delegacia Estadual de Investiga\u00e7\u00e3o de Homic\u00eddios (DIH), cumpriu no \u00faltimo dia 24 de maio, o mandado de pris\u00e3o cautelar do terceiro participante do homic\u00eddio da v\u00edtima Dhiony Blaitiner dos Santos. A v\u00edtima foi morta no dia 22 de abril, por volta das 0h30, no Setor Capuava, em&hellip;","_links":{"self":[{"href":"https:\/\/goias.gov.br\/policiacivil\/wp-json\/wp\/v2\/posts\/131167","targetHints":{"allow":["GET"]}}],"collection":[{"href":"https:\/\/goias.gov.br\/policiacivil\/wp-json\/wp\/v2\/posts"}],"about":[{"href":"https:\/\/goias.gov.br\/policiacivil\/wp-json\/wp\/v2\/types\/post"}],"author":[{"embeddable":true,"href":"https:\/\/goias.gov.br\/policiacivil\/wp-json\/wp\/v2\/users\/34"}],"replies":[{"embeddable":true,"href":"https:\/\/goias.gov.br\/policiacivil\/wp-json\/wp\/v2\/comments?post=131167"}],"version-history":[{"count":1,"href":"https:\/\/goias.gov.br\/policiacivil\/wp-json\/wp\/v2\/posts\/131167\/revisions"}],"predecessor-version":[{"id":131172,"href":"https:\/\/goias.gov.br\/policiacivil\/wp-json\/wp\/v2\/posts\/131167\/revisions\/131172"}],"wp:featuredmedia":[{"embeddable":true,"href":"https:\/\/goias.gov.br\/policiacivil\/wp-json\/wp\/v2\/media\/131171"}],"wp:attachment":[{"href":"https:\/\/goias.gov.br\/policiacivil\/wp-json\/wp\/v2\/media?parent=131167"}],"wp:term":[{"taxonomy":"category","embeddable":true,"href":"https:\/\/goias.gov.br\/policiacivil\/wp-json\/wp\/v2\/categories?post=131167"},{"taxonomy":"post_tag","embeddable":true,"href":"https:\/\/goias.gov.br\/policiacivil\/wp-json\/wp\/v2\/tags?post=131167"}],"curies":[{"name":"wp","href":"https:\/\/api.w.org\/{rel}","templated":true}]}}