

{"id":130669,"date":"2024-05-15T16:07:07","date_gmt":"2024-05-15T19:07:07","guid":{"rendered":" https:\/\/goias.gov.br\/policiacivil\/?p=130669"},"modified":"2024-05-15T16:07:07","modified_gmt":"2024-05-15T19:07:07","slug":"policia-civil-procura-por-investigado-por-estuprar-adolescente-e-gravar-imagens","status":"publish","type":"post","link":"https:\/\/goias.gov.br\/policiacivil\/policia-civil-procura-por-investigado-por-estuprar-adolescente-e-gravar-imagens\/","title":{"rendered":"Pol\u00edcia Civil procura por investigado por estuprar adolescente e gravar imagens"},"content":{"rendered":"<p style=\"text-align: justify;\">A Pol\u00edcia Civil do Estado de Goi\u00e1s, atrav\u00e9s da Delegacia Especializada no Atendimento \u00e0 Mulher (Deam) de Valpara\u00edso, procura por C\u00edcero de Sousa Ferraz, 38 anos. Ele est\u00e1 com mandado de pris\u00e3o preventiva em aberto. C\u00edcero \u00e9 indiciado por ter praticado o crime de estupro de vulner\u00e1vel, em fevereiro de 2024.<br \/>\nSegundo as investiga\u00e7\u00f5es, ele teria estuprado uma adolescente de 13 anos em duas ocasi\u00f5es. Ap\u00f3s ordem judicial, no celular do investigado a PCGO localizou cenas de sexo dele com a v\u00edtima. Ele tamb\u00e9m responde pelo crime de produ\u00e7\u00e3o de imagem envolvendo adolescente em cena de sexo. Den\u00fancias podem ser feitas via 197 ou no telefone da Deam que consta no card.<\/p>\n<p>&nbsp;<\/p>\n<p><img fetchpriority=\"high\" decoding=\"async\" class=\"alignnone size-full wp-image-130670\" src=\" https:\/\/goias.gov.br\/policiacivil\/wp-content\/uploads\/sites\/71\/2024\/05\/whatsapp-image-2024-05-15-at-09.37.12.jpeg\" alt=\"Pol\u00edcia Civil procura por investigado por estuprar adolescente e gravar imagens\" width=\"1200\" height=\"1192\" \/><\/p>\n","protected":false},"excerpt":{"rendered":"<p>A Pol\u00edcia Civil do Estado de Goi\u00e1s, atrav\u00e9s da Delegacia Especializada no Atendimento \u00e0 Mulher (Deam) de Valpara\u00edso, procura por C\u00edcero de Sousa Ferraz, 38 anos. Ele est\u00e1 com mandado de pris\u00e3o preventiva em aberto. C\u00edcero \u00e9 indiciado por ter praticado o crime de estupro de vulner\u00e1vel, em fevereiro de 2024. Segundo as investiga\u00e7\u00f5es, ele [&hellip;]<\/p>\n","protected":false},"author":34,"featured_media":72352,"comment_status":"closed","ping_status":"closed","sticky":false,"template":"","format":"standard","meta":{"footnotes":""},"categories":[3192,2538,89,537],"tags":[275,2033],"class_list":["post-130669","post","type-post","status-publish","format-standard","has-post-thumbnail","hentry","category-5a-regional","category-delegacias","category-regionais","category-ultimo-segundo","tag-estupro","tag-valparaiso"],"rttpg_featured_image_url":{"full":["https:\/\/goias.gov.br\/policiacivil\/wp-content\/uploads\/sites\/71\/2019\/04\/logo-preta-pcgo.jpg",473,333,false],"landscape":["https:\/\/goias.gov.br\/policiacivil\/wp-content\/uploads\/sites\/71\/2019\/04\/logo-preta-pcgo.jpg",473,333,false],"portraits":["https:\/\/goias.gov.br\/policiacivil\/wp-content\/uploads\/sites\/71\/2019\/04\/logo-preta-pcgo.jpg",473,333,false],"thumbnail":["https:\/\/goias.gov.br\/policiacivil\/wp-content\/uploads\/sites\/71\/2019\/04\/logo-preta-pcgo-300x300.jpg",150,150,true],"medium":["https:\/\/goias.gov.br\/policiacivil\/wp-content\/uploads\/sites\/71\/2019\/04\/logo-preta-pcgo.jpg",300,211,false],"large":["https:\/\/goias.gov.br\/policiacivil\/wp-content\/uploads\/sites\/71\/2019\/04\/logo-preta-pcgo.jpg",473,333,false],"1536x1536":["https:\/\/goias.gov.br\/policiacivil\/wp-content\/uploads\/sites\/71\/2019\/04\/logo-preta-pcgo.jpg",473,333,false],"2048x2048":["https:\/\/goias.gov.br\/policiacivil\/wp-content\/uploads\/sites\/71\/2019\/04\/logo-preta-pcgo.jpg",473,333,false]},"rttpg_author":{"display_name":"celsoassis","author_link":"https:\/\/goias.gov.br\/policiacivil\/author\/celsoassis\/"},"rttpg_comment":0,"rttpg_category":"<a href=\"https:\/\/goias.gov.br\/policiacivil\/categoria\/drp\/5a-regional\/\" rel=\"category tag\">5\u00aa Regional<\/a> <a href=\"https:\/\/goias.gov.br\/policiacivil\/categoria\/delegacias\/\" rel=\"category tag\">Delegacias<\/a> <a href=\"https:\/\/goias.gov.br\/policiacivil\/categoria\/delegacias\/regionais\/\" rel=\"category tag\">Regionais<\/a> <a href=\"https:\/\/goias.gov.br\/policiacivil\/categoria\/ultimo-segundo\/\" rel=\"category tag\">\u00daltimo Segundo<\/a>","rttpg_excerpt":"A Pol\u00edcia Civil do Estado de Goi\u00e1s, atrav\u00e9s da Delegacia Especializada no Atendimento \u00e0 Mulher (Deam) de Valpara\u00edso, procura por C\u00edcero de Sousa Ferraz, 38 anos. Ele est\u00e1 com mandado de pris\u00e3o preventiva em aberto. C\u00edcero \u00e9 indiciado por ter praticado o crime de estupro de vulner\u00e1vel, em fevereiro de 2024. Segundo as investiga\u00e7\u00f5es, ele&hellip;","_links":{"self":[{"href":"https:\/\/goias.gov.br\/policiacivil\/wp-json\/wp\/v2\/posts\/130669","targetHints":{"allow":["GET"]}}],"collection":[{"href":"https:\/\/goias.gov.br\/policiacivil\/wp-json\/wp\/v2\/posts"}],"about":[{"href":"https:\/\/goias.gov.br\/policiacivil\/wp-json\/wp\/v2\/types\/post"}],"author":[{"embeddable":true,"href":"https:\/\/goias.gov.br\/policiacivil\/wp-json\/wp\/v2\/users\/34"}],"replies":[{"embeddable":true,"href":"https:\/\/goias.gov.br\/policiacivil\/wp-json\/wp\/v2\/comments?post=130669"}],"version-history":[{"count":1,"href":"https:\/\/goias.gov.br\/policiacivil\/wp-json\/wp\/v2\/posts\/130669\/revisions"}],"predecessor-version":[{"id":130671,"href":"https:\/\/goias.gov.br\/policiacivil\/wp-json\/wp\/v2\/posts\/130669\/revisions\/130671"}],"wp:featuredmedia":[{"embeddable":true,"href":"https:\/\/goias.gov.br\/policiacivil\/wp-json\/wp\/v2\/media\/72352"}],"wp:attachment":[{"href":"https:\/\/goias.gov.br\/policiacivil\/wp-json\/wp\/v2\/media?parent=130669"}],"wp:term":[{"taxonomy":"category","embeddable":true,"href":"https:\/\/goias.gov.br\/policiacivil\/wp-json\/wp\/v2\/categories?post=130669"},{"taxonomy":"post_tag","embeddable":true,"href":"https:\/\/goias.gov.br\/policiacivil\/wp-json\/wp\/v2\/tags?post=130669"}],"curies":[{"name":"wp","href":"https:\/\/api.w.org\/{rel}","templated":true}]}}