

{"id":129756,"date":"2024-04-24T14:59:11","date_gmt":"2024-04-24T17:59:11","guid":{"rendered":" https:\/\/goias.gov.br\/policiacivil\/?p=129756"},"modified":"2024-04-24T14:59:11","modified_gmt":"2024-04-24T17:59:11","slug":"investigada-pela-pcgo-mulher-e-presa-em-manaus","status":"publish","type":"post","link":"https:\/\/goias.gov.br\/policiacivil\/investigada-pela-pcgo-mulher-e-presa-em-manaus\/","title":{"rendered":"Investigada pela PCGO, mulher \u00e9 presa em Manaus"},"content":{"rendered":"<p style=\"text-align: justify;\">A Pol\u00edcia Civil do Estado do Goi\u00e1s, atrav\u00e9s do Divis\u00e3o de Capturas da 18\u00aa DRP de Urua\u00e7u e do 10\u00ba Distrito Integrado da Pol\u00edcia Civil do Estado do Amazonas na cidade de Manaus\/AM, deu cumprimento hoje (24) ao mandado de pris\u00e3o preventiva em desfavor de uma mulher de 24 anos, pelo cometimento do crime de tr\u00e1fico de drogas, oriundo da 2\u00b0 Vara Criminal de Urua\u00e7u &#8211; Goi\u00e1s. O crime ocorreu em 2022.<br \/>\nA pris\u00e3o ocorre no contexto da Opera\u00e7\u00e3o N\u00e1rke (Coordenada pelo Minist\u00e9rio da Justi\u00e7a e Seguran\u00e7a P\u00fablica a n\u00edvel nacional). Na a\u00e7\u00e3o conjunta, policiais civis do Estado de Goi\u00e1s e do Amazonas realizaram levantamentos at\u00e9 localizar e prender o autor no Bairro Cidade de Deus, em Manaus\/AM. A presa j\u00e1 encontra-se custodiada \u00e0 disposi\u00e7\u00e3o da Justi\u00e7a.<\/p>\n","protected":false},"excerpt":{"rendered":"<p>A Pol\u00edcia Civil do Estado do Goi\u00e1s, atrav\u00e9s do Divis\u00e3o de Capturas da 18\u00aa DRP de Urua\u00e7u e do 10\u00ba Distrito Integrado da Pol\u00edcia Civil do Estado do Amazonas na cidade de Manaus\/AM, deu cumprimento hoje (24) ao mandado de pris\u00e3o preventiva em desfavor de uma mulher de 24 anos, pelo cometimento do crime de [&hellip;]<\/p>\n","protected":false},"author":34,"featured_media":72352,"comment_status":"closed","ping_status":"closed","sticky":false,"template":"","format":"standard","meta":{"footnotes":""},"categories":[6760,2538,89,537],"tags":[8886,861],"class_list":["post-129756","post","type-post","status-publish","format-standard","has-post-thumbnail","hentry","category-18a-regional","category-delegacias","category-regionais","category-ultimo-segundo","tag-manaus","tag-prisao"],"rttpg_featured_image_url":{"full":["https:\/\/goias.gov.br\/policiacivil\/wp-content\/uploads\/sites\/71\/2019\/04\/logo-preta-pcgo.jpg",473,333,false],"landscape":["https:\/\/goias.gov.br\/policiacivil\/wp-content\/uploads\/sites\/71\/2019\/04\/logo-preta-pcgo.jpg",473,333,false],"portraits":["https:\/\/goias.gov.br\/policiacivil\/wp-content\/uploads\/sites\/71\/2019\/04\/logo-preta-pcgo.jpg",473,333,false],"thumbnail":["https:\/\/goias.gov.br\/policiacivil\/wp-content\/uploads\/sites\/71\/2019\/04\/logo-preta-pcgo-300x300.jpg",150,150,true],"medium":["https:\/\/goias.gov.br\/policiacivil\/wp-content\/uploads\/sites\/71\/2019\/04\/logo-preta-pcgo.jpg",300,211,false],"large":["https:\/\/goias.gov.br\/policiacivil\/wp-content\/uploads\/sites\/71\/2019\/04\/logo-preta-pcgo.jpg",473,333,false],"1536x1536":["https:\/\/goias.gov.br\/policiacivil\/wp-content\/uploads\/sites\/71\/2019\/04\/logo-preta-pcgo.jpg",473,333,false],"2048x2048":["https:\/\/goias.gov.br\/policiacivil\/wp-content\/uploads\/sites\/71\/2019\/04\/logo-preta-pcgo.jpg",473,333,false]},"rttpg_author":{"display_name":"celsoassis","author_link":"https:\/\/goias.gov.br\/policiacivil\/author\/celsoassis\/"},"rttpg_comment":0,"rttpg_category":"<a href=\"https:\/\/goias.gov.br\/policiacivil\/categoria\/drp\/18a-regional\/\" rel=\"category tag\">18\u00aa Regional<\/a> <a href=\"https:\/\/goias.gov.br\/policiacivil\/categoria\/delegacias\/\" rel=\"category tag\">Delegacias<\/a> <a href=\"https:\/\/goias.gov.br\/policiacivil\/categoria\/delegacias\/regionais\/\" rel=\"category tag\">Regionais<\/a> <a href=\"https:\/\/goias.gov.br\/policiacivil\/categoria\/ultimo-segundo\/\" rel=\"category tag\">\u00daltimo Segundo<\/a>","rttpg_excerpt":"A Pol\u00edcia Civil do Estado do Goi\u00e1s, atrav\u00e9s do Divis\u00e3o de Capturas da 18\u00aa DRP de Urua\u00e7u e do 10\u00ba Distrito Integrado da Pol\u00edcia Civil do Estado do Amazonas na cidade de Manaus\/AM, deu cumprimento hoje (24) ao mandado de pris\u00e3o preventiva em desfavor de uma mulher de 24 anos, pelo cometimento do crime de&hellip;","_links":{"self":[{"href":"https:\/\/goias.gov.br\/policiacivil\/wp-json\/wp\/v2\/posts\/129756","targetHints":{"allow":["GET"]}}],"collection":[{"href":"https:\/\/goias.gov.br\/policiacivil\/wp-json\/wp\/v2\/posts"}],"about":[{"href":"https:\/\/goias.gov.br\/policiacivil\/wp-json\/wp\/v2\/types\/post"}],"author":[{"embeddable":true,"href":"https:\/\/goias.gov.br\/policiacivil\/wp-json\/wp\/v2\/users\/34"}],"replies":[{"embeddable":true,"href":"https:\/\/goias.gov.br\/policiacivil\/wp-json\/wp\/v2\/comments?post=129756"}],"version-history":[{"count":1,"href":"https:\/\/goias.gov.br\/policiacivil\/wp-json\/wp\/v2\/posts\/129756\/revisions"}],"predecessor-version":[{"id":129757,"href":"https:\/\/goias.gov.br\/policiacivil\/wp-json\/wp\/v2\/posts\/129756\/revisions\/129757"}],"wp:featuredmedia":[{"embeddable":true,"href":"https:\/\/goias.gov.br\/policiacivil\/wp-json\/wp\/v2\/media\/72352"}],"wp:attachment":[{"href":"https:\/\/goias.gov.br\/policiacivil\/wp-json\/wp\/v2\/media?parent=129756"}],"wp:term":[{"taxonomy":"category","embeddable":true,"href":"https:\/\/goias.gov.br\/policiacivil\/wp-json\/wp\/v2\/categories?post=129756"},{"taxonomy":"post_tag","embeddable":true,"href":"https:\/\/goias.gov.br\/policiacivil\/wp-json\/wp\/v2\/tags?post=129756"}],"curies":[{"name":"wp","href":"https:\/\/api.w.org\/{rel}","templated":true}]}}