

{"id":129116,"date":"2024-04-11T15:03:34","date_gmt":"2024-04-11T18:03:34","guid":{"rendered":" https:\/\/goias.gov.br\/policiacivil\/?p=129116"},"modified":"2024-04-11T15:03:34","modified_gmt":"2024-04-11T18:03:34","slug":"dp-de-novo-gama-prende-autor-de-roubo","status":"publish","type":"post","link":"https:\/\/goias.gov.br\/policiacivil\/dp-de-novo-gama-prende-autor-de-roubo\/","title":{"rendered":"DP de Novo Gama prende autor de roubo"},"content":{"rendered":"<p style=\"text-align: justify;\">Nesta quinta-feira (11), a Pol\u00edcia Civil de Goi\u00e1s, pelo trabalho da equipe da Delegacia de Pol\u00edcia de Novo Gama, cumpriu o mandado de pris\u00e3o preventiva em desfavor de um homem de 23 anos pela pr\u00e1tica de roubo qualificado. O crime foi praticado no ano de 2019, tendo o autor, juntamente com outro indiv\u00edduo, subtra\u00eddo, mediante uso de arma de fogo, com restri\u00e7\u00e3o de liberdade da v\u00edtima, seu ve\u00edculo, seu aparelho celular, carteira com documentos e cart\u00f5es banc\u00e1rios, dinheiro em esp\u00e9cie e transportaram o ve\u00edculo para outro estado.<br \/>\nA equipe da Delegacia de Pol\u00edcia de Novo Gama realizou levantamento de informa\u00e7\u00f5es dos locais onde o investigado poderia estar e, ap\u00f3s a confirma\u00e7\u00e3o de seu paradeiro, efetuou o cumprimento do mandado de pris\u00e3o.<\/p>\n","protected":false},"excerpt":{"rendered":"<p>Nesta quinta-feira (11), a Pol\u00edcia Civil de Goi\u00e1s, pelo trabalho da equipe da Delegacia de Pol\u00edcia de Novo Gama, cumpriu o mandado de pris\u00e3o preventiva em desfavor de um homem de 23 anos pela pr\u00e1tica de roubo qualificado. O crime foi praticado no ano de 2019, tendo o autor, juntamente com outro indiv\u00edduo, subtra\u00eddo, mediante [&hellip;]<\/p>\n","protected":false},"author":34,"featured_media":127984,"comment_status":"closed","ping_status":"closed","sticky":false,"template":"","format":"standard","meta":{"footnotes":""},"categories":[3192,2538,89,537],"tags":[2813,861],"class_list":["post-129116","post","type-post","status-publish","format-standard","has-post-thumbnail","hentry","category-5a-regional","category-delegacias","category-regionais","category-ultimo-segundo","tag-novo-gama","tag-prisao"],"rttpg_featured_image_url":{"full":["https:\/\/goias.gov.br\/policiacivil\/wp-content\/uploads\/sites\/71\/2024\/03\/site-pcgo-29.png",1200,675,false],"landscape":["https:\/\/goias.gov.br\/policiacivil\/wp-content\/uploads\/sites\/71\/2024\/03\/site-pcgo-29.png",1200,675,false],"portraits":["https:\/\/goias.gov.br\/policiacivil\/wp-content\/uploads\/sites\/71\/2024\/03\/site-pcgo-29.png",1200,675,false],"thumbnail":["https:\/\/goias.gov.br\/policiacivil\/wp-content\/uploads\/sites\/71\/2024\/03\/site-pcgo-29-300x300.png",150,150,true],"medium":["https:\/\/goias.gov.br\/policiacivil\/wp-content\/uploads\/sites\/71\/2024\/03\/site-pcgo-29.png",300,169,false],"large":["https:\/\/goias.gov.br\/policiacivil\/wp-content\/uploads\/sites\/71\/2024\/03\/site-pcgo-29.png",1024,576,false],"1536x1536":["https:\/\/goias.gov.br\/policiacivil\/wp-content\/uploads\/sites\/71\/2024\/03\/site-pcgo-29.png",1200,675,false],"2048x2048":["https:\/\/goias.gov.br\/policiacivil\/wp-content\/uploads\/sites\/71\/2024\/03\/site-pcgo-29.png",1200,675,false]},"rttpg_author":{"display_name":"celsoassis","author_link":"https:\/\/goias.gov.br\/policiacivil\/author\/celsoassis\/"},"rttpg_comment":0,"rttpg_category":"<a href=\"https:\/\/goias.gov.br\/policiacivil\/categoria\/drp\/5a-regional\/\" rel=\"category tag\">5\u00aa Regional<\/a> <a href=\"https:\/\/goias.gov.br\/policiacivil\/categoria\/delegacias\/\" rel=\"category tag\">Delegacias<\/a> <a href=\"https:\/\/goias.gov.br\/policiacivil\/categoria\/delegacias\/regionais\/\" rel=\"category tag\">Regionais<\/a> <a href=\"https:\/\/goias.gov.br\/policiacivil\/categoria\/ultimo-segundo\/\" rel=\"category tag\">\u00daltimo Segundo<\/a>","rttpg_excerpt":"Nesta quinta-feira (11), a Pol\u00edcia Civil de Goi\u00e1s, pelo trabalho da equipe da Delegacia de Pol\u00edcia de Novo Gama, cumpriu o mandado de pris\u00e3o preventiva em desfavor de um homem de 23 anos pela pr\u00e1tica de roubo qualificado. O crime foi praticado no ano de 2019, tendo o autor, juntamente com outro indiv\u00edduo, subtra\u00eddo, mediante&hellip;","_links":{"self":[{"href":"https:\/\/goias.gov.br\/policiacivil\/wp-json\/wp\/v2\/posts\/129116","targetHints":{"allow":["GET"]}}],"collection":[{"href":"https:\/\/goias.gov.br\/policiacivil\/wp-json\/wp\/v2\/posts"}],"about":[{"href":"https:\/\/goias.gov.br\/policiacivil\/wp-json\/wp\/v2\/types\/post"}],"author":[{"embeddable":true,"href":"https:\/\/goias.gov.br\/policiacivil\/wp-json\/wp\/v2\/users\/34"}],"replies":[{"embeddable":true,"href":"https:\/\/goias.gov.br\/policiacivil\/wp-json\/wp\/v2\/comments?post=129116"}],"version-history":[{"count":1,"href":"https:\/\/goias.gov.br\/policiacivil\/wp-json\/wp\/v2\/posts\/129116\/revisions"}],"predecessor-version":[{"id":129117,"href":"https:\/\/goias.gov.br\/policiacivil\/wp-json\/wp\/v2\/posts\/129116\/revisions\/129117"}],"wp:featuredmedia":[{"embeddable":true,"href":"https:\/\/goias.gov.br\/policiacivil\/wp-json\/wp\/v2\/media\/127984"}],"wp:attachment":[{"href":"https:\/\/goias.gov.br\/policiacivil\/wp-json\/wp\/v2\/media?parent=129116"}],"wp:term":[{"taxonomy":"category","embeddable":true,"href":"https:\/\/goias.gov.br\/policiacivil\/wp-json\/wp\/v2\/categories?post=129116"},{"taxonomy":"post_tag","embeddable":true,"href":"https:\/\/goias.gov.br\/policiacivil\/wp-json\/wp\/v2\/tags?post=129116"}],"curies":[{"name":"wp","href":"https:\/\/api.w.org\/{rel}","templated":true}]}}