

{"id":129006,"date":"2024-04-09T13:20:43","date_gmt":"2024-04-09T16:20:43","guid":{"rendered":" https:\/\/goias.gov.br\/policiacivil\/?p=129006"},"modified":"2024-04-09T13:20:43","modified_gmt":"2024-04-09T16:20:43","slug":"pcgo-prende-homem-que-traficava-drogas-dentro-de-condominio-predial-em-aparecida","status":"publish","type":"post","link":"https:\/\/goias.gov.br\/policiacivil\/pcgo-prende-homem-que-traficava-drogas-dentro-de-condominio-predial-em-aparecida\/","title":{"rendered":"PCGO prende homem que traficava drogas dentro de condom\u00ednio predial, em Aparecida"},"content":{"rendered":"<p style=\"text-align: justify;\"><span style=\"font-weight: 400;\"><img fetchpriority=\"high\" decoding=\"async\" class=\" wp-image-129007 alignleft\" src=\" https:\/\/goias.gov.br\/policiacivil\/wp-content\/uploads\/sites\/71\/2024\/04\/85c1a085-b73e-466d-bf25-f687db971721.jpg\" alt=\"PCGO prende homem que traficava drogas dentro de condom\u00ednio predial, em Aparecida\" width=\"233\" height=\"414\" \/>A Pol\u00edcia Civil de Goi\u00e1s, por meio do Grupo Especial de Investiga\u00e7\u00f5es Criminais de Aparecida de Goi\u00e2nia &#8211; 2\u00aa DRP, prendeu, em flagrante, nesta ter\u00e7a-feira (9), um indiv\u00edduo, de 30 anos, pelo crime de tr\u00e1fico de drogas. A pris\u00e3o se deu no momento em que a PCGO dava cumprimento a mandado de busca e apreens\u00e3o em desfavor do investigado. Ele estava em posse de diversas por\u00e7\u00f5es de maconha para fins de mercancia. O\u00a0 material colhido durante as buscas, notadamente os dispositivos eletr\u00f4nicos, permitiu comprovar a situa\u00e7\u00e3o de venda dos entorpecentes. A investiga\u00e7\u00e3o teve in\u00edcio a partir de diversas den\u00fancias an\u00f4nimas formuladas pelo Disque-den\u00fancia 197 da PCGO, as quais davam conta que o autuado comercializava drogas il\u00edcitas, especialmente maconha, no condom\u00ednio de pr\u00e9dios em que morava no bairro Parque das Na\u00e7\u00f5es, em Aparecida de Goi\u00e2nia. O investigado possui in\u00fameros antecedentes criminais pela pr\u00e1tica de furto e roubo, estando atualmente cumprindo pena no regime semiaberto, com utiliza\u00e7\u00e3o de tornozeleira eletr\u00f4nica.\u00a0<\/span><\/p>\n","protected":false},"excerpt":{"rendered":"<p>A Pol\u00edcia Civil de Goi\u00e1s, por meio do Grupo Especial de Investiga\u00e7\u00f5es Criminais de Aparecida de Goi\u00e2nia &#8211; 2\u00aa DRP, prendeu, em flagrante, nesta ter\u00e7a-feira (9), um indiv\u00edduo, de 30 anos, pelo crime de tr\u00e1fico de drogas. A pris\u00e3o se deu no momento em que a PCGO dava cumprimento a mandado de busca e apreens\u00e3o [&hellip;]<\/p>\n","protected":false},"author":42,"featured_media":129008,"comment_status":"closed","ping_status":"closed","sticky":false,"template":"","format":"standard","meta":{"footnotes":""},"categories":[3189,2538,89,537],"tags":[2018,234],"class_list":["post-129006","post","type-post","status-publish","format-standard","has-post-thumbnail","hentry","category-2a-regional","category-delegacias","category-regionais","category-ultimo-segundo","tag-2a-drp","tag-aparecida-de-goiania"],"rttpg_featured_image_url":{"full":["https:\/\/goias.gov.br\/policiacivil\/wp-content\/uploads\/sites\/71\/2024\/04\/pcgo.jpeg",1200,630,false],"landscape":["https:\/\/goias.gov.br\/policiacivil\/wp-content\/uploads\/sites\/71\/2024\/04\/pcgo.jpeg",1200,630,false],"portraits":["https:\/\/goias.gov.br\/policiacivil\/wp-content\/uploads\/sites\/71\/2024\/04\/pcgo.jpeg",1200,630,false],"thumbnail":["https:\/\/goias.gov.br\/policiacivil\/wp-content\/uploads\/sites\/71\/2024\/04\/pcgo-300x300.jpeg",150,150,true],"medium":["https:\/\/goias.gov.br\/policiacivil\/wp-content\/uploads\/sites\/71\/2024\/04\/pcgo.jpeg",300,158,false],"large":["https:\/\/goias.gov.br\/policiacivil\/wp-content\/uploads\/sites\/71\/2024\/04\/pcgo.jpeg",1024,538,false],"1536x1536":["https:\/\/goias.gov.br\/policiacivil\/wp-content\/uploads\/sites\/71\/2024\/04\/pcgo.jpeg",1200,630,false],"2048x2048":["https:\/\/goias.gov.br\/policiacivil\/wp-content\/uploads\/sites\/71\/2024\/04\/pcgo.jpeg",1200,630,false]},"rttpg_author":{"display_name":"carolinalima","author_link":"https:\/\/goias.gov.br\/policiacivil\/author\/carolinalima\/"},"rttpg_comment":0,"rttpg_category":"<a href=\"https:\/\/goias.gov.br\/policiacivil\/categoria\/drp\/2a-regional\/\" rel=\"category tag\">2\u00aa Regional<\/a> <a href=\"https:\/\/goias.gov.br\/policiacivil\/categoria\/delegacias\/\" rel=\"category tag\">Delegacias<\/a> <a href=\"https:\/\/goias.gov.br\/policiacivil\/categoria\/delegacias\/regionais\/\" rel=\"category tag\">Regionais<\/a> <a href=\"https:\/\/goias.gov.br\/policiacivil\/categoria\/ultimo-segundo\/\" rel=\"category tag\">\u00daltimo Segundo<\/a>","rttpg_excerpt":"A Pol\u00edcia Civil de Goi\u00e1s, por meio do Grupo Especial de Investiga\u00e7\u00f5es Criminais de Aparecida de Goi\u00e2nia &#8211; 2\u00aa DRP, prendeu, em flagrante, nesta ter\u00e7a-feira (9), um indiv\u00edduo, de 30 anos, pelo crime de tr\u00e1fico de drogas. A pris\u00e3o se deu no momento em que a PCGO dava cumprimento a mandado de busca e apreens\u00e3o&hellip;","_links":{"self":[{"href":"https:\/\/goias.gov.br\/policiacivil\/wp-json\/wp\/v2\/posts\/129006","targetHints":{"allow":["GET"]}}],"collection":[{"href":"https:\/\/goias.gov.br\/policiacivil\/wp-json\/wp\/v2\/posts"}],"about":[{"href":"https:\/\/goias.gov.br\/policiacivil\/wp-json\/wp\/v2\/types\/post"}],"author":[{"embeddable":true,"href":"https:\/\/goias.gov.br\/policiacivil\/wp-json\/wp\/v2\/users\/42"}],"replies":[{"embeddable":true,"href":"https:\/\/goias.gov.br\/policiacivil\/wp-json\/wp\/v2\/comments?post=129006"}],"version-history":[{"count":1,"href":"https:\/\/goias.gov.br\/policiacivil\/wp-json\/wp\/v2\/posts\/129006\/revisions"}],"predecessor-version":[{"id":129009,"href":"https:\/\/goias.gov.br\/policiacivil\/wp-json\/wp\/v2\/posts\/129006\/revisions\/129009"}],"wp:featuredmedia":[{"embeddable":true,"href":"https:\/\/goias.gov.br\/policiacivil\/wp-json\/wp\/v2\/media\/129008"}],"wp:attachment":[{"href":"https:\/\/goias.gov.br\/policiacivil\/wp-json\/wp\/v2\/media?parent=129006"}],"wp:term":[{"taxonomy":"category","embeddable":true,"href":"https:\/\/goias.gov.br\/policiacivil\/wp-json\/wp\/v2\/categories?post=129006"},{"taxonomy":"post_tag","embeddable":true,"href":"https:\/\/goias.gov.br\/policiacivil\/wp-json\/wp\/v2\/tags?post=129006"}],"curies":[{"name":"wp","href":"https:\/\/api.w.org\/{rel}","templated":true}]}}