

{"id":128516,"date":"2024-03-26T09:17:31","date_gmt":"2024-03-26T12:17:31","guid":{"rendered":" https:\/\/goias.gov.br\/policiacivil\/?p=128516"},"modified":"2024-03-26T11:17:43","modified_gmt":"2024-03-26T14:17:43","slug":"delegado-geral-participa-da-solenidade-de-passagem-do-comando-da-pmgo","status":"publish","type":"post","link":"https:\/\/goias.gov.br\/policiacivil\/delegado-geral-participa-da-solenidade-de-passagem-do-comando-da-pmgo\/","title":{"rendered":"Delegado-geral participa da solenidade de passagem do comando da PMGO"},"content":{"rendered":"<p style=\"text-align: justify;\">O delegado-geral da Pol\u00edcia Civil de Goi\u00e1s, Andr\u00e9 Gustavo Corteze Ganga, participou, na noite dessa segunda-feira (25), da solenidade de passagem do comando da Pol\u00edcia Militar do Estado de Goi\u00e1s (PMGO). O evento foi realizado no Comando da Academia de Pol\u00edcia Militar, em Goi\u00e2nia. O coronel Andr\u00e9 Henrique Avelar de Sousa transferiu o comando-geral da PMGO ao coronel Marcelo Granja, o qual j\u00e1 foi comandante do Batalh\u00e3o de Choque, comandante de Miss\u00f5es Especiais, comandante de Opera\u00e7\u00f5es do Cerrado e comandante do Policiamento da Capital, assumindo agora a chefia da Pol\u00edcia Militar goiana.. A cerim\u00f4nia contou tamb\u00e9m com participa\u00e7\u00e3o do governador Ronaldo Caiado e diversas autoridades.<\/p>\n<p>&nbsp;<\/p>\n<div id='gallery-1' class='gallery galleryid-128516 gallery-columns-2 gallery-size-thumbnail'><figure class='gallery-item'>\n\t\t\t<div class='gallery-icon portrait'>\n\t\t\t\t<a href='https:\/\/goias.gov.br\/policiacivil\/wp-content\/uploads\/sites\/71\/2024\/03\/whatsapp-image-2024-03-26-at-10.51.09.jpeg'><img decoding=\"async\" width=\"150\" height=\"150\" src=\"https:\/\/goias.gov.br\/policiacivil\/wp-content\/uploads\/sites\/71\/2024\/03\/whatsapp-image-2024-03-26-at-10.51.09-300x300.jpeg\" class=\"attachment-thumbnail size-thumbnail\" alt=\"Delegado-geral participa da solenidade de passagem do comando da PMGO\" \/><\/a>\n\t\t\t<\/div><\/figure><figure class='gallery-item'>\n\t\t\t<div class='gallery-icon landscape'>\n\t\t\t\t<a href='https:\/\/goias.gov.br\/policiacivil\/wp-content\/uploads\/sites\/71\/2024\/03\/whatsapp-image-2024-03-26-at-10.51.10.jpeg'><img decoding=\"async\" width=\"150\" height=\"150\" src=\"https:\/\/goias.gov.br\/policiacivil\/wp-content\/uploads\/sites\/71\/2024\/03\/whatsapp-image-2024-03-26-at-10.51.10-300x300.jpeg\" class=\"attachment-thumbnail size-thumbnail\" alt=\"Delegado-geral participa da solenidade de passagem do comando da PMGO\" \/><\/a>\n\t\t\t<\/div><\/figure><figure class='gallery-item'>\n\t\t\t<div class='gallery-icon landscape'>\n\t\t\t\t<a href='https:\/\/goias.gov.br\/policiacivil\/wp-content\/uploads\/sites\/71\/2024\/03\/whatsapp-image-2024-03-26-at-11.08.56-1.jpeg'><img decoding=\"async\" width=\"150\" height=\"150\" src=\"https:\/\/goias.gov.br\/policiacivil\/wp-content\/uploads\/sites\/71\/2024\/03\/whatsapp-image-2024-03-26-at-11.08.56-1-300x300.jpeg\" class=\"attachment-thumbnail size-thumbnail\" alt=\"Delegado-geral participa da solenidade de passagem do comando da PMGO\" \/><\/a>\n\t\t\t<\/div><\/figure><figure class='gallery-item'>\n\t\t\t<div class='gallery-icon landscape'>\n\t\t\t\t<a href='https:\/\/goias.gov.br\/policiacivil\/wp-content\/uploads\/sites\/71\/2024\/03\/whatsapp-image-2024-03-26-at-11.08.56.jpeg'><img loading=\"lazy\" decoding=\"async\" width=\"150\" height=\"150\" src=\"https:\/\/goias.gov.br\/policiacivil\/wp-content\/uploads\/sites\/71\/2024\/03\/whatsapp-image-2024-03-26-at-11.08.56-300x300.jpeg\" class=\"attachment-thumbnail size-thumbnail\" alt=\"Delegado-geral participa da solenidade de passagem do comando da PMGO\" \/><\/a>\n\t\t\t<\/div><\/figure>\n\t\t<\/div>\n\n","protected":false},"excerpt":{"rendered":"<p>O delegado-geral da Pol\u00edcia Civil de Goi\u00e1s, Andr\u00e9 Gustavo Corteze Ganga, participou, na noite dessa segunda-feira (25), da solenidade de passagem do comando da Pol\u00edcia Militar do Estado de Goi\u00e1s (PMGO). O evento foi realizado no Comando da Academia de Pol\u00edcia Militar, em Goi\u00e2nia. O coronel Andr\u00e9 Henrique Avelar de Sousa transferiu o comando-geral da [&hellip;]<\/p>\n","protected":false},"author":34,"featured_media":128530,"comment_status":"closed","ping_status":"closed","sticky":false,"template":"","format":"standard","meta":{"footnotes":""},"categories":[2538,6069],"tags":[10802,10801,8515],"class_list":["post-128516","post","type-post","status-publish","format-standard","has-post-thumbnail","hentry","category-delegacias","category-noticias-da-policia-civil","tag-novo-comandante-geral","tag-passagem","tag-pmgo"],"rttpg_featured_image_url":{"full":["https:\/\/goias.gov.br\/policiacivil\/wp-content\/uploads\/sites\/71\/2024\/03\/whatsapp-image-2024-03-26-at-10.51.09.jpeg",900,1200,false],"landscape":["https:\/\/goias.gov.br\/policiacivil\/wp-content\/uploads\/sites\/71\/2024\/03\/whatsapp-image-2024-03-26-at-10.51.09.jpeg",900,1200,false],"portraits":["https:\/\/goias.gov.br\/policiacivil\/wp-content\/uploads\/sites\/71\/2024\/03\/whatsapp-image-2024-03-26-at-10.51.09.jpeg",900,1200,false],"thumbnail":["https:\/\/goias.gov.br\/policiacivil\/wp-content\/uploads\/sites\/71\/2024\/03\/whatsapp-image-2024-03-26-at-10.51.09-300x300.jpeg",150,150,true],"medium":["https:\/\/goias.gov.br\/policiacivil\/wp-content\/uploads\/sites\/71\/2024\/03\/whatsapp-image-2024-03-26-at-10.51.09.jpeg",225,300,false],"large":["https:\/\/goias.gov.br\/policiacivil\/wp-content\/uploads\/sites\/71\/2024\/03\/whatsapp-image-2024-03-26-at-10.51.09.jpeg",768,1024,false],"1536x1536":["https:\/\/goias.gov.br\/policiacivil\/wp-content\/uploads\/sites\/71\/2024\/03\/whatsapp-image-2024-03-26-at-10.51.09.jpeg",900,1200,false],"2048x2048":["https:\/\/goias.gov.br\/policiacivil\/wp-content\/uploads\/sites\/71\/2024\/03\/whatsapp-image-2024-03-26-at-10.51.09.jpeg",900,1200,false]},"rttpg_author":{"display_name":"celsoassis","author_link":"https:\/\/goias.gov.br\/policiacivil\/author\/celsoassis\/"},"rttpg_comment":0,"rttpg_category":"<a href=\"https:\/\/goias.gov.br\/policiacivil\/categoria\/delegacias\/\" rel=\"category tag\">Delegacias<\/a> <a href=\"https:\/\/goias.gov.br\/policiacivil\/categoria\/noticias\/noticias-da-policia-civil\/\" rel=\"category tag\">Not\u00edcias da Pol\u00edcia Civil<\/a>","rttpg_excerpt":"O delegado-geral da Pol\u00edcia Civil de Goi\u00e1s, Andr\u00e9 Gustavo Corteze Ganga, participou, na noite dessa segunda-feira (25), da solenidade de passagem do comando da Pol\u00edcia Militar do Estado de Goi\u00e1s (PMGO). O evento foi realizado no Comando da Academia de Pol\u00edcia Militar, em Goi\u00e2nia. O coronel Andr\u00e9 Henrique Avelar de Sousa transferiu o comando-geral da&hellip;","_links":{"self":[{"href":"https:\/\/goias.gov.br\/policiacivil\/wp-json\/wp\/v2\/posts\/128516","targetHints":{"allow":["GET"]}}],"collection":[{"href":"https:\/\/goias.gov.br\/policiacivil\/wp-json\/wp\/v2\/posts"}],"about":[{"href":"https:\/\/goias.gov.br\/policiacivil\/wp-json\/wp\/v2\/types\/post"}],"author":[{"embeddable":true,"href":"https:\/\/goias.gov.br\/policiacivil\/wp-json\/wp\/v2\/users\/34"}],"replies":[{"embeddable":true,"href":"https:\/\/goias.gov.br\/policiacivil\/wp-json\/wp\/v2\/comments?post=128516"}],"version-history":[{"count":2,"href":"https:\/\/goias.gov.br\/policiacivil\/wp-json\/wp\/v2\/posts\/128516\/revisions"}],"predecessor-version":[{"id":128534,"href":"https:\/\/goias.gov.br\/policiacivil\/wp-json\/wp\/v2\/posts\/128516\/revisions\/128534"}],"wp:featuredmedia":[{"embeddable":true,"href":"https:\/\/goias.gov.br\/policiacivil\/wp-json\/wp\/v2\/media\/128530"}],"wp:attachment":[{"href":"https:\/\/goias.gov.br\/policiacivil\/wp-json\/wp\/v2\/media?parent=128516"}],"wp:term":[{"taxonomy":"category","embeddable":true,"href":"https:\/\/goias.gov.br\/policiacivil\/wp-json\/wp\/v2\/categories?post=128516"},{"taxonomy":"post_tag","embeddable":true,"href":"https:\/\/goias.gov.br\/policiacivil\/wp-json\/wp\/v2\/tags?post=128516"}],"curies":[{"name":"wp","href":"https:\/\/api.w.org\/{rel}","templated":true}]}}