

{"id":128391,"date":"2024-03-22T14:00:26","date_gmt":"2024-03-22T17:00:26","guid":{"rendered":" https:\/\/goias.gov.br\/policiacivil\/?p=128391"},"modified":"2024-03-22T16:52:11","modified_gmt":"2024-03-22T19:52:11","slug":"deaem-prende-em-flagrante-homem-que-agrediu-e-subtraiu-celular-da-vitima","status":"publish","type":"post","link":"https:\/\/goias.gov.br\/policiacivil\/deaem-prende-em-flagrante-homem-que-agrediu-e-subtraiu-celular-da-vitima\/","title":{"rendered":"Deaem prende em flagrante homem que agrediu v\u00edtima e subtraiu seu celular"},"content":{"rendered":"<p style=\"text-align: justify;\">A Delegacia Estadual de Atendimento Especializado \u00e0 Mulher (Deaem) efetuou, na tarde desta sexta-feira (22), a pris\u00e3o em flagrante de um homem suspeito de agredir fisicamente e amea\u00e7ar sua companheira, al\u00e9m de subtrair objetos de propriedade da v\u00edtima.<br \/>\nAo que se apurou, a v\u00edtima, de 31 anos de idade, vivia em uni\u00e3o est\u00e1vel com o autor h\u00e1 cerca de seis meses, n\u00e3o possuindo filhos em comum. No in\u00edcio da madrugada desta sexta, o casal discutiu por assuntos banais, oportunidade em que o autuado, enfurecido, passou a agredir a companheira, enforcando-a e dando chutes, socos e pux\u00f5es de cabelo, n\u00e3o sem antes amea\u00e7\u00e1-la de morte. Os fatos foram presenciados pelo filho da v\u00edtima, de 9 anos.<br \/>\nA ofendida conseguiu se desvencilhar do agressor e fugir. Ele ent\u00e3o se aproveitou da situa\u00e7\u00e3o para subtrair o aparelho celular de propriedade dela. Assim que tomou conhecimento, a equipe da Deaem localizou e prendeu o agressor na casa de sua m\u00e3e, no Residencial Alphaville, em Goi\u00e2nia.<\/p>\n","protected":false},"excerpt":{"rendered":"<p>A Delegacia Estadual de Atendimento Especializado \u00e0 Mulher (Deaem) efetuou, na tarde desta sexta-feira (22), a pris\u00e3o em flagrante de um homem suspeito de agredir fisicamente e amea\u00e7ar sua companheira, al\u00e9m de subtrair objetos de propriedade da v\u00edtima. Ao que se apurou, a v\u00edtima, de 31 anos de idade, vivia em uni\u00e3o est\u00e1vel com o [&hellip;]<\/p>\n","protected":false},"author":34,"featured_media":128392,"comment_status":"closed","ping_status":"closed","sticky":false,"template":"","format":"standard","meta":{"footnotes":""},"categories":[2538,92,6069],"tags":[10268,1335],"class_list":["post-128391","post","type-post","status-publish","format-standard","has-post-thumbnail","hentry","category-delegacias","category-especializadas","category-noticias-da-policia-civil","tag-deaem","tag-goiania"],"rttpg_featured_image_url":{"full":["https:\/\/goias.gov.br\/policiacivil\/wp-content\/uploads\/sites\/71\/2024\/03\/whatsapp-image-2024-03-22-at-16.50.19.jpeg",933,1200,false],"landscape":["https:\/\/goias.gov.br\/policiacivil\/wp-content\/uploads\/sites\/71\/2024\/03\/whatsapp-image-2024-03-22-at-16.50.19.jpeg",933,1200,false],"portraits":["https:\/\/goias.gov.br\/policiacivil\/wp-content\/uploads\/sites\/71\/2024\/03\/whatsapp-image-2024-03-22-at-16.50.19.jpeg",933,1200,false],"thumbnail":["https:\/\/goias.gov.br\/policiacivil\/wp-content\/uploads\/sites\/71\/2024\/03\/whatsapp-image-2024-03-22-at-16.50.19-300x300.jpeg",150,150,true],"medium":["https:\/\/goias.gov.br\/policiacivil\/wp-content\/uploads\/sites\/71\/2024\/03\/whatsapp-image-2024-03-22-at-16.50.19.jpeg",233,300,false],"large":["https:\/\/goias.gov.br\/policiacivil\/wp-content\/uploads\/sites\/71\/2024\/03\/whatsapp-image-2024-03-22-at-16.50.19.jpeg",796,1024,false],"1536x1536":["https:\/\/goias.gov.br\/policiacivil\/wp-content\/uploads\/sites\/71\/2024\/03\/whatsapp-image-2024-03-22-at-16.50.19.jpeg",933,1200,false],"2048x2048":["https:\/\/goias.gov.br\/policiacivil\/wp-content\/uploads\/sites\/71\/2024\/03\/whatsapp-image-2024-03-22-at-16.50.19.jpeg",933,1200,false]},"rttpg_author":{"display_name":"celsoassis","author_link":"https:\/\/goias.gov.br\/policiacivil\/author\/celsoassis\/"},"rttpg_comment":0,"rttpg_category":"<a href=\"https:\/\/goias.gov.br\/policiacivil\/categoria\/delegacias\/\" rel=\"category tag\">Delegacias<\/a> <a href=\"https:\/\/goias.gov.br\/policiacivil\/categoria\/delegacias\/especializadas\/\" rel=\"category tag\">Especializadas<\/a> <a href=\"https:\/\/goias.gov.br\/policiacivil\/categoria\/noticias\/noticias-da-policia-civil\/\" rel=\"category tag\">Not\u00edcias da Pol\u00edcia Civil<\/a>","rttpg_excerpt":"A Delegacia Estadual de Atendimento Especializado \u00e0 Mulher (Deaem) efetuou, na tarde desta sexta-feira (22), a pris\u00e3o em flagrante de um homem suspeito de agredir fisicamente e amea\u00e7ar sua companheira, al\u00e9m de subtrair objetos de propriedade da v\u00edtima. Ao que se apurou, a v\u00edtima, de 31 anos de idade, vivia em uni\u00e3o est\u00e1vel com o&hellip;","_links":{"self":[{"href":"https:\/\/goias.gov.br\/policiacivil\/wp-json\/wp\/v2\/posts\/128391","targetHints":{"allow":["GET"]}}],"collection":[{"href":"https:\/\/goias.gov.br\/policiacivil\/wp-json\/wp\/v2\/posts"}],"about":[{"href":"https:\/\/goias.gov.br\/policiacivil\/wp-json\/wp\/v2\/types\/post"}],"author":[{"embeddable":true,"href":"https:\/\/goias.gov.br\/policiacivil\/wp-json\/wp\/v2\/users\/34"}],"replies":[{"embeddable":true,"href":"https:\/\/goias.gov.br\/policiacivil\/wp-json\/wp\/v2\/comments?post=128391"}],"version-history":[{"count":2,"href":"https:\/\/goias.gov.br\/policiacivil\/wp-json\/wp\/v2\/posts\/128391\/revisions"}],"predecessor-version":[{"id":128394,"href":"https:\/\/goias.gov.br\/policiacivil\/wp-json\/wp\/v2\/posts\/128391\/revisions\/128394"}],"wp:featuredmedia":[{"embeddable":true,"href":"https:\/\/goias.gov.br\/policiacivil\/wp-json\/wp\/v2\/media\/128392"}],"wp:attachment":[{"href":"https:\/\/goias.gov.br\/policiacivil\/wp-json\/wp\/v2\/media?parent=128391"}],"wp:term":[{"taxonomy":"category","embeddable":true,"href":"https:\/\/goias.gov.br\/policiacivil\/wp-json\/wp\/v2\/categories?post=128391"},{"taxonomy":"post_tag","embeddable":true,"href":"https:\/\/goias.gov.br\/policiacivil\/wp-json\/wp\/v2\/tags?post=128391"}],"curies":[{"name":"wp","href":"https:\/\/api.w.org\/{rel}","templated":true}]}}