

{"id":128351,"date":"2024-03-22T12:12:33","date_gmt":"2024-03-22T15:12:33","guid":{"rendered":" https:\/\/goias.gov.br\/policiacivil\/?p=128351"},"modified":"2024-03-22T12:12:33","modified_gmt":"2024-03-22T15:12:33","slug":"irmaos-sao-presos-por-homicidio-em-aparecida-de-goiania","status":"publish","type":"post","link":"https:\/\/goias.gov.br\/policiacivil\/irmaos-sao-presos-por-homicidio-em-aparecida-de-goiania\/","title":{"rendered":"Irm\u00e3os s\u00e3o presos por homic\u00eddio, em Aparecida de Goi\u00e2nia"},"content":{"rendered":"<p style=\"text-align: justify;\"><span style=\"font-weight: 400;\">A Pol\u00edcia Civil de Goi\u00e1s, por meio do Grupo de Investiga\u00e7\u00e3o de Homic\u00eddios de Aparecida de Goi\u00e2nia &#8211; 2\u00aa DRP, deu cumprimento a dois mandados de pris\u00e3o tempor\u00e1ria, nesta quinta-feira (21),\u00a0 expedidos pela 2\u00aa Vara de Crimes Dolosos Contra a Vida de Aparecida de Goi\u00e2nia em desfavor um homem e de sua irm\u00e3, suspeitos da pr\u00e1tica\u00a0 do crime de homic\u00eddio ocorrido em 2018, neste munic\u00edpio.<\/span><\/p>\n<p style=\"text-align: justify;\"><span style=\"font-weight: 400;\">Os elementos colhidos no inqu\u00e9rito d\u00e3o conta de que os investigados agiram em conluio para atrair a v\u00edtima, amiga da investigada, para uma emboscada que resultou em sua morte.<\/span><\/p>\n<p style=\"text-align: justify;\"><span style=\"font-weight: 400;\">Na oportunidade, tamb\u00e9m foram expedidos mandados de busca e apreens\u00e3o para as resid\u00eancias dos investigados, que resultaram na colheita de elementos que contribuir\u00e3o para a elucida\u00e7\u00e3o do caso.<\/span><\/p>\n<p style=\"text-align: justify;\">\n","protected":false},"excerpt":{"rendered":"<p>A Pol\u00edcia Civil de Goi\u00e1s, por meio do Grupo de Investiga\u00e7\u00e3o de Homic\u00eddios de Aparecida de Goi\u00e2nia &#8211; 2\u00aa DRP, deu cumprimento a dois mandados de pris\u00e3o tempor\u00e1ria, nesta quinta-feira (21),\u00a0 expedidos pela 2\u00aa Vara de Crimes Dolosos Contra a Vida de Aparecida de Goi\u00e2nia em desfavor um homem e de sua irm\u00e3, suspeitos da [&hellip;]<\/p>\n","protected":false},"author":42,"featured_media":125830,"comment_status":"closed","ping_status":"closed","sticky":false,"template":"","format":"standard","meta":{"footnotes":""},"categories":[3189,2538,89,537],"tags":[234,1291],"class_list":["post-128351","post","type-post","status-publish","format-standard","has-post-thumbnail","hentry","category-2a-regional","category-delegacias","category-regionais","category-ultimo-segundo","tag-aparecida-de-goiania","tag-gih"],"rttpg_featured_image_url":{"full":["https:\/\/goias.gov.br\/policiacivil\/wp-content\/uploads\/sites\/71\/2024\/01\/whatsapp-image-2024-01-24-at-11.01.03.jpeg",1200,900,false],"landscape":["https:\/\/goias.gov.br\/policiacivil\/wp-content\/uploads\/sites\/71\/2024\/01\/whatsapp-image-2024-01-24-at-11.01.03.jpeg",1200,900,false],"portraits":["https:\/\/goias.gov.br\/policiacivil\/wp-content\/uploads\/sites\/71\/2024\/01\/whatsapp-image-2024-01-24-at-11.01.03.jpeg",1200,900,false],"thumbnail":["https:\/\/goias.gov.br\/policiacivil\/wp-content\/uploads\/sites\/71\/2024\/01\/whatsapp-image-2024-01-24-at-11.01.03-300x300.jpeg",150,150,true],"medium":["https:\/\/goias.gov.br\/policiacivil\/wp-content\/uploads\/sites\/71\/2024\/01\/whatsapp-image-2024-01-24-at-11.01.03.jpeg",300,225,false],"large":["https:\/\/goias.gov.br\/policiacivil\/wp-content\/uploads\/sites\/71\/2024\/01\/whatsapp-image-2024-01-24-at-11.01.03.jpeg",1024,768,false],"1536x1536":["https:\/\/goias.gov.br\/policiacivil\/wp-content\/uploads\/sites\/71\/2024\/01\/whatsapp-image-2024-01-24-at-11.01.03.jpeg",1200,900,false],"2048x2048":["https:\/\/goias.gov.br\/policiacivil\/wp-content\/uploads\/sites\/71\/2024\/01\/whatsapp-image-2024-01-24-at-11.01.03.jpeg",1200,900,false]},"rttpg_author":{"display_name":"carolinalima","author_link":"https:\/\/goias.gov.br\/policiacivil\/author\/carolinalima\/"},"rttpg_comment":0,"rttpg_category":"<a href=\"https:\/\/goias.gov.br\/policiacivil\/categoria\/drp\/2a-regional\/\" rel=\"category tag\">2\u00aa Regional<\/a> <a href=\"https:\/\/goias.gov.br\/policiacivil\/categoria\/delegacias\/\" rel=\"category tag\">Delegacias<\/a> <a href=\"https:\/\/goias.gov.br\/policiacivil\/categoria\/delegacias\/regionais\/\" rel=\"category tag\">Regionais<\/a> <a href=\"https:\/\/goias.gov.br\/policiacivil\/categoria\/ultimo-segundo\/\" rel=\"category tag\">\u00daltimo Segundo<\/a>","rttpg_excerpt":"A Pol\u00edcia Civil de Goi\u00e1s, por meio do Grupo de Investiga\u00e7\u00e3o de Homic\u00eddios de Aparecida de Goi\u00e2nia &#8211; 2\u00aa DRP, deu cumprimento a dois mandados de pris\u00e3o tempor\u00e1ria, nesta quinta-feira (21),\u00a0 expedidos pela 2\u00aa Vara de Crimes Dolosos Contra a Vida de Aparecida de Goi\u00e2nia em desfavor um homem e de sua irm\u00e3, suspeitos da&hellip;","_links":{"self":[{"href":"https:\/\/goias.gov.br\/policiacivil\/wp-json\/wp\/v2\/posts\/128351","targetHints":{"allow":["GET"]}}],"collection":[{"href":"https:\/\/goias.gov.br\/policiacivil\/wp-json\/wp\/v2\/posts"}],"about":[{"href":"https:\/\/goias.gov.br\/policiacivil\/wp-json\/wp\/v2\/types\/post"}],"author":[{"embeddable":true,"href":"https:\/\/goias.gov.br\/policiacivil\/wp-json\/wp\/v2\/users\/42"}],"replies":[{"embeddable":true,"href":"https:\/\/goias.gov.br\/policiacivil\/wp-json\/wp\/v2\/comments?post=128351"}],"version-history":[{"count":1,"href":"https:\/\/goias.gov.br\/policiacivil\/wp-json\/wp\/v2\/posts\/128351\/revisions"}],"predecessor-version":[{"id":128352,"href":"https:\/\/goias.gov.br\/policiacivil\/wp-json\/wp\/v2\/posts\/128351\/revisions\/128352"}],"wp:featuredmedia":[{"embeddable":true,"href":"https:\/\/goias.gov.br\/policiacivil\/wp-json\/wp\/v2\/media\/125830"}],"wp:attachment":[{"href":"https:\/\/goias.gov.br\/policiacivil\/wp-json\/wp\/v2\/media?parent=128351"}],"wp:term":[{"taxonomy":"category","embeddable":true,"href":"https:\/\/goias.gov.br\/policiacivil\/wp-json\/wp\/v2\/categories?post=128351"},{"taxonomy":"post_tag","embeddable":true,"href":"https:\/\/goias.gov.br\/policiacivil\/wp-json\/wp\/v2\/tags?post=128351"}],"curies":[{"name":"wp","href":"https:\/\/api.w.org\/{rel}","templated":true}]}}