

{"id":127763,"date":"2024-03-07T12:03:10","date_gmt":"2024-03-07T15:03:10","guid":{"rendered":" https:\/\/goias.gov.br\/policiacivil\/?p=127763"},"modified":"2024-03-07T12:03:10","modified_gmt":"2024-03-07T15:03:10","slug":"homem-e-preso-em-flagrante-por-furto-de-energia-eletrica-em-aparecida","status":"publish","type":"post","link":"https:\/\/goias.gov.br\/policiacivil\/homem-e-preso-em-flagrante-por-furto-de-energia-eletrica-em-aparecida\/","title":{"rendered":"Homem \u00e9 preso, em flagrante, por furto de energia el\u00e9trica, em Aparecida"},"content":{"rendered":"<p style=\"text-align: justify;\">A Pol\u00edcia Civil de Goi\u00e1s, por meio da 1\u00b0 Delegacia de Pol\u00edcia de Aparecida de Goi\u00e2nia &#8211; 2\u00aa DRP, lavrou auto de pris\u00e3o em flagrante delito pelo crime de furto de eletricidade, nesta quarta-feira (6). Ap\u00f3s ser comunicada do fato, a equipe policial compareceu ao local de crime e, constatado o furto ap\u00f3s per\u00edcia da Superintend\u00eancia da Pol\u00edcia T\u00e9cnica Cient\u00edfica e a Fiscaliza\u00e7\u00e3o da Equatorial, o investigado foi preso e conduzido \u00e0 delegacia.<\/p>\n<p>&nbsp;<\/p>\n","protected":false},"excerpt":{"rendered":"<p>A Pol\u00edcia Civil de Goi\u00e1s, por meio da 1\u00b0 Delegacia de Pol\u00edcia de Aparecida de Goi\u00e2nia &#8211; 2\u00aa DRP, lavrou auto de pris\u00e3o em flagrante delito pelo crime de furto de eletricidade, nesta quarta-feira (6). Ap\u00f3s ser comunicada do fato, a equipe policial compareceu ao local de crime e, constatado o furto ap\u00f3s per\u00edcia da [&hellip;]<\/p>\n","protected":false},"author":42,"featured_media":127765,"comment_status":"closed","ping_status":"closed","sticky":false,"template":"","format":"standard","meta":{"footnotes":""},"categories":[3189,2538,89,537],"tags":[2018,234],"class_list":["post-127763","post","type-post","status-publish","format-standard","has-post-thumbnail","hentry","category-2a-regional","category-delegacias","category-regionais","category-ultimo-segundo","tag-2a-drp","tag-aparecida-de-goiania"],"rttpg_featured_image_url":{"full":["https:\/\/goias.gov.br\/policiacivil\/wp-content\/uploads\/sites\/71\/2024\/03\/site-pcgo-9.png",1200,675,false],"landscape":["https:\/\/goias.gov.br\/policiacivil\/wp-content\/uploads\/sites\/71\/2024\/03\/site-pcgo-9.png",1200,675,false],"portraits":["https:\/\/goias.gov.br\/policiacivil\/wp-content\/uploads\/sites\/71\/2024\/03\/site-pcgo-9.png",1200,675,false],"thumbnail":["https:\/\/goias.gov.br\/policiacivil\/wp-content\/uploads\/sites\/71\/2024\/03\/site-pcgo-9-300x300.png",150,150,true],"medium":["https:\/\/goias.gov.br\/policiacivil\/wp-content\/uploads\/sites\/71\/2024\/03\/site-pcgo-9.png",300,169,false],"large":["https:\/\/goias.gov.br\/policiacivil\/wp-content\/uploads\/sites\/71\/2024\/03\/site-pcgo-9.png",1024,576,false],"1536x1536":["https:\/\/goias.gov.br\/policiacivil\/wp-content\/uploads\/sites\/71\/2024\/03\/site-pcgo-9.png",1200,675,false],"2048x2048":["https:\/\/goias.gov.br\/policiacivil\/wp-content\/uploads\/sites\/71\/2024\/03\/site-pcgo-9.png",1200,675,false]},"rttpg_author":{"display_name":"carolinalima","author_link":"https:\/\/goias.gov.br\/policiacivil\/author\/carolinalima\/"},"rttpg_comment":0,"rttpg_category":"<a href=\"https:\/\/goias.gov.br\/policiacivil\/categoria\/drp\/2a-regional\/\" rel=\"category tag\">2\u00aa Regional<\/a> <a href=\"https:\/\/goias.gov.br\/policiacivil\/categoria\/delegacias\/\" rel=\"category tag\">Delegacias<\/a> <a href=\"https:\/\/goias.gov.br\/policiacivil\/categoria\/delegacias\/regionais\/\" rel=\"category tag\">Regionais<\/a> <a href=\"https:\/\/goias.gov.br\/policiacivil\/categoria\/ultimo-segundo\/\" rel=\"category tag\">\u00daltimo Segundo<\/a>","rttpg_excerpt":"A Pol\u00edcia Civil de Goi\u00e1s, por meio da 1\u00b0 Delegacia de Pol\u00edcia de Aparecida de Goi\u00e2nia &#8211; 2\u00aa DRP, lavrou auto de pris\u00e3o em flagrante delito pelo crime de furto de eletricidade, nesta quarta-feira (6). Ap\u00f3s ser comunicada do fato, a equipe policial compareceu ao local de crime e, constatado o furto ap\u00f3s per\u00edcia da&hellip;","_links":{"self":[{"href":"https:\/\/goias.gov.br\/policiacivil\/wp-json\/wp\/v2\/posts\/127763","targetHints":{"allow":["GET"]}}],"collection":[{"href":"https:\/\/goias.gov.br\/policiacivil\/wp-json\/wp\/v2\/posts"}],"about":[{"href":"https:\/\/goias.gov.br\/policiacivil\/wp-json\/wp\/v2\/types\/post"}],"author":[{"embeddable":true,"href":"https:\/\/goias.gov.br\/policiacivil\/wp-json\/wp\/v2\/users\/42"}],"replies":[{"embeddable":true,"href":"https:\/\/goias.gov.br\/policiacivil\/wp-json\/wp\/v2\/comments?post=127763"}],"version-history":[{"count":2,"href":"https:\/\/goias.gov.br\/policiacivil\/wp-json\/wp\/v2\/posts\/127763\/revisions"}],"predecessor-version":[{"id":127766,"href":"https:\/\/goias.gov.br\/policiacivil\/wp-json\/wp\/v2\/posts\/127763\/revisions\/127766"}],"wp:featuredmedia":[{"embeddable":true,"href":"https:\/\/goias.gov.br\/policiacivil\/wp-json\/wp\/v2\/media\/127765"}],"wp:attachment":[{"href":"https:\/\/goias.gov.br\/policiacivil\/wp-json\/wp\/v2\/media?parent=127763"}],"wp:term":[{"taxonomy":"category","embeddable":true,"href":"https:\/\/goias.gov.br\/policiacivil\/wp-json\/wp\/v2\/categories?post=127763"},{"taxonomy":"post_tag","embeddable":true,"href":"https:\/\/goias.gov.br\/policiacivil\/wp-json\/wp\/v2\/tags?post=127763"}],"curies":[{"name":"wp","href":"https:\/\/api.w.org\/{rel}","templated":true}]}}