

{"id":126749,"date":"2024-02-16T13:35:29","date_gmt":"2024-02-16T16:35:29","guid":{"rendered":" https:\/\/goias.gov.br\/policiacivil\/?p=126749"},"modified":"2024-02-16T13:35:29","modified_gmt":"2024-02-16T16:35:29","slug":"investigado-pela-pcgo-e-preso-na-espanha","status":"publish","type":"post","link":"https:\/\/goias.gov.br\/policiacivil\/investigado-pela-pcgo-e-preso-na-espanha\/","title":{"rendered":"Investigado pela PCGO \u00e9 preso na Espanha"},"content":{"rendered":"<p style=\"text-align: justify;\">Ap\u00f3s trabalho investigado da Pol\u00edcia Civil de Goi\u00e1s, por meio do Grupo Especial de Investiga\u00e7\u00e3o Criminal de Catal\u00e3o &#8211; 9\u00aa DRP, autoridades espanholas, em conjunto com a Interpol\/Uni\u00e3o Europeia, desencadearam a &#8220;Opera\u00e7\u00e3o Gran Jefe&#8221; e prenderam um investigado, de 35 anos , indiciado por crimes graves na Comarca de Catal\u00e3o.<\/p>\n<p style=\"text-align: justify;\">O suspeito &#8211; cujo nome n\u00e3o ser\u00e1 divulgado de acordo com a legisla\u00e7\u00e3o brasileira e espanhola e por conveni\u00eancia das investiga\u00e7\u00f5es -, ap\u00f3s cauteloso e minucioso trabalho investigativo e com uso de ferramentas t\u00edpicas de intelig\u00eancia de pol\u00edcia judici\u00e1ria, foi indiciado pela PCGO por suposta pr\u00e1tica dos seguintes crimes: dois homic\u00eddios consumados, tendo atuado como mandante destes (o primeiro na data de 14 de mar\u00e7o de 2022, no Bairro Nossa Senhora de F\u00e1tima, e o segundo em 6 de maio de 2023, no Bairro Castelo Branco), Associa\u00e7\u00e3o Para o Tr\u00e1fico de Drogas, Tr\u00e1fico de Drogas, Pertencimento a Organiza\u00e7\u00e3o Criminosa e Tr\u00e1fico Internacional de Pessoas, delitos esses supostamente praticados em Catal\u00e3o e constantes de inqu\u00e9ritos policiais instaurados pelo Geic.<\/p>\n<p style=\"text-align: justify;\">Ap\u00f3s a obten\u00e7\u00e3o das medidas cautelares, mediante representa\u00e7\u00e3o da PCGO, houve a r\u00e1pida atua\u00e7\u00e3o das autoridades, tanto brasileiras quanto espanholas, o que assegurou a deten\u00e7\u00e3o do indiv\u00edduo sem incidentes na cidade de La Seu d&#8217;Urgell, situada no leste da Espanha. Conforme previsto na legisla\u00e7\u00e3o, o indiciado ser\u00e1 submetido a procedimentos legais na Espanha e poder\u00e1 enfrentar extradi\u00e7\u00e3o para o Brasil para responder, preso, aos processos criminais perante a Justi\u00e7a Brasileira.<\/p>\n<p style=\"text-align: justify;\">A PCGO expressa o profissionalismo do Minist\u00e9rio P\u00fablico e do Poder Judici\u00e1rio do Estado de Goi\u00e1s pela colabora\u00e7\u00e3o e apoio cont\u00ednuo, evidenciando o compromisso incans\u00e1vel das autoridades policiais e judici\u00e1rias em garantir a justi\u00e7a e a seguran\u00e7a da comunidade. Ressalte-se ainda a import\u00e2ncia da coopera\u00e7\u00e3o internacional em mat\u00e9ria criminal e a agilidade e coordena\u00e7\u00e3o eficaz das autoridades espanholas e da Interpol\/UE nessa opera\u00e7\u00e3o.<\/p>\n","protected":false},"excerpt":{"rendered":"<p>Ap\u00f3s trabalho investigado da Pol\u00edcia Civil de Goi\u00e1s, por meio do Grupo Especial de Investiga\u00e7\u00e3o Criminal de Catal\u00e3o &#8211; 9\u00aa DRP, autoridades espanholas, em conjunto com a Interpol\/Uni\u00e3o Europeia, desencadearam a &#8220;Opera\u00e7\u00e3o Gran Jefe&#8221; e prenderam um investigado, de 35 anos , indiciado por crimes graves na Comarca de Catal\u00e3o. O suspeito &#8211; cujo nome [&hellip;]<\/p>\n","protected":false},"author":42,"featured_media":124399,"comment_status":"closed","ping_status":"closed","sticky":false,"template":"","format":"standard","meta":{"footnotes":""},"categories":[3196,2538,6069,89],"tags":[2542,99],"class_list":["post-126749","post","type-post","status-publish","format-standard","has-post-thumbnail","hentry","category-9a-regional","category-delegacias","category-noticias-da-policia-civil","category-regionais","tag-9a-drp","tag-catalao"],"rttpg_featured_image_url":{"full":["https:\/\/goias.gov.br\/policiacivil\/wp-content\/uploads\/sites\/71\/2023\/12\/design-sem-nome-41.png",1200,630,false],"landscape":["https:\/\/goias.gov.br\/policiacivil\/wp-content\/uploads\/sites\/71\/2023\/12\/design-sem-nome-41.png",1200,630,false],"portraits":["https:\/\/goias.gov.br\/policiacivil\/wp-content\/uploads\/sites\/71\/2023\/12\/design-sem-nome-41.png",1200,630,false],"thumbnail":["https:\/\/goias.gov.br\/policiacivil\/wp-content\/uploads\/sites\/71\/2023\/12\/design-sem-nome-41-300x300.png",150,150,true],"medium":["https:\/\/goias.gov.br\/policiacivil\/wp-content\/uploads\/sites\/71\/2023\/12\/design-sem-nome-41.png",300,158,false],"large":["https:\/\/goias.gov.br\/policiacivil\/wp-content\/uploads\/sites\/71\/2023\/12\/design-sem-nome-41.png",1024,538,false],"1536x1536":["https:\/\/goias.gov.br\/policiacivil\/wp-content\/uploads\/sites\/71\/2023\/12\/design-sem-nome-41.png",1200,630,false],"2048x2048":["https:\/\/goias.gov.br\/policiacivil\/wp-content\/uploads\/sites\/71\/2023\/12\/design-sem-nome-41.png",1200,630,false]},"rttpg_author":{"display_name":"carolinalima","author_link":"https:\/\/goias.gov.br\/policiacivil\/author\/carolinalima\/"},"rttpg_comment":0,"rttpg_category":"<a href=\"https:\/\/goias.gov.br\/policiacivil\/categoria\/drp\/9a-regional\/\" rel=\"category tag\">9\u00aa Regional<\/a> <a href=\"https:\/\/goias.gov.br\/policiacivil\/categoria\/delegacias\/\" rel=\"category tag\">Delegacias<\/a> <a href=\"https:\/\/goias.gov.br\/policiacivil\/categoria\/noticias\/noticias-da-policia-civil\/\" rel=\"category tag\">Not\u00edcias da Pol\u00edcia Civil<\/a> <a href=\"https:\/\/goias.gov.br\/policiacivil\/categoria\/delegacias\/regionais\/\" rel=\"category tag\">Regionais<\/a>","rttpg_excerpt":"Ap\u00f3s trabalho investigado da Pol\u00edcia Civil de Goi\u00e1s, por meio do Grupo Especial de Investiga\u00e7\u00e3o Criminal de Catal\u00e3o &#8211; 9\u00aa DRP, autoridades espanholas, em conjunto com a Interpol\/Uni\u00e3o Europeia, desencadearam a &#8220;Opera\u00e7\u00e3o Gran Jefe&#8221; e prenderam um investigado, de 35 anos , indiciado por crimes graves na Comarca de Catal\u00e3o. O suspeito &#8211; cujo nome&hellip;","_links":{"self":[{"href":"https:\/\/goias.gov.br\/policiacivil\/wp-json\/wp\/v2\/posts\/126749","targetHints":{"allow":["GET"]}}],"collection":[{"href":"https:\/\/goias.gov.br\/policiacivil\/wp-json\/wp\/v2\/posts"}],"about":[{"href":"https:\/\/goias.gov.br\/policiacivil\/wp-json\/wp\/v2\/types\/post"}],"author":[{"embeddable":true,"href":"https:\/\/goias.gov.br\/policiacivil\/wp-json\/wp\/v2\/users\/42"}],"replies":[{"embeddable":true,"href":"https:\/\/goias.gov.br\/policiacivil\/wp-json\/wp\/v2\/comments?post=126749"}],"version-history":[{"count":1,"href":"https:\/\/goias.gov.br\/policiacivil\/wp-json\/wp\/v2\/posts\/126749\/revisions"}],"predecessor-version":[{"id":126750,"href":"https:\/\/goias.gov.br\/policiacivil\/wp-json\/wp\/v2\/posts\/126749\/revisions\/126750"}],"wp:featuredmedia":[{"embeddable":true,"href":"https:\/\/goias.gov.br\/policiacivil\/wp-json\/wp\/v2\/media\/124399"}],"wp:attachment":[{"href":"https:\/\/goias.gov.br\/policiacivil\/wp-json\/wp\/v2\/media?parent=126749"}],"wp:term":[{"taxonomy":"category","embeddable":true,"href":"https:\/\/goias.gov.br\/policiacivil\/wp-json\/wp\/v2\/categories?post=126749"},{"taxonomy":"post_tag","embeddable":true,"href":"https:\/\/goias.gov.br\/policiacivil\/wp-json\/wp\/v2\/tags?post=126749"}],"curies":[{"name":"wp","href":"https:\/\/api.w.org\/{rel}","templated":true}]}}