

{"id":126711,"date":"2024-02-16T10:22:55","date_gmt":"2024-02-16T13:22:55","guid":{"rendered":" https:\/\/goias.gov.br\/policiacivil\/?p=126711"},"modified":"2024-02-16T10:22:55","modified_gmt":"2024-02-16T13:22:55","slug":"pcgo-promove-expansao-do-programa-rg-para-todos","status":"publish","type":"post","link":"https:\/\/goias.gov.br\/policiacivil\/pcgo-promove-expansao-do-programa-rg-para-todos\/","title":{"rendered":"PCGO promove expans\u00e3o do programa RG Para Todos"},"content":{"rendered":"<p style=\"text-align: justify;\">A Pol\u00edcia Civil de Goi\u00e1s, por meio da 15\u00aa Delegacia Regional de Goian\u00e9sia, promoveu o lan\u00e7amento e expans\u00e3o do Programa \u201cRG Para Todos\u201d no Distrito de Assun\u00e7\u00e3o de Goi\u00e1s, nesta quinta-feira (15). O objetivo \u00e9 garantir aos cidad\u00e3os do munic\u00edpio acesso ao RG Nacional de forma facilitada, sem a necessidade de se deslocar para outras cidades. O programa \u00e9 uma iniciativa da PCGO, coordenado pela Superintend\u00eancia de Identifica\u00e7\u00e3o Humana, e desenvolvido em parceria com a Prefeitura de Vila Prop\u00edcio.<\/p>\n<div id='gallery-1' class='gallery galleryid-126711 gallery-columns-3 gallery-size-thumbnail'><figure class='gallery-item'>\n\t\t\t<div class='gallery-icon portrait'>\n\t\t\t\t<a href='https:\/\/goias.gov.br\/policiacivil\/pcgo-promove-expansao-do-programa-rg-para-todos\/whatsapp-image-2024-02-16-at-10-14-48-1\/'><img decoding=\"async\" width=\"150\" height=\"150\" src=\"https:\/\/goias.gov.br\/policiacivil\/wp-content\/uploads\/sites\/71\/2024\/02\/whatsapp-image-2024-02-16-at-10.14.48-1-300x300.jpeg\" class=\"attachment-thumbnail size-thumbnail\" alt=\"PCGO promove expans\u00e3o do programa RG Para Todos\" \/><\/a>\n\t\t\t<\/div><\/figure><figure class='gallery-item'>\n\t\t\t<div class='gallery-icon landscape'>\n\t\t\t\t<a href='https:\/\/goias.gov.br\/policiacivil\/pcgo-promove-expansao-do-programa-rg-para-todos\/whatsapp-image-2024-02-16-at-10-14-48\/'><img decoding=\"async\" width=\"150\" height=\"150\" src=\"https:\/\/goias.gov.br\/policiacivil\/wp-content\/uploads\/sites\/71\/2024\/02\/whatsapp-image-2024-02-16-at-10.14.48-300x300.jpeg\" class=\"attachment-thumbnail size-thumbnail\" alt=\"PCGO promove expans\u00e3o do programa RG Para Todos\" \/><\/a>\n\t\t\t<\/div><\/figure><figure class='gallery-item'>\n\t\t\t<div class='gallery-icon portrait'>\n\t\t\t\t<a href='https:\/\/goias.gov.br\/policiacivil\/pcgo-promove-expansao-do-programa-rg-para-todos\/whatsapp-image-2024-02-16-at-10-14-47\/'><img decoding=\"async\" width=\"150\" height=\"150\" src=\"https:\/\/goias.gov.br\/policiacivil\/wp-content\/uploads\/sites\/71\/2024\/02\/whatsapp-image-2024-02-16-at-10.14.47-300x300.jpeg\" class=\"attachment-thumbnail size-thumbnail\" alt=\"PCGO promove expans\u00e3o do programa RG Para Todos\" \/><\/a>\n\t\t\t<\/div><\/figure><figure class='gallery-item'>\n\t\t\t<div class='gallery-icon landscape'>\n\t\t\t\t<a href='https:\/\/goias.gov.br\/policiacivil\/pcgo-promove-expansao-do-programa-rg-para-todos\/whatsapp-image-2024-02-16-at-10-14-46\/'><img loading=\"lazy\" decoding=\"async\" width=\"150\" height=\"150\" src=\"https:\/\/goias.gov.br\/policiacivil\/wp-content\/uploads\/sites\/71\/2024\/02\/whatsapp-image-2024-02-16-at-10.14.46-300x300.jpeg\" class=\"attachment-thumbnail size-thumbnail\" alt=\"PCGO promove expans\u00e3o do programa RG Para Todos\" \/><\/a>\n\t\t\t<\/div><\/figure>\n\t\t<\/div>\n\n","protected":false},"excerpt":{"rendered":"<p>A Pol\u00edcia Civil de Goi\u00e1s, por meio da 15\u00aa Delegacia Regional de Goian\u00e9sia, promoveu o lan\u00e7amento e expans\u00e3o do Programa \u201cRG Para Todos\u201d no Distrito de Assun\u00e7\u00e3o de Goi\u00e1s, nesta quinta-feira (15). O objetivo \u00e9 garantir aos cidad\u00e3os do munic\u00edpio acesso ao RG Nacional de forma facilitada, sem a necessidade de se deslocar para outras [&hellip;]<\/p>\n","protected":false},"author":42,"featured_media":126714,"comment_status":"closed","ping_status":"closed","sticky":false,"template":"","format":"standard","meta":{"footnotes":""},"categories":[3202,2538,89,537],"tags":[2843,230],"class_list":["post-126711","post","type-post","status-publish","format-standard","has-post-thumbnail","hentry","category-15a-regional","category-delegacias","category-regionais","category-ultimo-segundo","tag-15a-drp","tag-goianesia"],"rttpg_featured_image_url":{"full":["https:\/\/goias.gov.br\/policiacivil\/wp-content\/uploads\/sites\/71\/2024\/02\/whatsapp-image-2024-02-16-at-10.14.47.jpeg",1174,1200,false],"landscape":["https:\/\/goias.gov.br\/policiacivil\/wp-content\/uploads\/sites\/71\/2024\/02\/whatsapp-image-2024-02-16-at-10.14.47.jpeg",1174,1200,false],"portraits":["https:\/\/goias.gov.br\/policiacivil\/wp-content\/uploads\/sites\/71\/2024\/02\/whatsapp-image-2024-02-16-at-10.14.47.jpeg",1174,1200,false],"thumbnail":["https:\/\/goias.gov.br\/policiacivil\/wp-content\/uploads\/sites\/71\/2024\/02\/whatsapp-image-2024-02-16-at-10.14.47-300x300.jpeg",150,150,true],"medium":["https:\/\/goias.gov.br\/policiacivil\/wp-content\/uploads\/sites\/71\/2024\/02\/whatsapp-image-2024-02-16-at-10.14.47.jpeg",294,300,false],"large":["https:\/\/goias.gov.br\/policiacivil\/wp-content\/uploads\/sites\/71\/2024\/02\/whatsapp-image-2024-02-16-at-10.14.47.jpeg",1002,1024,false],"1536x1536":["https:\/\/goias.gov.br\/policiacivil\/wp-content\/uploads\/sites\/71\/2024\/02\/whatsapp-image-2024-02-16-at-10.14.47.jpeg",1174,1200,false],"2048x2048":["https:\/\/goias.gov.br\/policiacivil\/wp-content\/uploads\/sites\/71\/2024\/02\/whatsapp-image-2024-02-16-at-10.14.47.jpeg",1174,1200,false]},"rttpg_author":{"display_name":"carolinalima","author_link":"https:\/\/goias.gov.br\/policiacivil\/author\/carolinalima\/"},"rttpg_comment":0,"rttpg_category":"<a href=\"https:\/\/goias.gov.br\/policiacivil\/categoria\/drp\/15a-regional\/\" rel=\"category tag\">15\u00aa Regional<\/a> <a href=\"https:\/\/goias.gov.br\/policiacivil\/categoria\/delegacias\/\" rel=\"category tag\">Delegacias<\/a> <a href=\"https:\/\/goias.gov.br\/policiacivil\/categoria\/delegacias\/regionais\/\" rel=\"category tag\">Regionais<\/a> <a href=\"https:\/\/goias.gov.br\/policiacivil\/categoria\/ultimo-segundo\/\" rel=\"category tag\">\u00daltimo Segundo<\/a>","rttpg_excerpt":"A Pol\u00edcia Civil de Goi\u00e1s, por meio da 15\u00aa Delegacia Regional de Goian\u00e9sia, promoveu o lan\u00e7amento e expans\u00e3o do Programa \u201cRG Para Todos\u201d no Distrito de Assun\u00e7\u00e3o de Goi\u00e1s, nesta quinta-feira (15). O objetivo \u00e9 garantir aos cidad\u00e3os do munic\u00edpio acesso ao RG Nacional de forma facilitada, sem a necessidade de se deslocar para outras&hellip;","_links":{"self":[{"href":"https:\/\/goias.gov.br\/policiacivil\/wp-json\/wp\/v2\/posts\/126711","targetHints":{"allow":["GET"]}}],"collection":[{"href":"https:\/\/goias.gov.br\/policiacivil\/wp-json\/wp\/v2\/posts"}],"about":[{"href":"https:\/\/goias.gov.br\/policiacivil\/wp-json\/wp\/v2\/types\/post"}],"author":[{"embeddable":true,"href":"https:\/\/goias.gov.br\/policiacivil\/wp-json\/wp\/v2\/users\/42"}],"replies":[{"embeddable":true,"href":"https:\/\/goias.gov.br\/policiacivil\/wp-json\/wp\/v2\/comments?post=126711"}],"version-history":[{"count":1,"href":"https:\/\/goias.gov.br\/policiacivil\/wp-json\/wp\/v2\/posts\/126711\/revisions"}],"predecessor-version":[{"id":126716,"href":"https:\/\/goias.gov.br\/policiacivil\/wp-json\/wp\/v2\/posts\/126711\/revisions\/126716"}],"wp:featuredmedia":[{"embeddable":true,"href":"https:\/\/goias.gov.br\/policiacivil\/wp-json\/wp\/v2\/media\/126714"}],"wp:attachment":[{"href":"https:\/\/goias.gov.br\/policiacivil\/wp-json\/wp\/v2\/media?parent=126711"}],"wp:term":[{"taxonomy":"category","embeddable":true,"href":"https:\/\/goias.gov.br\/policiacivil\/wp-json\/wp\/v2\/categories?post=126711"},{"taxonomy":"post_tag","embeddable":true,"href":"https:\/\/goias.gov.br\/policiacivil\/wp-json\/wp\/v2\/tags?post=126711"}],"curies":[{"name":"wp","href":"https:\/\/api.w.org\/{rel}","templated":true}]}}