

{"id":126375,"date":"2024-02-06T17:52:39","date_gmt":"2024-02-06T20:52:39","guid":{"rendered":" https:\/\/goias.gov.br\/policiacivil\/?p=126375"},"modified":"2024-02-06T17:52:39","modified_gmt":"2024-02-06T20:52:39","slug":"pc-recupera-celular-furtado-em-jatai","status":"publish","type":"post","link":"https:\/\/goias.gov.br\/policiacivil\/pc-recupera-celular-furtado-em-jatai\/","title":{"rendered":"PC recupera celular furtado em Jata\u00ed"},"content":{"rendered":"<p style=\"text-align: justify;\">Em continuidade \u00e0 Opera\u00e7\u00e3o Linha Cruzada, nesta ter\u00e7a-feira (6), a equipe da 2\u00aa Delegacia Distrital de Jata\u00ed recuperou mais um smartphone furtado na cidade. Ap\u00f3s dilig\u00eancias, o aparelho subtra\u00eddo em uma institui\u00e7\u00e3o de ensino na \u00faltima sexta-feira foi recuperado, com apura\u00e7\u00e3o de autoria. Na oportunidade, o bem apreendido foi restitu\u00eddo \u00e0 v\u00edtima.<\/p>\n","protected":false},"excerpt":{"rendered":"<p>Em continuidade \u00e0 Opera\u00e7\u00e3o Linha Cruzada, nesta ter\u00e7a-feira (6), a equipe da 2\u00aa Delegacia Distrital de Jata\u00ed recuperou mais um smartphone furtado na cidade. Ap\u00f3s dilig\u00eancias, o aparelho subtra\u00eddo em uma institui\u00e7\u00e3o de ensino na \u00faltima sexta-feira foi recuperado, com apura\u00e7\u00e3o de autoria. Na oportunidade, o bem apreendido foi restitu\u00eddo \u00e0 v\u00edtima.<\/p>\n","protected":false},"author":34,"featured_media":126377,"comment_status":"closed","ping_status":"closed","sticky":false,"template":"","format":"standard","meta":{"footnotes":""},"categories":[3201,2538,89,537],"tags":[382],"class_list":["post-126375","post","type-post","status-publish","format-standard","has-post-thumbnail","hentry","category-14a-regional","category-delegacias","category-regionais","category-ultimo-segundo","tag-jatai"],"rttpg_featured_image_url":{"full":["https:\/\/goias.gov.br\/policiacivil\/wp-content\/uploads\/sites\/71\/2024\/02\/whatsapp-image-2024-02-06-at-17.42.48.jpeg",900,1200,false],"landscape":["https:\/\/goias.gov.br\/policiacivil\/wp-content\/uploads\/sites\/71\/2024\/02\/whatsapp-image-2024-02-06-at-17.42.48.jpeg",900,1200,false],"portraits":["https:\/\/goias.gov.br\/policiacivil\/wp-content\/uploads\/sites\/71\/2024\/02\/whatsapp-image-2024-02-06-at-17.42.48.jpeg",900,1200,false],"thumbnail":["https:\/\/goias.gov.br\/policiacivil\/wp-content\/uploads\/sites\/71\/2024\/02\/whatsapp-image-2024-02-06-at-17.42.48-300x300.jpeg",150,150,true],"medium":["https:\/\/goias.gov.br\/policiacivil\/wp-content\/uploads\/sites\/71\/2024\/02\/whatsapp-image-2024-02-06-at-17.42.48.jpeg",225,300,false],"large":["https:\/\/goias.gov.br\/policiacivil\/wp-content\/uploads\/sites\/71\/2024\/02\/whatsapp-image-2024-02-06-at-17.42.48.jpeg",768,1024,false],"1536x1536":["https:\/\/goias.gov.br\/policiacivil\/wp-content\/uploads\/sites\/71\/2024\/02\/whatsapp-image-2024-02-06-at-17.42.48.jpeg",900,1200,false],"2048x2048":["https:\/\/goias.gov.br\/policiacivil\/wp-content\/uploads\/sites\/71\/2024\/02\/whatsapp-image-2024-02-06-at-17.42.48.jpeg",900,1200,false]},"rttpg_author":{"display_name":"celsoassis","author_link":"https:\/\/goias.gov.br\/policiacivil\/author\/celsoassis\/"},"rttpg_comment":0,"rttpg_category":"<a href=\"https:\/\/goias.gov.br\/policiacivil\/categoria\/drp\/14a-regional\/\" rel=\"category tag\">14\u00aa Regional<\/a> <a href=\"https:\/\/goias.gov.br\/policiacivil\/categoria\/delegacias\/\" rel=\"category tag\">Delegacias<\/a> <a href=\"https:\/\/goias.gov.br\/policiacivil\/categoria\/delegacias\/regionais\/\" rel=\"category tag\">Regionais<\/a> <a href=\"https:\/\/goias.gov.br\/policiacivil\/categoria\/ultimo-segundo\/\" rel=\"category tag\">\u00daltimo Segundo<\/a>","rttpg_excerpt":"Em continuidade \u00e0 Opera\u00e7\u00e3o Linha Cruzada, nesta ter\u00e7a-feira (6), a equipe da 2\u00aa Delegacia Distrital de Jata\u00ed recuperou mais um smartphone furtado na cidade. Ap\u00f3s dilig\u00eancias, o aparelho subtra\u00eddo em uma institui\u00e7\u00e3o de ensino na \u00faltima sexta-feira foi recuperado, com apura\u00e7\u00e3o de autoria. Na oportunidade, o bem apreendido foi restitu\u00eddo \u00e0 v\u00edtima.","_links":{"self":[{"href":"https:\/\/goias.gov.br\/policiacivil\/wp-json\/wp\/v2\/posts\/126375","targetHints":{"allow":["GET"]}}],"collection":[{"href":"https:\/\/goias.gov.br\/policiacivil\/wp-json\/wp\/v2\/posts"}],"about":[{"href":"https:\/\/goias.gov.br\/policiacivil\/wp-json\/wp\/v2\/types\/post"}],"author":[{"embeddable":true,"href":"https:\/\/goias.gov.br\/policiacivil\/wp-json\/wp\/v2\/users\/34"}],"replies":[{"embeddable":true,"href":"https:\/\/goias.gov.br\/policiacivil\/wp-json\/wp\/v2\/comments?post=126375"}],"version-history":[{"count":1,"href":"https:\/\/goias.gov.br\/policiacivil\/wp-json\/wp\/v2\/posts\/126375\/revisions"}],"predecessor-version":[{"id":126376,"href":"https:\/\/goias.gov.br\/policiacivil\/wp-json\/wp\/v2\/posts\/126375\/revisions\/126376"}],"wp:featuredmedia":[{"embeddable":true,"href":"https:\/\/goias.gov.br\/policiacivil\/wp-json\/wp\/v2\/media\/126377"}],"wp:attachment":[{"href":"https:\/\/goias.gov.br\/policiacivil\/wp-json\/wp\/v2\/media?parent=126375"}],"wp:term":[{"taxonomy":"category","embeddable":true,"href":"https:\/\/goias.gov.br\/policiacivil\/wp-json\/wp\/v2\/categories?post=126375"},{"taxonomy":"post_tag","embeddable":true,"href":"https:\/\/goias.gov.br\/policiacivil\/wp-json\/wp\/v2\/tags?post=126375"}],"curies":[{"name":"wp","href":"https:\/\/api.w.org\/{rel}","templated":true}]}}