

{"id":126213,"date":"2024-02-02T10:07:19","date_gmt":"2024-02-02T13:07:19","guid":{"rendered":" https:\/\/goias.gov.br\/policiacivil\/?p=126213"},"modified":"2024-02-02T10:07:19","modified_gmt":"2024-02-02T13:07:19","slug":"pcgo-apreende-aparelhos-que-foram-furtados-em-festas-de-pecuaria-e-prende-receptador","status":"publish","type":"post","link":"https:\/\/goias.gov.br\/policiacivil\/pcgo-apreende-aparelhos-que-foram-furtados-em-festas-de-pecuaria-e-prende-receptador\/","title":{"rendered":"PCGO apreende aparelhos que foram furtados em festas de pecu\u00e1ria e prende receptador"},"content":{"rendered":"<p style=\"text-align: justify;\">A Pol\u00edcia Civil de Goi\u00e1s, atrav\u00e9s do 1\u00ba Distrito Policial de Goi\u00e2nia &#8211; 1\u00aa DRP, cumpriu, nesta quinta-feira (1\u00ba), mandado de busca e apreens\u00e3o em um com\u00e9rcio de Goi\u00e2nia no qual foram encontrados v\u00e1rios aparelhos furtados. O alvo da a\u00e7\u00e3o \u00e9 suspeito de envolvimento em furtos ocorridos na Pecu\u00e1ria de Goi\u00e2nia no ano passado. Vale destacar que os objetos apreendidos acima referidos tamb\u00e9m foram furtados em pecu\u00e1rias do interior de Goi\u00e1s, demonstrando o modo de execu\u00e7\u00e3o do grupo criminoso. Alguns furtadores j\u00e1 haviam sido identificados e esta fase da investiga\u00e7\u00e3o culminou com a pris\u00e3o em flagrante do receptador que fomentava este tipo de conduta delitiva.<\/p>\n","protected":false},"excerpt":{"rendered":"<p>A Pol\u00edcia Civil de Goi\u00e1s, atrav\u00e9s do 1\u00ba Distrito Policial de Goi\u00e2nia &#8211; 1\u00aa DRP, cumpriu, nesta quinta-feira (1\u00ba), mandado de busca e apreens\u00e3o em um com\u00e9rcio de Goi\u00e2nia no qual foram encontrados v\u00e1rios aparelhos furtados. O alvo da a\u00e7\u00e3o \u00e9 suspeito de envolvimento em furtos ocorridos na Pecu\u00e1ria de Goi\u00e2nia no ano passado. Vale [&hellip;]<\/p>\n","protected":false},"author":42,"featured_media":124951,"comment_status":"closed","ping_status":"closed","sticky":false,"template":"","format":"standard","meta":{"footnotes":""},"categories":[3188,2538,89,537],"tags":[2969,1335],"class_list":["post-126213","post","type-post","status-publish","format-standard","has-post-thumbnail","hentry","category-1a-regional","category-delegacias","category-regionais","category-ultimo-segundo","tag-1a-drp","tag-goiania"],"rttpg_featured_image_url":{"full":["https:\/\/goias.gov.br\/policiacivil\/wp-content\/uploads\/sites\/71\/2023\/12\/design-sem-nome-63.png",1200,630,false],"landscape":["https:\/\/goias.gov.br\/policiacivil\/wp-content\/uploads\/sites\/71\/2023\/12\/design-sem-nome-63.png",1200,630,false],"portraits":["https:\/\/goias.gov.br\/policiacivil\/wp-content\/uploads\/sites\/71\/2023\/12\/design-sem-nome-63.png",1200,630,false],"thumbnail":["https:\/\/goias.gov.br\/policiacivil\/wp-content\/uploads\/sites\/71\/2023\/12\/design-sem-nome-63-300x300.png",150,150,true],"medium":["https:\/\/goias.gov.br\/policiacivil\/wp-content\/uploads\/sites\/71\/2023\/12\/design-sem-nome-63.png",300,158,false],"large":["https:\/\/goias.gov.br\/policiacivil\/wp-content\/uploads\/sites\/71\/2023\/12\/design-sem-nome-63.png",1024,538,false],"1536x1536":["https:\/\/goias.gov.br\/policiacivil\/wp-content\/uploads\/sites\/71\/2023\/12\/design-sem-nome-63.png",1200,630,false],"2048x2048":["https:\/\/goias.gov.br\/policiacivil\/wp-content\/uploads\/sites\/71\/2023\/12\/design-sem-nome-63.png",1200,630,false]},"rttpg_author":{"display_name":"carolinalima","author_link":"https:\/\/goias.gov.br\/policiacivil\/author\/carolinalima\/"},"rttpg_comment":0,"rttpg_category":"<a href=\"https:\/\/goias.gov.br\/policiacivil\/categoria\/drp\/1a-regional\/\" rel=\"category tag\">1\u00aa Regional<\/a> <a href=\"https:\/\/goias.gov.br\/policiacivil\/categoria\/delegacias\/\" rel=\"category tag\">Delegacias<\/a> <a href=\"https:\/\/goias.gov.br\/policiacivil\/categoria\/delegacias\/regionais\/\" rel=\"category tag\">Regionais<\/a> <a href=\"https:\/\/goias.gov.br\/policiacivil\/categoria\/ultimo-segundo\/\" rel=\"category tag\">\u00daltimo Segundo<\/a>","rttpg_excerpt":"A Pol\u00edcia Civil de Goi\u00e1s, atrav\u00e9s do 1\u00ba Distrito Policial de Goi\u00e2nia &#8211; 1\u00aa DRP, cumpriu, nesta quinta-feira (1\u00ba), mandado de busca e apreens\u00e3o em um com\u00e9rcio de Goi\u00e2nia no qual foram encontrados v\u00e1rios aparelhos furtados. O alvo da a\u00e7\u00e3o \u00e9 suspeito de envolvimento em furtos ocorridos na Pecu\u00e1ria de Goi\u00e2nia no ano passado. Vale&hellip;","_links":{"self":[{"href":"https:\/\/goias.gov.br\/policiacivil\/wp-json\/wp\/v2\/posts\/126213","targetHints":{"allow":["GET"]}}],"collection":[{"href":"https:\/\/goias.gov.br\/policiacivil\/wp-json\/wp\/v2\/posts"}],"about":[{"href":"https:\/\/goias.gov.br\/policiacivil\/wp-json\/wp\/v2\/types\/post"}],"author":[{"embeddable":true,"href":"https:\/\/goias.gov.br\/policiacivil\/wp-json\/wp\/v2\/users\/42"}],"replies":[{"embeddable":true,"href":"https:\/\/goias.gov.br\/policiacivil\/wp-json\/wp\/v2\/comments?post=126213"}],"version-history":[{"count":1,"href":"https:\/\/goias.gov.br\/policiacivil\/wp-json\/wp\/v2\/posts\/126213\/revisions"}],"predecessor-version":[{"id":126216,"href":"https:\/\/goias.gov.br\/policiacivil\/wp-json\/wp\/v2\/posts\/126213\/revisions\/126216"}],"wp:featuredmedia":[{"embeddable":true,"href":"https:\/\/goias.gov.br\/policiacivil\/wp-json\/wp\/v2\/media\/124951"}],"wp:attachment":[{"href":"https:\/\/goias.gov.br\/policiacivil\/wp-json\/wp\/v2\/media?parent=126213"}],"wp:term":[{"taxonomy":"category","embeddable":true,"href":"https:\/\/goias.gov.br\/policiacivil\/wp-json\/wp\/v2\/categories?post=126213"},{"taxonomy":"post_tag","embeddable":true,"href":"https:\/\/goias.gov.br\/policiacivil\/wp-json\/wp\/v2\/tags?post=126213"}],"curies":[{"name":"wp","href":"https:\/\/api.w.org\/{rel}","templated":true}]}}