

{"id":125943,"date":"2024-01-26T15:52:43","date_gmt":"2024-01-26T18:52:43","guid":{"rendered":" https:\/\/goias.gov.br\/policiacivil\/?p=125943"},"modified":"2024-01-26T15:52:43","modified_gmt":"2024-01-26T18:52:43","slug":"policia-civil-cumpre-preventiva-de-investigado-por-homicidio-em-anapolis","status":"publish","type":"post","link":"https:\/\/goias.gov.br\/policiacivil\/policia-civil-cumpre-preventiva-de-investigado-por-homicidio-em-anapolis\/","title":{"rendered":"Pol\u00edcia Civil cumpre preventiva de investigado por homic\u00eddio em An\u00e1polis"},"content":{"rendered":"<p style=\"text-align: justify;\">Na manh\u00e3 de hoje (26), no Setor Vivian Parque, em An\u00e1polis, os policiais civis da Delegacia Estadual de Capturas (Decap) cumpriram mandado de pris\u00e3o preventivo, oriundo da 4\u00aa Vara Criminal de Aparecida de Goi\u00e2nia, contra um homem pela pr\u00e1tica do crime homic\u00eddio qualificado. O preso se encontra recolhido na Unidade Prisional de An\u00e1polis, onde permanece \u00e0 disposi\u00e7\u00e3o do Poder Judici\u00e1rio.<\/p>\n","protected":false},"excerpt":{"rendered":"<p>Na manh\u00e3 de hoje (26), no Setor Vivian Parque, em An\u00e1polis, os policiais civis da Delegacia Estadual de Capturas (Decap) cumpriram mandado de pris\u00e3o preventivo, oriundo da 4\u00aa Vara Criminal de Aparecida de Goi\u00e2nia, contra um homem pela pr\u00e1tica do crime homic\u00eddio qualificado. O preso se encontra recolhido na Unidade Prisional de An\u00e1polis, onde permanece [&hellip;]<\/p>\n","protected":false},"author":34,"featured_media":125944,"comment_status":"closed","ping_status":"closed","sticky":false,"template":"","format":"standard","meta":{"footnotes":""},"categories":[2538,92,537],"tags":[2648],"class_list":["post-125943","post","type-post","status-publish","format-standard","has-post-thumbnail","hentry","category-delegacias","category-especializadas","category-ultimo-segundo","tag-decap"],"rttpg_featured_image_url":{"full":["https:\/\/goias.gov.br\/policiacivil\/wp-content\/uploads\/sites\/71\/2024\/01\/whatsapp-image-2024-01-26-at-15.16.00-1.jpeg",900,1200,false],"landscape":["https:\/\/goias.gov.br\/policiacivil\/wp-content\/uploads\/sites\/71\/2024\/01\/whatsapp-image-2024-01-26-at-15.16.00-1.jpeg",900,1200,false],"portraits":["https:\/\/goias.gov.br\/policiacivil\/wp-content\/uploads\/sites\/71\/2024\/01\/whatsapp-image-2024-01-26-at-15.16.00-1.jpeg",900,1200,false],"thumbnail":["https:\/\/goias.gov.br\/policiacivil\/wp-content\/uploads\/sites\/71\/2024\/01\/whatsapp-image-2024-01-26-at-15.16.00-1-300x300.jpeg",150,150,true],"medium":["https:\/\/goias.gov.br\/policiacivil\/wp-content\/uploads\/sites\/71\/2024\/01\/whatsapp-image-2024-01-26-at-15.16.00-1.jpeg",225,300,false],"large":["https:\/\/goias.gov.br\/policiacivil\/wp-content\/uploads\/sites\/71\/2024\/01\/whatsapp-image-2024-01-26-at-15.16.00-1.jpeg",768,1024,false],"1536x1536":["https:\/\/goias.gov.br\/policiacivil\/wp-content\/uploads\/sites\/71\/2024\/01\/whatsapp-image-2024-01-26-at-15.16.00-1.jpeg",900,1200,false],"2048x2048":["https:\/\/goias.gov.br\/policiacivil\/wp-content\/uploads\/sites\/71\/2024\/01\/whatsapp-image-2024-01-26-at-15.16.00-1.jpeg",900,1200,false]},"rttpg_author":{"display_name":"celsoassis","author_link":"https:\/\/goias.gov.br\/policiacivil\/author\/celsoassis\/"},"rttpg_comment":0,"rttpg_category":"<a href=\"https:\/\/goias.gov.br\/policiacivil\/categoria\/delegacias\/\" rel=\"category tag\">Delegacias<\/a> <a href=\"https:\/\/goias.gov.br\/policiacivil\/categoria\/delegacias\/especializadas\/\" rel=\"category tag\">Especializadas<\/a> <a href=\"https:\/\/goias.gov.br\/policiacivil\/categoria\/ultimo-segundo\/\" rel=\"category tag\">\u00daltimo Segundo<\/a>","rttpg_excerpt":"Na manh\u00e3 de hoje (26), no Setor Vivian Parque, em An\u00e1polis, os policiais civis da Delegacia Estadual de Capturas (Decap) cumpriram mandado de pris\u00e3o preventivo, oriundo da 4\u00aa Vara Criminal de Aparecida de Goi\u00e2nia, contra um homem pela pr\u00e1tica do crime homic\u00eddio qualificado. O preso se encontra recolhido na Unidade Prisional de An\u00e1polis, onde permanece&hellip;","_links":{"self":[{"href":"https:\/\/goias.gov.br\/policiacivil\/wp-json\/wp\/v2\/posts\/125943","targetHints":{"allow":["GET"]}}],"collection":[{"href":"https:\/\/goias.gov.br\/policiacivil\/wp-json\/wp\/v2\/posts"}],"about":[{"href":"https:\/\/goias.gov.br\/policiacivil\/wp-json\/wp\/v2\/types\/post"}],"author":[{"embeddable":true,"href":"https:\/\/goias.gov.br\/policiacivil\/wp-json\/wp\/v2\/users\/34"}],"replies":[{"embeddable":true,"href":"https:\/\/goias.gov.br\/policiacivil\/wp-json\/wp\/v2\/comments?post=125943"}],"version-history":[{"count":1,"href":"https:\/\/goias.gov.br\/policiacivil\/wp-json\/wp\/v2\/posts\/125943\/revisions"}],"predecessor-version":[{"id":125945,"href":"https:\/\/goias.gov.br\/policiacivil\/wp-json\/wp\/v2\/posts\/125943\/revisions\/125945"}],"wp:featuredmedia":[{"embeddable":true,"href":"https:\/\/goias.gov.br\/policiacivil\/wp-json\/wp\/v2\/media\/125944"}],"wp:attachment":[{"href":"https:\/\/goias.gov.br\/policiacivil\/wp-json\/wp\/v2\/media?parent=125943"}],"wp:term":[{"taxonomy":"category","embeddable":true,"href":"https:\/\/goias.gov.br\/policiacivil\/wp-json\/wp\/v2\/categories?post=125943"},{"taxonomy":"post_tag","embeddable":true,"href":"https:\/\/goias.gov.br\/policiacivil\/wp-json\/wp\/v2\/tags?post=125943"}],"curies":[{"name":"wp","href":"https:\/\/api.w.org\/{rel}","templated":true}]}}