

{"id":125439,"date":"2024-01-11T17:21:45","date_gmt":"2024-01-11T20:21:45","guid":{"rendered":" https:\/\/goias.gov.br\/policiacivil\/?p=125439"},"modified":"2024-01-11T17:21:45","modified_gmt":"2024-01-11T20:21:45","slug":"dois-sao-presos-por-homicidio-praticado-em-ceres","status":"publish","type":"post","link":"https:\/\/goias.gov.br\/policiacivil\/dois-sao-presos-por-homicidio-praticado-em-ceres\/","title":{"rendered":"Dois s\u00e3o presos por homic\u00eddio praticado em Ceres"},"content":{"rendered":"<p style=\"text-align: justify;\">A Pol\u00edcia Civil de Goi\u00e1s, atrav\u00e9s da Delegacia de Ceres, com apoio das delegacias de Jaragu\u00e1 e Carmo do Rio Verde, deu cumprimento a dois mandados de pris\u00e3o tempor\u00e1ria pelo crime de homic\u00eddio. Na manh\u00e3 do dia 09\/01\/2024, o primeiro suspeito foi localizado na cidade de Jaragu\u00e1 e recambiado para Ceres. J\u00e1 na tarde de hoje, 11\/01, o segundo suspeito foi localizado na cidade de Carmo do Rio e tamb\u00e9m recambiado a cidade de Ceres.\u00a0Ambos s\u00e3o suspeitos de participa\u00e7\u00e3o no homic\u00eddio ocorrido no dia 14\/10\/23, na cidade de Ceres, cuja v\u00edtima foi brutalmente assinada ap\u00f3s receber disparos de arma de fogo, facadas e sofrer espancamento.<\/p>\n<p style=\"text-align: justify;\">\n","protected":false},"excerpt":{"rendered":"<p>A Pol\u00edcia Civil de Goi\u00e1s, atrav\u00e9s da Delegacia de Ceres, com apoio das delegacias de Jaragu\u00e1 e Carmo do Rio Verde, deu cumprimento a dois mandados de pris\u00e3o tempor\u00e1ria pelo crime de homic\u00eddio. Na manh\u00e3 do dia 09\/01\/2024, o primeiro suspeito foi localizado na cidade de Jaragu\u00e1 e recambiado para Ceres. J\u00e1 na tarde de [&hellip;]<\/p>\n","protected":false},"author":34,"featured_media":125440,"comment_status":"closed","ping_status":"closed","sticky":false,"template":"","format":"standard","meta":{"footnotes":""},"categories":[3197,2538,89,537],"tags":[1395,23],"class_list":["post-125439","post","type-post","status-publish","format-standard","has-post-thumbnail","hentry","category-10a-regional","category-delegacias","category-regionais","category-ultimo-segundo","tag-ceres","tag-homicidio"],"rttpg_featured_image_url":{"full":["https:\/\/goias.gov.br\/policiacivil\/wp-content\/uploads\/sites\/71\/2024\/01\/whatsapp-image-2024-01-11-at-16.49.17.jpeg",1080,996,false],"landscape":["https:\/\/goias.gov.br\/policiacivil\/wp-content\/uploads\/sites\/71\/2024\/01\/whatsapp-image-2024-01-11-at-16.49.17.jpeg",1080,996,false],"portraits":["https:\/\/goias.gov.br\/policiacivil\/wp-content\/uploads\/sites\/71\/2024\/01\/whatsapp-image-2024-01-11-at-16.49.17.jpeg",1080,996,false],"thumbnail":["https:\/\/goias.gov.br\/policiacivil\/wp-content\/uploads\/sites\/71\/2024\/01\/whatsapp-image-2024-01-11-at-16.49.17-300x300.jpeg",150,150,true],"medium":["https:\/\/goias.gov.br\/policiacivil\/wp-content\/uploads\/sites\/71\/2024\/01\/whatsapp-image-2024-01-11-at-16.49.17.jpeg",300,277,false],"large":["https:\/\/goias.gov.br\/policiacivil\/wp-content\/uploads\/sites\/71\/2024\/01\/whatsapp-image-2024-01-11-at-16.49.17.jpeg",1024,944,false],"1536x1536":["https:\/\/goias.gov.br\/policiacivil\/wp-content\/uploads\/sites\/71\/2024\/01\/whatsapp-image-2024-01-11-at-16.49.17.jpeg",1080,996,false],"2048x2048":["https:\/\/goias.gov.br\/policiacivil\/wp-content\/uploads\/sites\/71\/2024\/01\/whatsapp-image-2024-01-11-at-16.49.17.jpeg",1080,996,false]},"rttpg_author":{"display_name":"celsoassis","author_link":"https:\/\/goias.gov.br\/policiacivil\/author\/celsoassis\/"},"rttpg_comment":0,"rttpg_category":"<a href=\"https:\/\/goias.gov.br\/policiacivil\/categoria\/drp\/10a-regional\/\" rel=\"category tag\">10\u00aa Regional<\/a> <a href=\"https:\/\/goias.gov.br\/policiacivil\/categoria\/delegacias\/\" rel=\"category tag\">Delegacias<\/a> <a href=\"https:\/\/goias.gov.br\/policiacivil\/categoria\/delegacias\/regionais\/\" rel=\"category tag\">Regionais<\/a> <a href=\"https:\/\/goias.gov.br\/policiacivil\/categoria\/ultimo-segundo\/\" rel=\"category tag\">\u00daltimo Segundo<\/a>","rttpg_excerpt":"A Pol\u00edcia Civil de Goi\u00e1s, atrav\u00e9s da Delegacia de Ceres, com apoio das delegacias de Jaragu\u00e1 e Carmo do Rio Verde, deu cumprimento a dois mandados de pris\u00e3o tempor\u00e1ria pelo crime de homic\u00eddio. Na manh\u00e3 do dia 09\/01\/2024, o primeiro suspeito foi localizado na cidade de Jaragu\u00e1 e recambiado para Ceres. J\u00e1 na tarde de&hellip;","_links":{"self":[{"href":"https:\/\/goias.gov.br\/policiacivil\/wp-json\/wp\/v2\/posts\/125439","targetHints":{"allow":["GET"]}}],"collection":[{"href":"https:\/\/goias.gov.br\/policiacivil\/wp-json\/wp\/v2\/posts"}],"about":[{"href":"https:\/\/goias.gov.br\/policiacivil\/wp-json\/wp\/v2\/types\/post"}],"author":[{"embeddable":true,"href":"https:\/\/goias.gov.br\/policiacivil\/wp-json\/wp\/v2\/users\/34"}],"replies":[{"embeddable":true,"href":"https:\/\/goias.gov.br\/policiacivil\/wp-json\/wp\/v2\/comments?post=125439"}],"version-history":[{"count":1,"href":"https:\/\/goias.gov.br\/policiacivil\/wp-json\/wp\/v2\/posts\/125439\/revisions"}],"predecessor-version":[{"id":125441,"href":"https:\/\/goias.gov.br\/policiacivil\/wp-json\/wp\/v2\/posts\/125439\/revisions\/125441"}],"wp:featuredmedia":[{"embeddable":true,"href":"https:\/\/goias.gov.br\/policiacivil\/wp-json\/wp\/v2\/media\/125440"}],"wp:attachment":[{"href":"https:\/\/goias.gov.br\/policiacivil\/wp-json\/wp\/v2\/media?parent=125439"}],"wp:term":[{"taxonomy":"category","embeddable":true,"href":"https:\/\/goias.gov.br\/policiacivil\/wp-json\/wp\/v2\/categories?post=125439"},{"taxonomy":"post_tag","embeddable":true,"href":"https:\/\/goias.gov.br\/policiacivil\/wp-json\/wp\/v2\/tags?post=125439"}],"curies":[{"name":"wp","href":"https:\/\/api.w.org\/{rel}","templated":true}]}}