

{"id":124810,"date":"2023-12-14T11:18:43","date_gmt":"2023-12-14T14:18:43","guid":{"rendered":" https:\/\/goias.gov.br\/policiacivil\/?p=124810"},"modified":"2023-12-14T11:18:43","modified_gmt":"2023-12-14T14:18:43","slug":"autor-e-condenado-a-48-anos-de-prisao-por-crimes-sexuais-e-ameacas-em-goianesia","status":"publish","type":"post","link":"https:\/\/goias.gov.br\/policiacivil\/autor-e-condenado-a-48-anos-de-prisao-por-crimes-sexuais-e-ameacas-em-goianesia\/","title":{"rendered":"Autor \u00e9 condenado a 48 anos de pris\u00e3o por crimes sexuais e amea\u00e7as em Goian\u00e9sia"},"content":{"rendered":"<p style=\"text-align: justify;\">Um homem de 43 anos, investigado pela Delegacia Especializada no Atendimento \u00e0 Mulher (Deam) de Goian\u00e9sia, foi condenado a mais de 48 anos de reclus\u00e3o, pelos crimes de estupro, estupro de vulner\u00e1vel, tortura, les\u00e3o corporal e persegui\u00e7\u00e3o. Al\u00e9m disso, foi condenado a tr\u00eas anos de deten\u00e7\u00e3o pelos crimes\u00a0 de registro n\u00e3o autorizado da intimidade sexual e amea\u00e7a.<\/p>\n<p style=\"text-align: justify;\">As investiga\u00e7\u00f5es tiveram in\u00edcio em setembro de 2022, quando a Pol\u00edcia Civil, no contexto da Opera\u00e7\u00e3o Maria da Penha, prendeu o indiv\u00edduo em flagrante pelos crimes de descumprimento de medidas protetivas de urg\u00eancia e persegui\u00e7\u00e3o contra a esposa, de 36 anos, e sua filha, de 19 anos.<\/p>\n<p style=\"text-align: justify;\">A v\u00edtima conviveu com o autor durante 21 anos, e teve tr\u00eas filhos com ele. Entretanto, epis\u00f3dios de viol\u00eancia sempre marcaram a vida do casal. Em outubro de 2021, a v\u00edtima procurou a delegacia e relatou ter sido amea\u00e7ada de morte. Naquela ocasi\u00e3o, ela solicitou medidas protetivas. No entanto, o homem n\u00e3o respeitou a decis\u00e3o judicial e coagiu a mulher a voltar a residir com ele, mediante graves amea\u00e7as.<\/p>\n<p style=\"text-align: justify;\">Em 2022, no momento da pris\u00e3o do autor, a v\u00edtima revelou que, desde 2009, sofria abusos sexuais por parte do marido.<\/p>\n<p style=\"text-align: justify;\">A decis\u00e3o pela condena\u00e7\u00e3o \u00e9 do Juiz de Direito \u00c9rico Mercier Ramos, titular da 2\u00aa Vara Criminal da Comarca de Goian\u00e9sia.<\/p>\n","protected":false},"excerpt":{"rendered":"<p>Um homem de 43 anos, investigado pela Delegacia Especializada no Atendimento \u00e0 Mulher (Deam) de Goian\u00e9sia, foi condenado a mais de 48 anos de reclus\u00e3o, pelos crimes de estupro, estupro de vulner\u00e1vel, tortura, les\u00e3o corporal e persegui\u00e7\u00e3o. Al\u00e9m disso, foi condenado a tr\u00eas anos de deten\u00e7\u00e3o pelos crimes\u00a0 de registro n\u00e3o autorizado da intimidade sexual [&hellip;]<\/p>\n","protected":false},"author":23,"featured_media":101239,"comment_status":"closed","ping_status":"closed","sticky":false,"template":"","format":"standard","meta":{"footnotes":""},"categories":[3202,89,537],"tags":[230],"class_list":["post-124810","post","type-post","status-publish","format-standard","has-post-thumbnail","hentry","category-15a-regional","category-regionais","category-ultimo-segundo","tag-goianesia"],"rttpg_featured_image_url":{"full":["https:\/\/goias.gov.br\/policiacivil\/wp-content\/uploads\/sites\/71\/2022\/04\/violencia-mulher.jpeg",1068,1068,false],"landscape":["https:\/\/goias.gov.br\/policiacivil\/wp-content\/uploads\/sites\/71\/2022\/04\/violencia-mulher.jpeg",1068,1068,false],"portraits":["https:\/\/goias.gov.br\/policiacivil\/wp-content\/uploads\/sites\/71\/2022\/04\/violencia-mulher.jpeg",1068,1068,false],"thumbnail":["https:\/\/goias.gov.br\/policiacivil\/wp-content\/uploads\/sites\/71\/2022\/04\/violencia-mulher-300x300.jpeg",150,150,true],"medium":["https:\/\/goias.gov.br\/policiacivil\/wp-content\/uploads\/sites\/71\/2022\/04\/violencia-mulher-500x500.jpeg",300,300,true],"large":["https:\/\/goias.gov.br\/policiacivil\/wp-content\/uploads\/sites\/71\/2022\/04\/violencia-mulher-1068x1068.jpeg",1024,1024,true],"1536x1536":["https:\/\/goias.gov.br\/policiacivil\/wp-content\/uploads\/sites\/71\/2022\/04\/violencia-mulher.jpeg",1068,1068,false],"2048x2048":["https:\/\/goias.gov.br\/policiacivil\/wp-content\/uploads\/sites\/71\/2022\/04\/violencia-mulher.jpeg",1068,1068,false]},"rttpg_author":{"display_name":"claudiacury","author_link":"https:\/\/goias.gov.br\/policiacivil\/author\/claudiacury\/"},"rttpg_comment":0,"rttpg_category":"<a href=\"https:\/\/goias.gov.br\/policiacivil\/categoria\/drp\/15a-regional\/\" rel=\"category tag\">15\u00aa Regional<\/a> <a href=\"https:\/\/goias.gov.br\/policiacivil\/categoria\/delegacias\/regionais\/\" rel=\"category tag\">Regionais<\/a> <a href=\"https:\/\/goias.gov.br\/policiacivil\/categoria\/ultimo-segundo\/\" rel=\"category tag\">\u00daltimo Segundo<\/a>","rttpg_excerpt":"Um homem de 43 anos, investigado pela Delegacia Especializada no Atendimento \u00e0 Mulher (Deam) de Goian\u00e9sia, foi condenado a mais de 48 anos de reclus\u00e3o, pelos crimes de estupro, estupro de vulner\u00e1vel, tortura, les\u00e3o corporal e persegui\u00e7\u00e3o. Al\u00e9m disso, foi condenado a tr\u00eas anos de deten\u00e7\u00e3o pelos crimes\u00a0 de registro n\u00e3o autorizado da intimidade sexual&hellip;","_links":{"self":[{"href":"https:\/\/goias.gov.br\/policiacivil\/wp-json\/wp\/v2\/posts\/124810","targetHints":{"allow":["GET"]}}],"collection":[{"href":"https:\/\/goias.gov.br\/policiacivil\/wp-json\/wp\/v2\/posts"}],"about":[{"href":"https:\/\/goias.gov.br\/policiacivil\/wp-json\/wp\/v2\/types\/post"}],"author":[{"embeddable":true,"href":"https:\/\/goias.gov.br\/policiacivil\/wp-json\/wp\/v2\/users\/23"}],"replies":[{"embeddable":true,"href":"https:\/\/goias.gov.br\/policiacivil\/wp-json\/wp\/v2\/comments?post=124810"}],"version-history":[{"count":1,"href":"https:\/\/goias.gov.br\/policiacivil\/wp-json\/wp\/v2\/posts\/124810\/revisions"}],"predecessor-version":[{"id":124811,"href":"https:\/\/goias.gov.br\/policiacivil\/wp-json\/wp\/v2\/posts\/124810\/revisions\/124811"}],"wp:featuredmedia":[{"embeddable":true,"href":"https:\/\/goias.gov.br\/policiacivil\/wp-json\/wp\/v2\/media\/101239"}],"wp:attachment":[{"href":"https:\/\/goias.gov.br\/policiacivil\/wp-json\/wp\/v2\/media?parent=124810"}],"wp:term":[{"taxonomy":"category","embeddable":true,"href":"https:\/\/goias.gov.br\/policiacivil\/wp-json\/wp\/v2\/categories?post=124810"},{"taxonomy":"post_tag","embeddable":true,"href":"https:\/\/goias.gov.br\/policiacivil\/wp-json\/wp\/v2\/tags?post=124810"}],"curies":[{"name":"wp","href":"https:\/\/api.w.org\/{rel}","templated":true}]}}