

{"id":124364,"date":"2023-12-01T11:04:01","date_gmt":"2023-12-01T14:04:01","guid":{"rendered":" https:\/\/goias.gov.br\/policiacivil\/?p=124364"},"modified":"2023-12-01T11:04:01","modified_gmt":"2023-12-01T14:04:01","slug":"investigado-por-homicidio-no-tocantins-e-preso-pela-pcgo-em-rio-verde","status":"publish","type":"post","link":"https:\/\/goias.gov.br\/policiacivil\/investigado-por-homicidio-no-tocantins-e-preso-pela-pcgo-em-rio-verde\/","title":{"rendered":"Investigado por homic\u00eddio no Tocantins \u00e9 preso pela PCGO em Rio Verde"},"content":{"rendered":"<p style=\"text-align: justify;\">Nessa quinta-feira (30), o Grupo de Investiga\u00e7\u00e3o de Homic\u00eddios (GIH) de Rio Verde cumpriu mandado de pris\u00e3o em desfavor do acusado de um homic\u00eddio praticado no centro da cidade de Gurupi (TO), no \u00faltimo dia 16 de outubro. Ap\u00f3s troca de informa\u00e7\u00e3o do GIH de Rio Verde com a Delegacia de Homic\u00eddio de Gurupi, os policiais civis compareceram na resid\u00eancia do autor e, ap\u00f3s algum tempo, visualizaram o acusado se aproximando de sua resid\u00eancia a p\u00e9, na companhia de dois irm\u00e3os. O foragido informou que se chamava Artur (nome de outro irm\u00e3o do acusado) e ainda apresentou a certid\u00e3o de nascimento em nome de Artur como sendo dele. J\u00e1 na delegacia, o acusado confirmou se tratar da pessoa contra quem h\u00e1 dois mandados de pris\u00e3o em aberto por homic\u00eddios. O autor encontra-se \u00e0 disposi\u00e7\u00e3o da Justi\u00e7a para os procedimentos legais pertinentes aos mandados de pris\u00e3o.<\/p>\n","protected":false},"excerpt":{"rendered":"<p>Nessa quinta-feira (30), o Grupo de Investiga\u00e7\u00e3o de Homic\u00eddios (GIH) de Rio Verde cumpriu mandado de pris\u00e3o em desfavor do acusado de um homic\u00eddio praticado no centro da cidade de Gurupi (TO), no \u00faltimo dia 16 de outubro. Ap\u00f3s troca de informa\u00e7\u00e3o do GIH de Rio Verde com a Delegacia de Homic\u00eddio de Gurupi, os [&hellip;]<\/p>\n","protected":false},"author":34,"featured_media":116524,"comment_status":"closed","ping_status":"closed","sticky":false,"template":"","format":"standard","meta":{"footnotes":""},"categories":[3195,2538,89,537],"tags":[10681,39],"class_list":["post-124364","post","type-post","status-publish","format-standard","has-post-thumbnail","hentry","category-8a-regional","category-delegacias","category-regionais","category-ultimo-segundo","tag-prisaop","tag-rio-verde"],"rttpg_featured_image_url":{"full":["https:\/\/goias.gov.br\/policiacivil\/wp-content\/uploads\/sites\/71\/2023\/05\/prisao-efetuada-2.jpeg",1024,1018,false],"landscape":["https:\/\/goias.gov.br\/policiacivil\/wp-content\/uploads\/sites\/71\/2023\/05\/prisao-efetuada-2.jpeg",1024,1018,false],"portraits":["https:\/\/goias.gov.br\/policiacivil\/wp-content\/uploads\/sites\/71\/2023\/05\/prisao-efetuada-2.jpeg",1024,1018,false],"thumbnail":["https:\/\/goias.gov.br\/policiacivil\/wp-content\/uploads\/sites\/71\/2023\/05\/prisao-efetuada-2-300x300.jpeg",150,150,true],"medium":["https:\/\/goias.gov.br\/policiacivil\/wp-content\/uploads\/sites\/71\/2023\/05\/prisao-efetuada-2-500x497.jpeg",300,298,true],"large":["https:\/\/goias.gov.br\/policiacivil\/wp-content\/uploads\/sites\/71\/2023\/05\/prisao-efetuada-2.jpeg",1024,1018,false],"1536x1536":["https:\/\/goias.gov.br\/policiacivil\/wp-content\/uploads\/sites\/71\/2023\/05\/prisao-efetuada-2.jpeg",1024,1018,false],"2048x2048":["https:\/\/goias.gov.br\/policiacivil\/wp-content\/uploads\/sites\/71\/2023\/05\/prisao-efetuada-2.jpeg",1024,1018,false]},"rttpg_author":{"display_name":"celsoassis","author_link":"https:\/\/goias.gov.br\/policiacivil\/author\/celsoassis\/"},"rttpg_comment":0,"rttpg_category":"<a href=\"https:\/\/goias.gov.br\/policiacivil\/categoria\/drp\/8a-regional\/\" rel=\"category tag\">8\u00aa Regional<\/a> <a href=\"https:\/\/goias.gov.br\/policiacivil\/categoria\/delegacias\/\" rel=\"category tag\">Delegacias<\/a> <a href=\"https:\/\/goias.gov.br\/policiacivil\/categoria\/delegacias\/regionais\/\" rel=\"category tag\">Regionais<\/a> <a href=\"https:\/\/goias.gov.br\/policiacivil\/categoria\/ultimo-segundo\/\" rel=\"category tag\">\u00daltimo Segundo<\/a>","rttpg_excerpt":"Nessa quinta-feira (30), o Grupo de Investiga\u00e7\u00e3o de Homic\u00eddios (GIH) de Rio Verde cumpriu mandado de pris\u00e3o em desfavor do acusado de um homic\u00eddio praticado no centro da cidade de Gurupi (TO), no \u00faltimo dia 16 de outubro. Ap\u00f3s troca de informa\u00e7\u00e3o do GIH de Rio Verde com a Delegacia de Homic\u00eddio de Gurupi, os&hellip;","_links":{"self":[{"href":"https:\/\/goias.gov.br\/policiacivil\/wp-json\/wp\/v2\/posts\/124364","targetHints":{"allow":["GET"]}}],"collection":[{"href":"https:\/\/goias.gov.br\/policiacivil\/wp-json\/wp\/v2\/posts"}],"about":[{"href":"https:\/\/goias.gov.br\/policiacivil\/wp-json\/wp\/v2\/types\/post"}],"author":[{"embeddable":true,"href":"https:\/\/goias.gov.br\/policiacivil\/wp-json\/wp\/v2\/users\/34"}],"replies":[{"embeddable":true,"href":"https:\/\/goias.gov.br\/policiacivil\/wp-json\/wp\/v2\/comments?post=124364"}],"version-history":[{"count":1,"href":"https:\/\/goias.gov.br\/policiacivil\/wp-json\/wp\/v2\/posts\/124364\/revisions"}],"predecessor-version":[{"id":124366,"href":"https:\/\/goias.gov.br\/policiacivil\/wp-json\/wp\/v2\/posts\/124364\/revisions\/124366"}],"wp:featuredmedia":[{"embeddable":true,"href":"https:\/\/goias.gov.br\/policiacivil\/wp-json\/wp\/v2\/media\/116524"}],"wp:attachment":[{"href":"https:\/\/goias.gov.br\/policiacivil\/wp-json\/wp\/v2\/media?parent=124364"}],"wp:term":[{"taxonomy":"category","embeddable":true,"href":"https:\/\/goias.gov.br\/policiacivil\/wp-json\/wp\/v2\/categories?post=124364"},{"taxonomy":"post_tag","embeddable":true,"href":"https:\/\/goias.gov.br\/policiacivil\/wp-json\/wp\/v2\/tags?post=124364"}],"curies":[{"name":"wp","href":"https:\/\/api.w.org\/{rel}","templated":true}]}}