

{"id":124105,"date":"2023-11-25T13:21:53","date_gmt":"2023-11-25T16:21:53","guid":{"rendered":" https:\/\/goias.gov.br\/policiacivil\/?p=124105"},"modified":"2023-11-25T13:21:53","modified_gmt":"2023-11-25T16:21:53","slug":"pc-prende-cinco-por-associacao-criminosa-em-porangatu","status":"publish","type":"post","link":"https:\/\/goias.gov.br\/policiacivil\/pc-prende-cinco-por-associacao-criminosa-em-porangatu\/","title":{"rendered":"PC prende cinco por associa\u00e7\u00e3o criminosa em Porangatu"},"content":{"rendered":"<p style=\"text-align: justify;\">Na noite de ontem (25), a Delegacia de Pol\u00edcia Civil de Porangatu efetuou a pris\u00e3o de quatro homens e uma mulher por integrarem associa\u00e7\u00e3o criminosa por pr\u00e1tica de v\u00e1rios crimes, dentre os quais furto, recepta\u00e7\u00e3o e tr\u00e1fico de drogas. Os indiv\u00edduos foram conduzidos \u00e0 Delegacia de Pol\u00edcia e respectivamente recolhidos na Unidade Prisional local, onde permanecer\u00e3o \u00e0 disposi\u00e7\u00e3o do Poder Judici\u00e1rio.<\/p>\n","protected":false},"excerpt":{"rendered":"<p>Na noite de ontem (25), a Delegacia de Pol\u00edcia Civil de Porangatu efetuou a pris\u00e3o de quatro homens e uma mulher por integrarem associa\u00e7\u00e3o criminosa por pr\u00e1tica de v\u00e1rios crimes, dentre os quais furto, recepta\u00e7\u00e3o e tr\u00e1fico de drogas. Os indiv\u00edduos foram conduzidos \u00e0 Delegacia de Pol\u00edcia e respectivamente recolhidos na Unidade Prisional local, onde [&hellip;]<\/p>\n","protected":false},"author":34,"featured_media":124106,"comment_status":"closed","ping_status":"closed","sticky":false,"template":"","format":"standard","meta":{"footnotes":""},"categories":[3199,2538,89,537],"tags":[38],"class_list":["post-124105","post","type-post","status-publish","format-standard","has-post-thumbnail","hentry","category-12a-regional","category-delegacias","category-regionais","category-ultimo-segundo","tag-porangatu"],"rttpg_featured_image_url":{"full":["https:\/\/goias.gov.br\/policiacivil\/wp-content\/uploads\/sites\/71\/2023\/11\/whatsapp-image-2023-11-25-at-10.16.25.jpeg",1200,900,false],"landscape":["https:\/\/goias.gov.br\/policiacivil\/wp-content\/uploads\/sites\/71\/2023\/11\/whatsapp-image-2023-11-25-at-10.16.25.jpeg",1200,900,false],"portraits":["https:\/\/goias.gov.br\/policiacivil\/wp-content\/uploads\/sites\/71\/2023\/11\/whatsapp-image-2023-11-25-at-10.16.25.jpeg",1200,900,false],"thumbnail":["https:\/\/goias.gov.br\/policiacivil\/wp-content\/uploads\/sites\/71\/2023\/11\/whatsapp-image-2023-11-25-at-10.16.25-300x300.jpeg",150,150,true],"medium":["https:\/\/goias.gov.br\/policiacivil\/wp-content\/uploads\/sites\/71\/2023\/11\/whatsapp-image-2023-11-25-at-10.16.25.jpeg",300,225,false],"large":["https:\/\/goias.gov.br\/policiacivil\/wp-content\/uploads\/sites\/71\/2023\/11\/whatsapp-image-2023-11-25-at-10.16.25.jpeg",1024,768,false],"1536x1536":["https:\/\/goias.gov.br\/policiacivil\/wp-content\/uploads\/sites\/71\/2023\/11\/whatsapp-image-2023-11-25-at-10.16.25.jpeg",1200,900,false],"2048x2048":["https:\/\/goias.gov.br\/policiacivil\/wp-content\/uploads\/sites\/71\/2023\/11\/whatsapp-image-2023-11-25-at-10.16.25.jpeg",1200,900,false]},"rttpg_author":{"display_name":"celsoassis","author_link":"https:\/\/goias.gov.br\/policiacivil\/author\/celsoassis\/"},"rttpg_comment":0,"rttpg_category":"<a href=\"https:\/\/goias.gov.br\/policiacivil\/categoria\/drp\/12a-regional\/\" rel=\"category tag\">12\u00aa Regional<\/a> <a href=\"https:\/\/goias.gov.br\/policiacivil\/categoria\/delegacias\/\" rel=\"category tag\">Delegacias<\/a> <a href=\"https:\/\/goias.gov.br\/policiacivil\/categoria\/delegacias\/regionais\/\" rel=\"category tag\">Regionais<\/a> <a href=\"https:\/\/goias.gov.br\/policiacivil\/categoria\/ultimo-segundo\/\" rel=\"category tag\">\u00daltimo Segundo<\/a>","rttpg_excerpt":"Na noite de ontem (25), a Delegacia de Pol\u00edcia Civil de Porangatu efetuou a pris\u00e3o de quatro homens e uma mulher por integrarem associa\u00e7\u00e3o criminosa por pr\u00e1tica de v\u00e1rios crimes, dentre os quais furto, recepta\u00e7\u00e3o e tr\u00e1fico de drogas. Os indiv\u00edduos foram conduzidos \u00e0 Delegacia de Pol\u00edcia e respectivamente recolhidos na Unidade Prisional local, onde&hellip;","_links":{"self":[{"href":"https:\/\/goias.gov.br\/policiacivil\/wp-json\/wp\/v2\/posts\/124105","targetHints":{"allow":["GET"]}}],"collection":[{"href":"https:\/\/goias.gov.br\/policiacivil\/wp-json\/wp\/v2\/posts"}],"about":[{"href":"https:\/\/goias.gov.br\/policiacivil\/wp-json\/wp\/v2\/types\/post"}],"author":[{"embeddable":true,"href":"https:\/\/goias.gov.br\/policiacivil\/wp-json\/wp\/v2\/users\/34"}],"replies":[{"embeddable":true,"href":"https:\/\/goias.gov.br\/policiacivil\/wp-json\/wp\/v2\/comments?post=124105"}],"version-history":[{"count":1,"href":"https:\/\/goias.gov.br\/policiacivil\/wp-json\/wp\/v2\/posts\/124105\/revisions"}],"predecessor-version":[{"id":124107,"href":"https:\/\/goias.gov.br\/policiacivil\/wp-json\/wp\/v2\/posts\/124105\/revisions\/124107"}],"wp:featuredmedia":[{"embeddable":true,"href":"https:\/\/goias.gov.br\/policiacivil\/wp-json\/wp\/v2\/media\/124106"}],"wp:attachment":[{"href":"https:\/\/goias.gov.br\/policiacivil\/wp-json\/wp\/v2\/media?parent=124105"}],"wp:term":[{"taxonomy":"category","embeddable":true,"href":"https:\/\/goias.gov.br\/policiacivil\/wp-json\/wp\/v2\/categories?post=124105"},{"taxonomy":"post_tag","embeddable":true,"href":"https:\/\/goias.gov.br\/policiacivil\/wp-json\/wp\/v2\/tags?post=124105"}],"curies":[{"name":"wp","href":"https:\/\/api.w.org\/{rel}","templated":true}]}}